{"id":273143,"date":"2025-07-25T16:08:16","date_gmt":"2025-07-25T16:08:16","guid":{"rendered":"https:\/\/www.europesays.com\/fr\/273143\/"},"modified":"2025-07-25T16:08:16","modified_gmt":"2025-07-25T16:08:16","slug":"quel-temps-va-t-il-faire-a-nantes-ce-week-end","status":"publish","type":"post","link":"https:\/\/www.europesays.com\/fr\/273143\/","title":{"rendered":"quel temps va-t-il faire \u00e0 Nantes ce week-end\u00a0?"},"content":{"rendered":"<p>            Par<br \/>\n        <strong><br \/>\n            <a href=\"https:\/\/actu.fr\/auteur\/redaction-nantes\" title=\"Consulter tous les articles de R\u00e9daction Nantes\" rel=\"nofollow noopener\" target=\"_blank\">R\u00e9daction Nantes<\/a><br \/>\n        <\/strong><\/p>\n<p>        Publi\u00e9 le<\/p>\n<p>            25 juil. 2025 \u00e0 17h32        <\/p>\n<p>Plus d\u2019<a href=\"https:\/\/actu.fr\/meteo\/orages-en-loire-atlantique-meteo-france-place-a-nouveau-le-departement-en-vigilance_62940229.html\" rel=\"nofollow noopener\" target=\"_blank\">orage<\/a>, de vent violent <a href=\"https:\/\/actu.fr\/pays-de-la-loire\/nantes_44109\/nuages-pluie-orages-meteo-a-nantes-quelles-sont-les-previsions-pour-cette-semaine_62937999.html\" rel=\"nofollow noopener\" target=\"_blank\">ou de pluie<\/a>\u2009: le week-end du samedi 26 et du dimanche 27 juillet 2025 se placera sous le signe de la douceur \u00e0 Nantes. Vendredi dans la nuit, les nuages vont se lever pour laisser place, <strong>samedi matin<\/strong>, \u00e0 <strong>un temps largement ensoleill\u00e9<\/strong>, selon <a href=\"https:\/\/meteofrance.com\/previsions-meteo-france\/nantes\/44000\" rel=\"nofollow noopener\" target=\"_blank\">M\u00e9t\u00e9o France<\/a>.<\/p>\n<p>Des \u00e9claircies qu\u2019il ne faudra pas louper<\/p>\n<p class=\" wall-content\">Dans la matin\u00e9e, <strong>un petit vent<\/strong> d\u2019Ouest, qui restera faible, viendra rafra\u00eechir votre front lors de votre running. La temp\u00e9rature passera de 15 degr\u00e9s vers 8 h, \u00e0 24 degr\u00e9s vers 14 h. Mais le ciel deviendra <strong>tr\u00e8s nuageux voire couvert d\u00e8s le d\u00e9but de l\u2019apr\u00e8s-midi<\/strong>. Un temps plus propice \u00e0 la lecture ou aux activit\u00e9s d\u2019int\u00e9rieur.<\/p>\n<p class=\" wall-content\">Selon <a href=\"https:\/\/www.meteo-nantes.net\/meteo-8-jours\/nantes-44000\" rel=\"nofollow noopener\" target=\"_blank\">M\u00e9t\u00e9o Nantes<\/a>, <strong>les nuages pourraient se lever<\/strong> dans l\u2019apr\u00e8s-midi et laisser place au soleil, qui d\u00e9cid\u00e9ment jouera \u00e0 cache-cache. Un temps changeant qui ne devrait pas alt\u00e9rer la motivation des Nantais, qui pourront profiter d\u2019une myriade d\u2019activit\u00e9s estivales organis\u00e9es un peu partout.<\/p>\n<p class=\" wall-content\">Dimanche sera aussi ponctu\u00e9 de nombreux passages nuageux \u00ab\u2009sans cons\u00e9quences\u2009\u00bb selon M\u00e9t\u00e9o France, avec une temp\u00e9rature minimale de 14 degr\u00e9s et des maximales se situant autour de 23 degr\u00e9s. Le vent de Nord-Ouest sera assez faible. Il faudra, l\u00e0 encore, profiter des quelques \u00e9claircies pour essayer de bronzer\u2009!<\/p>\n<p class=\" wall-content\">Suivez toute l\u2019actualit\u00e9 de vos villes et m\u00e9dias favoris en vous inscrivant \u00e0 <a href=\"https:\/\/moncompte.actu.fr\" title=\"D\u00e9couvez Mon Actu\" rel=\"nofollow noopener\" data-trk=\"{&quot;cta&quot;:{&quot;action&quot;:&quot;https:\\\/\\\/moncompte.actu.fr&quot;,&quot;category&quot;:&quot;mon compte&quot;,&quot;from&quot;:&quot;article footer&quot;,&quot;name&quot;:&quot;Mon actu&quot;,&quot;type&quot;:&quot;cta&quot;}}\" target=\"_blank\">Mon Actu<\/a>.<\/p>\n","protected":false},"excerpt":{"rendered":"Par R\u00e9daction Nantes Publi\u00e9 le 25 juil. 2025 \u00e0 17h32 Plus d\u2019orage, de vent violent ou de pluie\u2009:&hellip;\n","protected":false},"author":2,"featured_media":273144,"comment_status":"","ping_status":"","sticky":false,"template":"","format":"standard","meta":{"footnotes":""},"categories":[2818],"tags":[1111,11,1777,674,1011,27,2487,2357,766,12,2636,25],"class_list":{"0":"post-273143","1":"post","2":"type-post","3":"status-publish","4":"format-standard","5":"has-post-thumbnail","7":"category-nantes","8":"tag-actu","9":"tag-actualites","10":"tag-eu","11":"tag-europe","12":"tag-fr","13":"tag-france","14":"tag-meteo","15":"tag-meteo-france","16":"tag-nantes","17":"tag-news","18":"tag-pays-de-la-loire","19":"tag-republique-francaise"},"share_on_mastodon":{"url":"https:\/\/pubeurope.com\/@fr\/114914741788807539","error":""},"_links":{"self":[{"href":"https:\/\/www.europesays.com\/fr\/wp-json\/wp\/v2\/posts\/273143","targetHints":{"allow":["GET"]}}],"collection":[{"href":"https:\/\/www.europesays.com\/fr\/wp-json\/wp\/v2\/posts"}],"about":[{"href":"https:\/\/www.europesays.com\/fr\/wp-json\/wp\/v2\/types\/post"}],"author":[{"embeddable":true,"href":"https:\/\/www.europesays.com\/fr\/wp-json\/wp\/v2\/users\/2"}],"replies":[{"embeddable":true,"href":"https:\/\/www.europesays.com\/fr\/wp-json\/wp\/v2\/comments?post=273143"}],"version-history":[{"count":0,"href":"https:\/\/www.europesays.com\/fr\/wp-json\/wp\/v2\/posts\/273143\/revisions"}],"wp:featuredmedia":[{"embeddable":true,"href":"https:\/\/www.europesays.com\/fr\/wp-json\/wp\/v2\/media\/273144"}],"wp:attachment":[{"href":"https:\/\/www.europesays.com\/fr\/wp-json\/wp\/v2\/media?parent=273143"}],"wp:term":[{"taxonomy":"category","embeddable":true,"href":"https:\/\/www.europesays.com\/fr\/wp-json\/wp\/v2\/categories?post=273143"},{"taxonomy":"post_tag","embeddable":true,"href":"https:\/\/www.europesays.com\/fr\/wp-json\/wp\/v2\/tags?post=273143"}],"curies":[{"name":"wp","href":"https:\/\/api.w.org\/{rel}","templated":true}]}}