{"id":273149,"date":"2025-07-25T16:11:10","date_gmt":"2025-07-25T16:11:10","guid":{"rendered":"https:\/\/www.europesays.com\/fr\/273149\/"},"modified":"2025-07-25T16:11:10","modified_gmt":"2025-07-25T16:11:10","slug":"quelle-equipe-type-pour-bordeaux-la-saison-prochaine","status":"publish","type":"post","link":"https:\/\/www.europesays.com\/fr\/273149\/","title":{"rendered":"quelle \u00e9quipe type pour Bordeaux la saison prochaine\u00a0?"},"content":{"rendered":"<p>            Par<br \/>\n        <strong><br \/>\n            <a href=\"https:\/\/actu.fr\/auteur\/anthony-assemat\" title=\"Consulter tous les articles de Anthony Assemat\" target=\"_blank\" rel=\"noopener\">Anthony Assemat<\/a><br \/>\n        <\/strong><\/p>\n<p>        Publi\u00e9 le<\/p>\n<p>            25 juil. 2025 \u00e0 18h09        <\/p>\n<p>Finaliste du Top 14 face \u00e0 Toulouse (d\u00e9faite 39-33 apr\u00e8s prolongations) et vainqueur de la Coupe des Champions face \u00e0 Northampton (28-20), l\u2019UBB ira-t-elle encore plus haut en r\u00e9alisant le doubl\u00e9 ? Voici l\u2019\u00e9quipe type de Bordeaux.<\/p>\n<p>Les arriv\u00e9es : Un 8 d\u2019envergure et le retour de Woki<\/p>\n<p class=\" wall-content\">L\u2019UBB a r\u00e9alis\u00e9 une saison encore plus dense gr\u00e2ce \u00e0 un effectif pl\u00e9thorique \u00e0 tous les postes. Mais l\u2019intersaison a vu quelques joueurs majeurs quitter la Gironde, notamment devant. Comment remplacer l\u2019immense Guido Petti, les deux num\u00e9ros 8 surpuissants Tevita Tatafu et Pete Samu ainsi que les huit saisons au club de Mahamadou Diaby ? Yannick Bru et son staff ont jet\u00e9 leur d\u00e9volu sur le colosse sud-africain de Sale, <strong>Jean-Luc du Preez,<\/strong> qui faisait jusqu\u2019\u00e0 pr\u00e9sent le bonheur des Anglais de Sale.<\/p>\n<p class=\" wall-content\">La valeur montante de l\u2019effectif Marko Gazzotti est une solution et les Bordelais pourront compter sur le grand retour \u00e0 la maison de<strong> Cameron Woki,<\/strong> qui peut jouer aussi bien dans la cage, que du 6 au 8.<\/p>\n<p class=\" wall-content\">On suivra avec attention la concurrence au talon entre Maxime Lamothe et <strong>Ga\u00ebtan Barlot<\/strong>. Ce dernier, qui arrive de Castres, \u00e9tait le capitaine de l\u2019\u00e9quipe de France contre l\u2019Angleterre et une fois contre la Nouvelle-Z\u00e9lande cet \u00e9t\u00e9. Avec les talonneurs N\u00b04 et 5 (ou N\u00b0 3 et 4 selon dans quelle place on situe le Rochelais Bourgarit) des Bleus, l\u2019UBB s\u2019avance arm\u00e9.<\/p>\n<p class=\" wall-content\">Derri\u00e8re, on esp\u00e8re que l\u2019international U20 <strong>Xan Mousqu\u00e8s<\/strong> aura sa chance et plus de r\u00e9ussite qu\u2019un Enzo Reybier, pr\u00eat\u00e9 \u00e0 Oyonnax (Pro D2) pour se relancer.<\/p>\n<p class=\" wall-content\"><strong>Les arriv\u00e9es :\u00a0<\/strong><\/p>\n<p class=\" wall-content\"><strong>-Jean-Luc Du Preez<\/strong> (3e ligne, Sale)<br \/><strong>\u2013 Cameron Woki<\/strong> (2e ou 3e ligne, Racing 92)<br \/><strong>\u2013 Ga\u00ebtan Barlot<\/strong> (talonneur, Castres)<br \/><strong>\u2013 Boris Palu<\/strong> (2e ligne, Racing 92)<br \/><strong>\u2013 Louis Mary<\/strong> (pilier, Dax)<br \/><strong>\u2013 Martin Page-Relo<\/strong> (demi de m\u00eal\u00e9e, Lyon)<br \/><strong>\u2013 Xan Mousqu\u00e8s<\/strong> (ailier, Bayonne)<br \/><strong>\u2013 Salesi Rayasi<\/strong> (ailier, Vannes)<\/p>\n<p>Les d\u00e9parts : l\u2019indispensable Petti part en Angleterre<\/p>\n<p class=\" wall-content\">Outre sa pr\u00e9sence tr\u00e8s r\u00e9guli\u00e8re toute la saison (29 apparitions dont la moiti\u00e9 en jouant les 80 minutes),<strong> Guido Petti<\/strong> s\u2019\u00e9tait rendu indispensable dans le secteur de la touche et son abattage va manquer au pack girondin. Yannick Bru ne s\u2019y est pas tromp\u00e9 <a href=\"https:\/\/actu.fr\/nouvelle-aquitaine\/bordeaux_33063\/ce-sont-2-grands-messieurs-yannick-bru-rend-un-vibrant-hommage-a-2-joueurs-qui-quittent-bordeaux_62852074.html\" target=\"_blank\" rel=\"noopener\">en lui rendant un vibrant hommage apr\u00e8s la finale<\/a>.<\/p>\n<p class=\" wall-content\">De plus, le d\u00e9part du cadre <strong>Mahamadou Diaby<\/strong> (34 ans, 177 matchs disput\u00e9s sous le maillot bordelais de 2017 \u00e0 2025) ne s\u2019est pas d\u00e9roul\u00e9 dans la s\u00e9r\u00e9nit\u00e9<\/p>\n<p class=\" wall-content\"><a href=\"https:\/\/www.instagram.com\/p\/DLiJUXKiRVn\/embed\" title=\"Ouvrir le lien sur Instagram\" target=\"_blank\" rel=\"noopener\">Visualiser le contenu sur Instagram<\/a><\/p>\n<p class=\" wall-content\">Le vide en num\u00e9ro 8 (d\u00e9parts de Samu et Tatafu) sera en grande partie combl\u00e9 par Jean-Luc du Preez (14 s\u00e9lections chez les Springboks). Derri\u00e8re,<a href=\"https:\/\/actu.fr\/nouvelle-aquitaine\/bordeaux_33063\/son-retour-son-avenir-et-son-cote-deconneur-les-confessions-de-nans-ducuing-bordeaux_62133797.html\" target=\"_blank\" rel=\"noopener\"> l\u2019arri\u00e8re boute-en-train<\/a> <strong>Nans Ducuing<\/strong> arr\u00eate sa carri\u00e8re et l\u2019UBB a laiss\u00e9 filer le centre Ben Tapuai (36 ans) et le demi de m\u00eal\u00e9e Yann Lesgourgues, qui rendra de fiers services au Biarritz Olympique.<\/p>\n<p class=\" wall-content\"><strong>Les d\u00e9parts :\u00a0<\/strong><\/p>\n<p class=\" wall-content\"><strong>-Pete Samu<\/strong> (3e ligne, Waratahs)<br \/><strong>\u2013 Tevita Tatafu<\/strong> (3e ligne, Tokyo Sungoliath)<br \/><strong>\u2013 Mahamadou Diaby<\/strong> (Perpignan)<br \/><strong>\u2013 Guido Petti<\/strong> (Harlequins)<br \/><strong>\u2013 Toma\u2019Akino Taufa<\/strong> (pilier)<br \/><strong>\u2013 Romain Latterrade<\/strong> (talonneur, Aix-en-Provence)<br \/><strong>\u2013 Zaccharie Affane<\/strong> (pilier, Brive en pr\u00eat)<br \/><strong>\u2013 Yann Lesgourgues<\/strong> (demi de m\u00eal\u00e9e, Biarritz)<br \/><strong>\u2013 Mat\u00e9o Garcia<\/strong> (demi d\u2019ouverture, Toulon)<br \/><strong>\u2013 Ben Tapuai<\/strong> (centre, Brive)<br \/><strong>\u2013 Enzo Reybier<\/strong> (ailier, Oyonnax en pr\u00eat)<br \/><strong>\u2013 Nans Ducuing<\/strong> (arri\u00e8re, retraite)<\/p>\n<p>L\u2019objectif : et maintenant le doubl\u00e9 ?<\/p>\n<p class=\" wall-content\">En rugby, r\u00e9aliser le doubl\u00e9 Top 14-Coupe d\u2019Europe est un v\u00e9ritable Everest, un exploit qui n\u2019a \u00e9t\u00e9 r\u00e9ussi que par des \u00e9quipes arm\u00e9es. Le Stade Toulousain l\u2019a r\u00e9alis\u00e9 en 2021 et 2024 sur la p\u00e9riode r\u00e9cente et l\u2019UBB l\u2019a touch\u00e9 du bout des doigts <a href=\"https:\/\/actu.fr\/nouvelle-aquitaine\/bordeaux_33063\/quand-on-voit-le-travail-abattu-une-defaite-en-finale-plus-dure-a-digerer-pour-bordeaux-que-le-59-3_62845633.html\" target=\"_blank\" rel=\"noopener\">avant de voir cette ambition doucement s\u2019\u00e9loigner au cours des prolongations dyonisiennes<\/a>.<\/p>\n<p class=\" wall-content\">Le doubl\u00e9, c\u2019est l\u2019\u00e9tape suppl\u00e9mentaire vis\u00e9e par Yannick Bru apr\u00e8s avoir bris\u00e9 la mal\u00e9diction de l\u2019armoire \u00e0 troph\u00e9es vide. Apr\u00e8s le quart de finale perdu contre les Harlequins et l\u2019enfer de la finale marseillaise, Bordeaux s\u2019est remis en question et le travail a naturellement port\u00e9 ses fruits. Les cadres (<a href=\"https:\/\/actu.fr\/nouvelle-aquitaine\/bordeaux_33063\/finale-top-14-ce-moment-ou-maxime-lucu-a-montre-qu-il-etait-bien-le-patron-de-bordeaux_62841751.html\" target=\"_blank\" rel=\"noopener\">la charni\u00e8re Lucu-Jalibert<\/a>, Moefana, Penaud, Bielle-Biarrey\u2026) sont \u00e0 leur sommet m\u00eame si des questions ne manqueront pas d\u2019arriver, notamment sur la rel\u00e8ve de <a href=\"https:\/\/actu.fr\/sports\/rugby\/pro\/video-ben-tameifuna-au-soutien-des-bleus-en-nouvelle-zelande_62933166.html\" target=\"_blank\" rel=\"noopener\">\u00ab\u00a0Big Ben\u00a0\u00bb Tameifuna<\/a> \u00e0 droite de la m\u00eal\u00e9e\u2026<\/p>\n<p>L\u2019\u00e9quipe type de Bordeaux<\/p>\n<p class=\" wall-content\">Les grands \u00e9quilibres ne seront pas chamboul\u00e9s \u00e0 Bordeaux, sauf dans le huit de devant. Au moins dans un premier temps, on voit Maxime Lamothe garder son avance sur Ga\u00ebtan Barlot au talonnage.<\/p>\n<p class=\" wall-content\">En 3e ligne, Pierre Bochaton et Bastien Vergnes-Taillefer, n\u00e9o-internationaux cet \u00e9t\u00e9 en Nouvelle-Z\u00e9lande, d\u00e9fendront un nouveau statut tandis qu\u2019il nous tarde de <strong>revoir tr\u00e8s vite la bombe Temo Matiu.<\/strong><\/p>\n<p class=\" wall-content\">Enfin, on regardera attentivement le retour de Louis Bielle-Biarrey, qui a fini la saison sur les rotules et <a href=\"https:\/\/actu.fr\/nouvelle-aquitaine\/bordeaux_33063\/pourquoi-louis-bielle-biarrey-n-a-dispute-qu-une-mi-temps-de-la-finale-toulouse-bordeaux_62841040.html\" target=\"_blank\" rel=\"noopener\">bless\u00e9 en finale<\/a>.\u00a0<\/p>\n<p class=\" wall-content\"><strong>Le XV type de l\u2019UBB :<\/strong> Buros ; Penaud, Depoort\u00e8re, Moefana, Bielle-Biarrey ; (o) Jalibert, (m) Lucu ; Vergnes-Taillefer (ou Woki) ; Du Preez ; Bochaton ; Cazeaux, Palu (ou Woki) ; Tameifuna, Lamothe, Poirot.<\/p>\n<p class=\" wall-content\">Suivez toute l\u2019actualit\u00e9 de vos villes et m\u00e9dias favoris en vous inscrivant \u00e0 <a href=\"https:\/\/moncompte.actu.fr\" title=\"D\u00e9couvez Mon Actu\" rel=\"nofollow noopener\" data-trk=\"{&quot;cta&quot;:{&quot;action&quot;:&quot;https:\\\/\\\/moncompte.actu.fr&quot;,&quot;category&quot;:&quot;mon compte&quot;,&quot;from&quot;:&quot;article footer&quot;,&quot;name&quot;:&quot;Mon actu&quot;,&quot;type&quot;:&quot;cta&quot;}}\" target=\"_blank\">Mon Actu<\/a>.<\/p>\n<p>                    <script async src=\"\/\/www.instagram.com\/embed.js\"><\/script><\/p>\n","protected":false},"excerpt":{"rendered":"Par Anthony Assemat Publi\u00e9 le 25 juil. 2025 \u00e0 18h09 Finaliste du Top 14 face \u00e0 Toulouse (d\u00e9faite&hellip;\n","protected":false},"author":2,"featured_media":273150,"comment_status":"","ping_status":"","sticky":false,"template":"","format":"standard","meta":{"footnotes":""},"categories":[2817],"tags":[1111,11,1997,1777,674,1011,27,12,2219,25,479,60,478,477],"class_list":{"0":"post-273149","1":"post","2":"type-post","3":"status-publish","4":"format-standard","5":"has-post-thumbnail","7":"category-bordeaux","8":"tag-actu","9":"tag-actualites","10":"tag-bordeaux","11":"tag-eu","12":"tag-europe","13":"tag-fr","14":"tag-france","15":"tag-news","16":"tag-nouvelle-aquitaine","17":"tag-republique-francaise","18":"tag-rugby","19":"tag-sports","20":"tag-top-14","21":"tag-transferts-rugby"},"share_on_mastodon":{"url":"https:\/\/pubeurope.com\/@fr\/114914753531959322","error":""},"_links":{"self":[{"href":"https:\/\/www.europesays.com\/fr\/wp-json\/wp\/v2\/posts\/273149","targetHints":{"allow":["GET"]}}],"collection":[{"href":"https:\/\/www.europesays.com\/fr\/wp-json\/wp\/v2\/posts"}],"about":[{"href":"https:\/\/www.europesays.com\/fr\/wp-json\/wp\/v2\/types\/post"}],"author":[{"embeddable":true,"href":"https:\/\/www.europesays.com\/fr\/wp-json\/wp\/v2\/users\/2"}],"replies":[{"embeddable":true,"href":"https:\/\/www.europesays.com\/fr\/wp-json\/wp\/v2\/comments?post=273149"}],"version-history":[{"count":0,"href":"https:\/\/www.europesays.com\/fr\/wp-json\/wp\/v2\/posts\/273149\/revisions"}],"wp:featuredmedia":[{"embeddable":true,"href":"https:\/\/www.europesays.com\/fr\/wp-json\/wp\/v2\/media\/273150"}],"wp:attachment":[{"href":"https:\/\/www.europesays.com\/fr\/wp-json\/wp\/v2\/media?parent=273149"}],"wp:term":[{"taxonomy":"category","embeddable":true,"href":"https:\/\/www.europesays.com\/fr\/wp-json\/wp\/v2\/categories?post=273149"},{"taxonomy":"post_tag","embeddable":true,"href":"https:\/\/www.europesays.com\/fr\/wp-json\/wp\/v2\/tags?post=273149"}],"curies":[{"name":"wp","href":"https:\/\/api.w.org\/{rel}","templated":true}]}}