{"id":273162,"date":"2025-07-25T16:18:12","date_gmt":"2025-07-25T16:18:12","guid":{"rendered":"https:\/\/www.europesays.com\/fr\/273162\/"},"modified":"2025-07-25T16:18:12","modified_gmt":"2025-07-25T16:18:12","slug":"lyon-intervention-des-pompiers-en-cours-dans-ce-quartier-ce-quil-se-passe","status":"publish","type":"post","link":"https:\/\/www.europesays.com\/fr\/273162\/","title":{"rendered":"Lyon. Intervention des pompiers en cours dans ce quartier, ce qu&rsquo;il se passe"},"content":{"rendered":"<p>            Par<br \/>\n        <strong><br \/>\n            <a href=\"https:\/\/actu.fr\/auteur\/theo-zuili\" title=\"Consulter tous les articles de Th\u00e9o Zuili\" rel=\"nofollow noopener\" target=\"_blank\">Th\u00e9o Zuili<\/a><br \/>\n        <\/strong><\/p>\n<p>        Publi\u00e9 le<\/p>\n<p>            25 juil. 2025 \u00e0 18h02        <\/p>\n<p><strong>INFO ACTU LYON<\/strong>. Une <strong>canalisation souterraine<\/strong> du r\u00e9seau de distribution de gaz a \u00e9t\u00e9 perfor\u00e9e sur l\u2019avenue Lacassagne ce vendredi 25 juillet 2025 dans le 3e arrondissement de <a href=\"https:\/\/actu.fr\/auvergne-rhone-alpes\/lyon_69123\" rel=\"nofollow noopener\" target=\"_blank\">Lyon<\/a>. La voirie est coup\u00e9e \u00e0 la circulation pour tous les usagers sur une centaine de m\u00e8tres pour des raisons de s\u00e9curit\u00e9.<\/p>\n<p>    <a href=\"https:\/\/www.google.com\/maps\/embed?pb=!1m18!1m12!1m3!1d8906.744900889003!2d4.874086395215523!3d45.747829778243535!2m3!1f0!2f0!3f0!3m2!1i1024!2i768!4f13.1!3m3!1m2!1s0x47f4c1c4a1b0976f%3A0xd78ab0b716f14d36!2s165%20Av.%20Lacassagne%2C%2069003%20Lyon!5e1!3m2!1sfr!2sfr!4v1753458596463!5m2!1sfr!2sfr\" title=\"Ouvrie le lien\" rel=\"nofollow noopener\" target=\"_blank\">Cliquez ici pour visualiser le contenu<\/a><\/p>\n<p class=\" wall-content\">Pr\u00e9venus vers 16h45 selon nos informations, les sapeurs-pompiers du Rh\u00f4ne et de la m\u00e9tropole de Lyon interviennent en urgence.<\/p>\n<p>Une importante fuite de gaz<\/p>\n<p class=\" wall-content\">La conduite de gaz alimentant le quartier a \u00e9t\u00e9 <strong>endommag\u00e9e par accident<\/strong> dans le cadre d\u2019un chantier sur le r\u00e9seau EDF, selon nos informations. Vingt-six sapeurs-pompiers sont encore sur place \u00e0 17h40 ce vendredi pour ma\u00eetriser la rupture. Neuf engins ont \u00e9t\u00e9 d\u00e9ploy\u00e9s et la police est \u00e9galement pr\u00e9sente.<\/p>\n<p>    <img   decoding=\"async\" loading=\"lazy\" src=\"https:\/\/www.europesays.com\/fr\/wp-content\/uploads\/2025\/07\/fuite-de-gaz-lyon-960x640.jpeg\" alt=\"Les pompiers sont en nombre sur place.\" width=\"960\" height=\"640\"\/><br \/>\n    Les pompiers sont en nombre sur place. (\u00a9Th\u00e9ophile Blondet \/ actu Lyon)<\/p>\n<p class=\" wall-content\">Le r\u00e9seau de gaz est coup\u00e9 \u00e0 l\u2019\u00e9chelle du quartier et les habitants voisins ont l\u2019ordre de rester confin\u00e9s \u00e0 domicile. L\u2019intervention devrait encore durer jusqu\u2019au d\u00e9but de soir\u00e9e au moins.<\/p>\n<p class=\" wall-content\">Suivez toute l\u2019actualit\u00e9 de vos villes et m\u00e9dias favoris en vous inscrivant \u00e0 <a href=\"https:\/\/moncompte.actu.fr\" title=\"D\u00e9couvez Mon Actu\" rel=\"nofollow noopener\" data-trk=\"{&quot;cta&quot;:{&quot;action&quot;:&quot;https:\\\/\\\/moncompte.actu.fr&quot;,&quot;category&quot;:&quot;mon compte&quot;,&quot;from&quot;:&quot;article footer&quot;,&quot;name&quot;:&quot;Mon actu&quot;,&quot;type&quot;:&quot;cta&quot;}}\" target=\"_blank\">Mon Actu<\/a>.<\/p>\n","protected":false},"excerpt":{"rendered":"Par Th\u00e9o Zuili Publi\u00e9 le 25 juil. 2025 \u00e0 18h02 INFO ACTU LYON. Une canalisation souterraine du r\u00e9seau&hellip;\n","protected":false},"author":2,"featured_media":273163,"comment_status":"","ping_status":"","sticky":false,"template":"","format":"standard","meta":{"footnotes":""},"categories":[1889],"tags":[119,1111,11,2430,1777,674,118,1011,27,2428,12,1311,25],"class_list":{"0":"post-273162","1":"post","2":"type-post","3":"status-publish","4":"format-standard","5":"has-post-thumbnail","7":"category-lyon","8":"tag-accident","9":"tag-actu","10":"tag-actualites","11":"tag-auvergne-rhone-alpes","12":"tag-eu","13":"tag-europe","14":"tag-faits-divers","15":"tag-fr","16":"tag-france","17":"tag-lyon","18":"tag-news","19":"tag-pompiers","20":"tag-republique-francaise"},"share_on_mastodon":{"url":"https:\/\/pubeurope.com\/@fr\/114914781043058946","error":""},"_links":{"self":[{"href":"https:\/\/www.europesays.com\/fr\/wp-json\/wp\/v2\/posts\/273162","targetHints":{"allow":["GET"]}}],"collection":[{"href":"https:\/\/www.europesays.com\/fr\/wp-json\/wp\/v2\/posts"}],"about":[{"href":"https:\/\/www.europesays.com\/fr\/wp-json\/wp\/v2\/types\/post"}],"author":[{"embeddable":true,"href":"https:\/\/www.europesays.com\/fr\/wp-json\/wp\/v2\/users\/2"}],"replies":[{"embeddable":true,"href":"https:\/\/www.europesays.com\/fr\/wp-json\/wp\/v2\/comments?post=273162"}],"version-history":[{"count":0,"href":"https:\/\/www.europesays.com\/fr\/wp-json\/wp\/v2\/posts\/273162\/revisions"}],"wp:featuredmedia":[{"embeddable":true,"href":"https:\/\/www.europesays.com\/fr\/wp-json\/wp\/v2\/media\/273163"}],"wp:attachment":[{"href":"https:\/\/www.europesays.com\/fr\/wp-json\/wp\/v2\/media?parent=273162"}],"wp:term":[{"taxonomy":"category","embeddable":true,"href":"https:\/\/www.europesays.com\/fr\/wp-json\/wp\/v2\/categories?post=273162"},{"taxonomy":"post_tag","embeddable":true,"href":"https:\/\/www.europesays.com\/fr\/wp-json\/wp\/v2\/tags?post=273162"}],"curies":[{"name":"wp","href":"https:\/\/api.w.org\/{rel}","templated":true}]}}