{"id":273164,"date":"2025-07-25T16:19:21","date_gmt":"2025-07-25T16:19:21","guid":{"rendered":"https:\/\/www.europesays.com\/fr\/273164\/"},"modified":"2025-07-25T16:19:21","modified_gmt":"2025-07-25T16:19:21","slug":"lyon-deprogramme-dun-grand-festival-lartiste-lyonnais-dj-fantasm-fait-il-lobjet-de-reelles-accusations-de-violences-sexuelles","status":"publish","type":"post","link":"https:\/\/www.europesays.com\/fr\/273164\/","title":{"rendered":"Lyon. D\u00e9programm\u00e9 d\u2019un grand festival, l\u2019artiste lyonnais DJ Fantasm fait-il l\u2019objet de r\u00e9elles accusations de violences sexuelles\u00a0?"},"content":{"rendered":"<p>Annonc\u00e9 au d\u00e9but du printemps, \u00e0 l\u2019affiche du Dour Festival en Belgique pour le 17\u00a0juillet, DJ Fantasm, de son vrai nom Kenzo M., artiste bas\u00e9 \u00e0 Lyon, a finalement \u00e9t\u00e9 d\u00e9programm\u00e9 le mardi 29\u00a0avril. La raison ? Des accusations de violences sexuelles relay\u00e9es sur les r\u00e9seaux sociaux.<\/p>\n<p>\u00ab\u00a0Vous \u00e9tiez nombreux\u00b7ses \u00e0 r\u00e9agir \u00e0 l\u2019annonce de l\u2019artiste Fantasm au line-up 2025 de Dour Festival. On vous a lu, et vos r\u00e9actions ont \u00e9t\u00e9 prises au s\u00e9rieux. Apr\u00e8s avoir pris le temps d\u2019\u00e9couter et de&#8230;<\/p>\n","protected":false},"excerpt":{"rendered":"Annonc\u00e9 au d\u00e9but du printemps, \u00e0 l\u2019affiche du Dour Festival en Belgique pour le 17\u00a0juillet, DJ Fantasm, de&hellip;\n","protected":false},"author":2,"featured_media":273165,"comment_status":"","ping_status":"","sticky":false,"template":"","format":"standard","meta":{"footnotes":""},"categories":[1889],"tags":[1111,11,2430,271,272,2757,1777,674,274,107,1011,27,2428,2756,12,25,2429],"class_list":{"0":"post-273164","1":"post","2":"type-post","3":"status-publish","4":"format-standard","5":"has-post-thumbnail","7":"category-lyon","8":"tag-actu","9":"tag-actualites","10":"tag-auvergne-rhone-alpes","11":"tag-crime","12":"tag-delit-et-contravention","13":"tag-edition-lyon-villeurbanne","14":"tag-eu","15":"tag-europe","16":"tag-faits-divers-justice","17":"tag-fil-info","18":"tag-fr","19":"tag-france","20":"tag-lyon","21":"tag-lyon-bassin","22":"tag-news","23":"tag-republique-francaise","24":"tag-rhone"},"share_on_mastodon":{"url":"https:\/\/pubeurope.com\/@fr\/114914784876713354","error":""},"_links":{"self":[{"href":"https:\/\/www.europesays.com\/fr\/wp-json\/wp\/v2\/posts\/273164","targetHints":{"allow":["GET"]}}],"collection":[{"href":"https:\/\/www.europesays.com\/fr\/wp-json\/wp\/v2\/posts"}],"about":[{"href":"https:\/\/www.europesays.com\/fr\/wp-json\/wp\/v2\/types\/post"}],"author":[{"embeddable":true,"href":"https:\/\/www.europesays.com\/fr\/wp-json\/wp\/v2\/users\/2"}],"replies":[{"embeddable":true,"href":"https:\/\/www.europesays.com\/fr\/wp-json\/wp\/v2\/comments?post=273164"}],"version-history":[{"count":0,"href":"https:\/\/www.europesays.com\/fr\/wp-json\/wp\/v2\/posts\/273164\/revisions"}],"wp:featuredmedia":[{"embeddable":true,"href":"https:\/\/www.europesays.com\/fr\/wp-json\/wp\/v2\/media\/273165"}],"wp:attachment":[{"href":"https:\/\/www.europesays.com\/fr\/wp-json\/wp\/v2\/media?parent=273164"}],"wp:term":[{"taxonomy":"category","embeddable":true,"href":"https:\/\/www.europesays.com\/fr\/wp-json\/wp\/v2\/categories?post=273164"},{"taxonomy":"post_tag","embeddable":true,"href":"https:\/\/www.europesays.com\/fr\/wp-json\/wp\/v2\/tags?post=273164"}],"curies":[{"name":"wp","href":"https:\/\/api.w.org\/{rel}","templated":true}]}}