{"id":273168,"date":"2025-07-25T16:22:11","date_gmt":"2025-07-25T16:22:11","guid":{"rendered":"https:\/\/www.europesays.com\/fr\/273168\/"},"modified":"2025-07-25T16:22:11","modified_gmt":"2025-07-25T16:22:11","slug":"un-controle-sanitaire-mene-a-la-fermeture-en-urgence-dune-boulangerie","status":"publish","type":"post","link":"https:\/\/www.europesays.com\/fr\/273168\/","title":{"rendered":"un contr\u00f4le sanitaire m\u00e8ne \u00e0 la fermeture en urgence d&rsquo;une boulangerie"},"content":{"rendered":"<p>            Par<br \/>\n        <strong><br \/>\n            <a href=\"https:\/\/actu.fr\/auteur\/redaction-paris\" title=\"Consulter tous les articles de R\u00e9daction Paris\" target=\"_blank\" rel=\"noopener\">R\u00e9daction Paris<\/a><br \/>\n        <\/strong><\/p>\n<p>        Publi\u00e9 le<\/p>\n<p>            25 juil. 2025 \u00e0 16h34        <\/p>\n<p>Pendant quelques jours, cette <a href=\"https:\/\/actu.fr\/ile-de-france\/noisy-le-sec_93053\/seine-saint-denis-dans-le-petrin-financier-une-boulangerie-attaque-en-justice-le-departement-et-la-ratp_62881250.html\" target=\"_blank\" rel=\"noopener\">boulangerie de Seine-Saint-Denis<\/a> ne vendra plus de pains ou de viennoiseries. Jeudi 17\u00a0juillet 2025, les services de la direction d\u00e9partementale de la protection des populations du d\u00e9partement (DDPP) ont effectu\u00e9 une visite dans un commerce afin de v\u00e9rifier qu\u2019il respectait bien les <strong>r\u00e8gles d\u2019hygi\u00e8ne<\/strong>. Malheureusement, les experts n\u2019ont pas \u00e9t\u00e9 convaincus et l\u2019\u00e9tablissement a \u00e9t\u00e9 contraint de fermer ses portes sur d\u00e9cision de la <a href=\"https:\/\/actu.fr\/tag\/prefecture-de-seine-saint-denis\" target=\"_blank\" rel=\"noopener\">pr\u00e9fecture<\/a>.<\/p>\n<p>Probl\u00e8mes de nettoyage et de stockage<\/p>\n<p class=\" wall-content\">L\u2019arr\u00eat\u00e9 pr\u00e9fectoral actant la d\u00e9cision d\u00e9taille les manquements relev\u00e9s dans la boulangerie La Boissi\u00e8re \u00e0 <a href=\"https:\/\/actu.fr\/ile-de-france\/noisy-le-sec_93053\" target=\"_blank\" rel=\"noopener\">Noisy-le-Sec<\/a>. Premier \u00e9l\u00e9ment qui a saut\u00e9 aux yeux des experts\u2009: l\u2019absence de lave-mains \u00ab\u2009\u00e0 commande hygi\u00e9nique\u2009\u00bb, de <strong>distributeurs de savon<\/strong> et d\u2019essuie-mains \u00ab\u2009\u00e0 usage unique\u2009\u00bb dans les toilettes du personnel. Dans le domaine de la propret\u00e9, le nettoyage et la d\u00e9sinfection des locaux et du mat\u00e9riel ont \u00e9t\u00e9 jug\u00e9s \u00ab\u2009insuffisants\u2009\u00bb. Les conditionnements ne sont \u00ab\u2009pas stock\u00e9s de mani\u00e8re hygi\u00e9nique\u2009\u00bb, tout comme les d\u00e9chets.<\/p>\n<p class=\" wall-content\">En ce qui concerne le stockage, des dysfonctionnements ont aussi \u00e9t\u00e9 observ\u00e9s\u2009: \u00ab\u2009denr\u00e9es pas stock\u00e9es \u00e0 des temp\u00e9ratures ad\u00e9quates\u2009\u00bb, des mati\u00e8res premi\u00e8res entam\u00e9es qui \u00ab\u2009n\u2019ont <strong>pas de date d\u2019entame<\/strong> ni de DLC secondaire\u2009\u00bb. Autre probl\u00e8me\u2009: \u00ab\u2009l\u2019origine des viandes et la liste des allerg\u00e8nes ne sont pas affich\u00e9es \u00e0 la vue des consommateurs\u2009\u00bb et il n\u2019y a pas \u00ab\u2009de proc\u00e9dure de rappel \/ retrait des denr\u00e9es en cas d\u2019alerte sanitaire.\u2009\u00bb<\/p>\n<p class=\" wall-content\">Dans leurs rapports, les experts de la DDPP ont estim\u00e9 que continuer d\u2019exploiter cet \u00e9tablissement \u00ab\u2009ferait courir un <strong>risque grave de sant\u00e9<\/strong> publique\u2009\u00bb. La pr\u00e9fecture a donc ordonn\u00e9 sa fermeture imm\u00e9diate. Il pourra rouvrir une fois que les modifications demand\u00e9es auront \u00e9t\u00e9 effectu\u00e9es.<\/p>\n<p class=\" wall-content\">Suivez toute l\u2019actualit\u00e9 de vos villes et m\u00e9dias favoris en vous inscrivant \u00e0 <a href=\"https:\/\/moncompte.actu.fr\" title=\"D\u00e9couvez Mon Actu\" rel=\"nofollow noopener\" data-trk=\"{&quot;cta&quot;:{&quot;action&quot;:&quot;https:\\\/\\\/moncompte.actu.fr&quot;,&quot;category&quot;:&quot;mon compte&quot;,&quot;from&quot;:&quot;article footer&quot;,&quot;name&quot;:&quot;Mon actu&quot;,&quot;type&quot;:&quot;cta&quot;}}\" target=\"_blank\">Mon Actu<\/a>.<\/p>\n","protected":false},"excerpt":{"rendered":"Par R\u00e9daction Paris Publi\u00e9 le 25 juil. 2025 \u00e0 16h34 Pendant quelques jours, cette boulangerie de Seine-Saint-Denis ne&hellip;\n","protected":false},"author":2,"featured_media":273169,"comment_status":"","ping_status":"","sticky":false,"template":"","format":"standard","meta":{"footnotes":""},"categories":[1888],"tags":[1111,1928,11,1927,215,1777,674,1011,27,12,1926,626,1925,7134,25,71,104],"class_list":{"0":"post-273168","1":"post","2":"type-post","3":"status-publish","4":"format-standard","5":"has-post-thumbnail","7":"category-paris","8":"tag-actu","9":"tag-actu-paris","10":"tag-actualites","11":"tag-actualites-paris","12":"tag-commerce","13":"tag-eu","14":"tag-europe","15":"tag-fr","16":"tag-france","17":"tag-news","18":"tag-news-paris","19":"tag-paris","20":"tag-paris-news","21":"tag-prefecture-de-seine-saint-denis","22":"tag-republique-francaise","23":"tag-sante","24":"tag-societe"},"share_on_mastodon":{"url":"https:\/\/pubeurope.com\/@fr\/114914796715975090","error":""},"_links":{"self":[{"href":"https:\/\/www.europesays.com\/fr\/wp-json\/wp\/v2\/posts\/273168","targetHints":{"allow":["GET"]}}],"collection":[{"href":"https:\/\/www.europesays.com\/fr\/wp-json\/wp\/v2\/posts"}],"about":[{"href":"https:\/\/www.europesays.com\/fr\/wp-json\/wp\/v2\/types\/post"}],"author":[{"embeddable":true,"href":"https:\/\/www.europesays.com\/fr\/wp-json\/wp\/v2\/users\/2"}],"replies":[{"embeddable":true,"href":"https:\/\/www.europesays.com\/fr\/wp-json\/wp\/v2\/comments?post=273168"}],"version-history":[{"count":0,"href":"https:\/\/www.europesays.com\/fr\/wp-json\/wp\/v2\/posts\/273168\/revisions"}],"wp:featuredmedia":[{"embeddable":true,"href":"https:\/\/www.europesays.com\/fr\/wp-json\/wp\/v2\/media\/273169"}],"wp:attachment":[{"href":"https:\/\/www.europesays.com\/fr\/wp-json\/wp\/v2\/media?parent=273168"}],"wp:term":[{"taxonomy":"category","embeddable":true,"href":"https:\/\/www.europesays.com\/fr\/wp-json\/wp\/v2\/categories?post=273168"},{"taxonomy":"post_tag","embeddable":true,"href":"https:\/\/www.europesays.com\/fr\/wp-json\/wp\/v2\/tags?post=273168"}],"curies":[{"name":"wp","href":"https:\/\/api.w.org\/{rel}","templated":true}]}}