{"id":273176,"date":"2025-07-25T16:26:19","date_gmt":"2025-07-25T16:26:19","guid":{"rendered":"https:\/\/www.europesays.com\/fr\/273176\/"},"modified":"2025-07-25T16:26:19","modified_gmt":"2025-07-25T16:26:19","slug":"comment-les-militants-anti-guerre-utilisent-les-tribunaux-pour-sopposer-a-la-guerre-de-la-russie-contre-lukraine-a-lencontre","status":"publish","type":"post","link":"https:\/\/www.europesays.com\/fr\/273176\/","title":{"rendered":"\u00abComment les militants anti-guerre utilisent les tribunaux pour s\u2019opposer \u00e0 la guerre de la Russie contre l\u2019Ukraine\u00bb \u2013 A l&rsquo;encontre"},"content":{"rendered":"<p><img fetchpriority=\"high\" decoding=\"async\" class=\" wp-image-81595\" src=\"https:\/\/www.europesays.com\/fr\/wp-content\/uploads\/2025\/07\/png-rozhkov.png\" alt=\"\" width=\"401\" height=\"438\"\/>Alexei Rozhkov lors de son proc\u00e8s.<\/p>\n<p><strong>Par Simon Pirani<\/strong><\/p>\n<p>Simon Pirani est historien, militant et chercheur dans le domaine de l\u2019\u00e9nergie. Il a beaucoup \u00e9crit sur la Russie et l\u2019Ukraine, notamment sur ce blog <a href=\"http:\/\/peoplenature.org\/\" rel=\"nofollow noopener\" target=\"_blank\">peoplenature.org<\/a>. Pirani a prononc\u00e9 le discours suivant, dans lequel il pr\u00e9sente son prochain livre, Voices against Putin\u2019s war: Protesters\u2019 defiant speeches in Russian courts \u00a0\u2013 Voix contre la guerre de Poutine: discours de d\u00e9fi des manifestants devant les tribunaux russes), publi\u00e9 chez Waterstones en ao\u00fbt \u2013 lors de la conf\u00e9rence Socialism 2025, qui s\u2019est tenue du 3 au 6\u00a0juillet \u00e0 Chicago, aux Etats-Unis, dans le cadre de la session \u00abLes prisonniers politiques anti-guerre de Poutine en Russie\u00bb. La transcription du discours a \u00e9t\u00e9 \u00e9dit\u00e9e pour plus de clart\u00e9.<\/p>\n<p style=\"text-align: center;\">***<\/p>\n<p>Je me rendais r\u00e9guli\u00e8rement en Russie et en Ukraine et \u00e9crivais sur ces pays depuis de nombreuses ann\u00e9es lorsque la guerre a \u00e9clat\u00e9 en f\u00e9vrier 2022. Je me suis imm\u00e9diatement engag\u00e9 dans des actions de soutien \u00e0 mes camarades et amis en Ukraine et en Russie. Au cours de l\u2019\u00e9t\u00e9 2022, nous avons appris l\u2019existence d\u2019un nouveau groupe, <a href=\"https:\/\/solidarityzone.net\/\" target=\"_blank\" rel=\"noopener nofollow\">Solidarity Zone<\/a>,\u00a0qui avait \u00e9t\u00e9 cr\u00e9\u00e9 pour soutenir les personnes arr\u00eat\u00e9es pour avoir men\u00e9 des actions directes contre la guerre, principalement en incendiant des centres de recrutement militaire. Un groupe d\u2019entre nous en Grande-Bretagne a commenc\u00e9 \u00e0 traduire leurs appels \u00e0 des dons et d\u2019autres documents.<\/p>\n<p>Les incendies sont perp\u00e9tr\u00e9s lorsque les bureaux sont ferm\u00e9s; ils visent \u00e0 endommager des biens, pas des personnes. Cette forme de protestation est devenue relativement courante. Plus d\u2019une centaine d\u2019actions de ce type ont eu lieu au cours de la premi\u00e8re ann\u00e9e qui a suivi l\u2019invasion de l\u2019Ukraine. Solidarity Zone a constat\u00e9 que les personnes d\u00e9tenues et leurs familles avaient besoin de soutien, en particulier d\u2019avocats.<\/p>\n<p>Suivant ces \u00e9v\u00e9nements \u00e0 distance, j\u2019ai \u00e9t\u00e9 particuli\u00e8rement frapp\u00e9 par certaines des d\u00e9clarations courageuses faites par ces jeunes lors de leur proc\u00e8s. Des discours similaires ont \u00e9galement \u00e9t\u00e9 prononc\u00e9s devant le tribunal par des personnes qui n\u2019avaient pas particip\u00e9 \u00e0 des manifestations aussi spectaculaires, mais qui avaient simplement d\u00e9nonc\u00e9 la guerre \u00e0 haute voix \u2013 lors d\u2019un meeting politique, en ligne, etc. \u2013 et avaient ensuite \u00e9t\u00e9 arr\u00eat\u00e9es. Ces personnes sont victimes d\u2019une r\u00e9pression g\u00e9n\u00e9rale li\u00e9e \u00e0 la n\u00e9gation des droits d\u00e9mocratiques en Russie.<\/p>\n<p>Au d\u00e9but de l\u2019ann\u00e9e, avec nos amis du R\u00e9seau europ\u00e9en de solidarit\u00e9 avec l\u2019Ukraine, nous avons d\u00e9cid\u00e9 de publier un recueil de ces discours. Je suis l\u2019\u00e9diteur de ce livre, mais ce n\u2019est pas l\u00e0 l\u2019essentiel. L\u2019essentiel, ce sont les discours eux-m\u00eames.<\/p>\n<p><strong>L\u2019opposition \u00e0 la guerre devant les tribunaux<\/strong><\/p>\n<p>Il y a neuf discours au total, ainsi que deux d\u00e9clarations de personnes qui ont comparu devant le tribunal mais ont fait leurs d\u00e9clarations ailleurs: celle de Kirill Butylin, qui (\u00e0 notre connaissance) a \u00e9t\u00e9 la premi\u00e8re personne \u00e0 mener une action de protestation \u00e0 l\u2019aide du bombe incendiaire et \u00e0 publier un message sur les r\u00e9seaux sociaux; et celle de Savely Morozov, un jeune homme du sud de la Russie qui \u00e9tait susceptible d\u2019\u00eatre appel\u00e9 sous les drapeaux mais qui a d\u00e9nonc\u00e9 la guerre devant la commission de conscription.<\/p>\n<p>La premi\u00e8re chose qui m\u2019a frapp\u00e9 dans ces discours, c\u2019est le ton profond\u00e9ment moral de nombreux manifestants, qui \u00e9taient manifestement pr\u00eats \u00e0 sacrifier \u00e9norm\u00e9ment pour pouvoir les prononcer. Igor Paskar, par exemple, a lanc\u00e9 un cocktail Molotov sur le bureau des services de s\u00e9curit\u00e9 f\u00e9d\u00e9raux o\u00f9 il vivait, puis est rest\u00e9 sur place en attendant d\u2019\u00eatre arr\u00eat\u00e9. Il a \u00e9t\u00e9 plac\u00e9 en d\u00e9tention et gravement tortur\u00e9. Devant le tribunal, il a d\u00e9clar\u00e9: \u00abEst-ce que je regrette ce qui s\u2019est pass\u00e9? Oui, peut-\u00eatre aurais-je voulu que ma vie soit diff\u00e9rente, mais j\u2019ai agi selon ma conscience, et ma conscience reste en paix.\u00bb<\/p>\n<p>Il purge actuellement une peine de huit ans et demi de prison.<\/p>\n<p>La deuxi\u00e8me chose qui m\u2019a frapp\u00e9, c\u2019est qu\u2019ils s\u2019adressaient \u00e0 la population, et non au gouvernement. Alexei Rozhkov a lanc\u00e9 un cocktail Molotov sur un centre de recrutement militaire pr\u00e8s de chez lui.<\/p>\n<p>Il a \u00e9t\u00e9 lib\u00e9r\u00e9 apr\u00e8s une premi\u00e8re audience, r\u00e9sultat inhabituel du bon travail de ses avocats. Alexei Rozhkov s\u2019est ensuite enfui au Kirghizistan, mais il a \u00e9t\u00e9 kidnapp\u00e9, vraisemblablement par les forces de s\u00e9curit\u00e9, et renvoy\u00e9 en Russie pour \u00eatre jug\u00e9. Il a d\u00e9clar\u00e9: \u00abJe ne doute pas non plus que des millions de mes compatriotes russes, femmes et hommes, jeunes et vieux, sont \u00e9galement oppos\u00e9s \u00e0 la guerre et, comme moi, sont convaincus que la guerre n\u2019est pas une solution, mais une impasse. Mais ils n\u2019ont aucun moyen de faire entendre leur voix, de s\u2019assurer que leur opinion soit \u00e9cout\u00e9e sans risquer de se retrouver derri\u00e8re les barreaux.<\/p>\n<p>L\u2019artiste ukrainien Bohdan Ziza a asperg\u00e9 de peinture bleue et jaune, les couleurs du drapeau ukrainien, des b\u00e2timents gouvernementaux en Crim\u00e9e, occup\u00e9e depuis 2014. Il s\u2019est film\u00e9 en train de le faire et a d\u00e9clar\u00e9: \u00abJe m\u2019adresse avant tout aux Crim\u00e9ens et aux Russes.\u00bb<\/p>\n<p>Devant le tribunal, il a d\u00e9clar\u00e9 que son geste \u00ab\u00e9tait un cri du c\u0153ur, de ma conscience, \u00e0 ceux qui avaient peur et qui ont peur, tout comme j\u2019avais peur, mais qui ne voulaient pas et ne veulent pas cette guerre\u00bb.<\/p>\n<p><strong>Du pacifisme au d\u00e9faitisme<\/strong><\/p>\n<p>La troisi\u00e8me chose qui m\u2019a frapp\u00e9 dans ces d\u00e9clarations, c\u2019est leur point de d\u00e9part tr\u00e8s diff\u00e9rent. Sur la question centrale de la guerre, leurs opinions vont du pacifisme au d\u00e9faitisme. Sasha Skochilenko, une artiste emprisonn\u00e9e \u00e0 Saint-P\u00e9tersbourg pour avoir \u00e9crit des messages anti-guerre sur des \u00e9tiquettes dans un supermarch\u00e9, a heureusement \u00e9t\u00e9 lib\u00e9r\u00e9e \u00e0 la suite d\u2019un \u00e9change de prisonniers. Lorsqu\u2019elle \u00e9tait au tribunal, elle ne savait pas qu\u2019elle allait \u00eatre lib\u00e9r\u00e9e. Elle a d\u00e9clar\u00e9: \u00abJe suis pacifiste. Les pacifistes ont toujours exist\u00e9. C\u2019est une certaine croyance des personnes qui accordent la plus grande valeur \u00e0 la vie. Nous croyons que tous les conflits peuvent \u00eatre r\u00e9solus pacifiquement. Je ne peux pas supporter de tuer m\u00eame une araign\u00e9e, effray\u00e9e \u00e0 l\u2019id\u00e9e m\u00eame de prendre une vie.\u00bb<\/p>\n<p>Alexei Gorinov, un prisonnier politique tr\u00e8s en vue, s\u2019est \u00e9galement exprim\u00e9 devant le tribunal en termes tr\u00e8s pacifistes, citant L\u00e9on Tolsto\u00ef.<\/p>\n<p>A l\u2019oppos\u00e9, nous avons l\u2019attitude de Darya Kozyreva, une \u00e9tudiante de Saint-P\u00e9tersbourg emprisonn\u00e9e pour avoir d\u00e9pos\u00e9 des fleurs sur la statue de Taras Shevchenko, po\u00e8te national ukrainien. Devant le tribunal, elle a clairement indiqu\u00e9 que, pour elle, la question centrale \u00e9tait le droit de l\u2019Ukraine \u00e0 l\u2019autod\u00e9termination et qu\u2019elle justifiait clairement le fait que les Ukrainiens revendiquent ce droit par la force des armes. Elle a d\u00e9clar\u00e9 que la guerre \u00e9tait une intrusion criminelle dans la souverainet\u00e9 de l\u2019Ukraine, que l\u2019Ukraine n\u2019avait pas besoin d\u2019un grand fr\u00e8re et qu\u2019elle combattrait quiconque tenterait de l\u2019envahir.<\/p>\n<p>Un autre exemple est celui de Ruslan Siddiqi, un anarchiste qui a tent\u00e9 de causer des dommages mat\u00e9riels aux forces arm\u00e9es russes en faisant exploser des bombes qui ont fait d\u00e9railler un train transportant des munitions vers le front. Il a justifi\u00e9 cet acte comme une action militaire du c\u00f4t\u00e9 ukrainien, affirmant qu\u2019il se consid\u00e9rait comme un partisan qui devrait \u00eatre class\u00e9 comme prisonnier de guerre.<\/p>\n<p>Le dernier exemple, qui a \u00e9galement exprim\u00e9 tr\u00e8s clairement son espoir de voir la Russie vaincue, est celui d\u2019Alexander Skobov, \u00e2g\u00e9 de 68 ans. Il a \u00e9t\u00e9 arr\u00eat\u00e9 pour la premi\u00e8re fois en 1978, \u00e0 l\u2019\u00e9poque sovi\u00e9tique, jug\u00e9 pour ses activit\u00e9s au sein du mouvement dissident et soumis \u00e0 un traitement psychiatrique forc\u00e9. Cette ann\u00e9e, 47 ans plus tard, il a de nouveau \u00e9t\u00e9 traduit en justice pour des propos qu\u2019il a tenus au sujet de la guerre.<\/p>\n<p>Devant le tribunal, il a \u00e9nonc\u00e9 les trois principes de son organisation politique, le Forum pour une Russie libre: le retour inconditionnel \u00e0 l\u2019Ukraine de tous ses territoires internationalement reconnus occup\u00e9s par la Russie, y compris la Crim\u00e9e; le soutien \u00e0 tous ceux qui luttent pour cet objectif, y compris les citoyens russes qui ont rejoint les forces arm\u00e9es ukrainiennes; et le soutien \u00e0 \u00abla r\u00e9sistance arm\u00e9e \u00e0 cette agression sur le champ de bataille et dans l\u2019arri\u00e8re-pays de l\u2019agresseur\u00bb, \u00e0 l\u2019exclusion des attaques terroristes contre des civils.<\/p>\n<p><strong>La Russie de Poutine: le goulag du XXIe\u00a0si\u00e8cle<\/strong><\/p>\n<p>En ce qui concerne l\u2019ampleur de la r\u00e9pression en Russie, je propose d\u2019utiliser l\u2019expression \u00abgoulag du XXIe\u00a0si\u00e8cle\u00bb, qui me semble tout \u00e0 fait justifi\u00e9e. Memorial: Soutien aux prisonniers politiques, l\u2019une des principales organisations non gouvernementales qui soutiennent les prisonniers politiques, dispose d\u2019une liste de plus de 3000 noms. La derni\u00e8re fois qu\u2019il y a eu un nombre comparable de prisonniers politiques, c\u2019\u00e9tait au milieu des ann\u00e9es 1970, sous Leonid Brejnev [secr\u00e9taire g\u00e9n\u00e9ral du PCUS d\u2019octobre 1964 \u00e0 novembre 1982].<\/p>\n<p>Outre les personnes d\u00e9tenues en Russie, il y a de nombreux prisonniers originaires des territoires occup\u00e9s de l\u2019Ukraine. Dans leur cas, le nombre exact est tr\u00e8s incertain. Le Groupe de d\u00e9fense des droits de l\u2019homme de Kharkiv, dans un rapport soumis \u00e0 la Cour p\u00e9nale internationale, a recens\u00e9 plus de 5000 victimes civiles de \u00abdisparitions forc\u00e9es\u00bb dans les territoires occup\u00e9s. Ces personnes sont peut-\u00eatre en d\u00e9tention ou d\u00e9c\u00e9d\u00e9es. Dans la plupart des cas, leurs familles n\u2019en savent rien.<\/p>\n<p>En 2023, deux groupes ukrainiens de d\u00e9fense des droits humains, Zmina et le Center for Civil Liberties, ont dress\u00e9 une liste de 585 civils arr\u00eat\u00e9s qui \u00e9taient en d\u00e9tention ou port\u00e9s disparus en raison de leurs activit\u00e9s politiques et civiques dans les territoires occup\u00e9s. Cette liste comprenait des repr\u00e9sentants des autorit\u00e9s locales, d\u2019anciens militaires, des b\u00e9n\u00e9voles, des militants et des journalistes.<\/p>\n<p>Les cas des prisonniers politiques de Crim\u00e9e sont mieux connus en raison de la force des organisations de la soci\u00e9t\u00e9 civile dans cette r\u00e9gion. Le Groupe des droits de l\u2019homme en Crim\u00e9e recense actuellement 265 prisonniers de ce type, dont beaucoup appartiennent \u00e0 la communaut\u00e9 tatare de Crim\u00e9e. Il y a \u00e9galement des milliers de prisonniers civils qui ont \u00e9t\u00e9 transf\u00e9r\u00e9s depuis les pr\u00e9tendues r\u00e9publiques populaires de Donetsk et de Louhansk. Ils ont \u00e9t\u00e9 jug\u00e9s dans le cadre de syst\u00e8mes juridiques arbitraires tr\u00e8s locaux, puis transf\u00e9r\u00e9s vers le syst\u00e8me p\u00e9nitentiaire russe.<\/p>\n<p><strong>Solidarit\u00e9 avec les prisonniers politiques anti-guerre<\/strong><\/p>\n<p>Dans le monde dans lequel nous vivons, marqu\u00e9 par la mont\u00e9e du militarisme et de l\u2019autoritarisme, les manifestations contre la guerre en Russie ont une importance internationale.<\/p>\n<p>Il est int\u00e9ressant de faire une comparaison: en Grande-Bretagne, qui est tr\u00e8s loin de conna\u00eetre le type de dictature qui r\u00e8gne en Russie, ou m\u00eame les menaces qui p\u00e8sent actuellement sur la d\u00e9mocratie aux Etats-Unis, la criminalisation des manifestants contre la guerre suit une logique id\u00e9ologique kafka\u00efenne tr\u00e8s similaire \u00e0 celle que nous observons en Russie. Palestine Action, qui organise des actions directes contre les livraisons d\u2019armes \u00e0 Isra\u00ebl, est menac\u00e9e d\u2019interdiction en vertu de la l\u00e9gislation antiterroriste. Des chanteurs qui ont d\u00e9nonc\u00e9 le g\u00e9nocide \u00e0 Gaza font l\u2019objet d\u2019enqu\u00eates polici\u00e8res. Les parall\u00e8les avec certains cas russes sont frappants.<\/p>\n<p>Que peut-on faire dans les pays occidentaux pour ces prisonniers politiques? Tout d\u2019abord, nous pouvons sensibiliser l\u2019opinion publique, en particulier dans les milieux de gauche, o\u00f9 l\u2019influence du campisme reste forte. Par campisme, j\u2019entends l\u2019id\u00e9e que la Russie n\u2019est pas vraiment une puissance imp\u00e9rialiste et ne m\u00e9rite pas la m\u00eame condamnation que les Etats-Unis ou Isra\u00ebl.<\/p>\n<p>Une autre chose est d\u2019\u00e9crire des lettres. Il est tr\u00e8s difficile d\u2019\u00e9crire des lettres depuis les pays occidentaux, ce qui est une forme courante de soutien aux prisonniers politiques. C\u2019est possible pour les russophones, mais pas pour les autres dans la pratique. Mais nous pouvons envoyer de l\u2019argent aux personnes qui organisent l\u2019envoi de colis et de lettres. Memorial est la plus grande et la plus connue. Il y a aussi <a href=\"https:\/\/ovd.info\/en\" rel=\"nofollow noopener\" target=\"_blank\">OVD-info<\/a>, qui fait un travail fantastique depuis trois ans. Et j\u2019ai d\u00e9j\u00e0 mentionn\u00e9 <a href=\"https:\/\/solidarityzone.net\/\" rel=\"nofollow noopener\" target=\"_blank\">Solidarity Zone<\/a>, <a href=\"https:\/\/crimeahrg.org\/en\/\" rel=\"nofollow noopener\" target=\"_blank\">le Crimea Human Rights Group<\/a> et le <a href=\"https:\/\/khpg.org\/en\/\" rel=\"nofollow noopener\" target=\"_blank\">Kharkiv Human Rights Protection Group<\/a>, qui trouve ses racines dans Memorial. Ce sont toutes des organisations qui m\u00e9ritent pleinement notre soutien. (Publi\u00e9 sur le site Links.org.au le 25\u00a0juillet 2025; traduction r\u00e9daction A l\u2019Encontre)<\/p>\n<p><a class=\"mh-facebook\" href=\"#\" onclick=\"window.open('https:\/\/www.facebook.com\/sharer.php?u=https%3A%2F%2Falencontre.org%2Feurope%2Frussie%2Fdefier-le-goulag-du-xxie-siecle-de-poutine-comment-les-militants-anti-guerre-utilisent-les-tribunaux-pour-sopposer-a-la-guerre-de-la-russie-contre-lukraine.html&amp;t=%C2%ABComment+les+militants+anti-guerre+utilisent+les+tribunaux+pour+s%E2%80%99opposer+%C3%A0+la+guerre+de+la+Russie+contre+l%E2%80%99Ukraine%C2%BB', 'facebookShare', 'width=626,height=436'); return false;\" title=\"Partager sur Facebook\"><\/p>\n<p><\/a><br \/>\n<a class=\"mh-twitter\" href=\"#\" onclick=\"window.open('https:\/\/twitter.com\/share?text=%C2%ABComment+les+militants+anti-guerre+utilisent+les+tribunaux+pour+s%E2%80%99opposer+%C3%A0+la+guerre+de+la+Russie+contre+l%E2%80%99Ukraine%C2%BB:&amp;url=https%3A%2F%2Falencontre.org%2Feurope%2Frussie%2Fdefier-le-goulag-du-xxie-siecle-de-poutine-comment-les-militants-anti-guerre-utilisent-les-tribunaux-pour-sopposer-a-la-guerre-de-la-russie-contre-lukraine.html', 'twitterShare', 'width=626,height=436'); return false;\" title=\"Tweeter cet article\"><\/p>\n<p><\/a><br \/>\n<a class=\"mh-linkedin\" href=\"#\" onclick=\"window.open('https:\/\/www.linkedin.com\/shareArticle?mini=true&amp;url=https%3A%2F%2Falencontre.org%2Feurope%2Frussie%2Fdefier-le-goulag-du-xxie-siecle-de-poutine-comment-les-militants-anti-guerre-utilisent-les-tribunaux-pour-sopposer-a-la-guerre-de-la-russie-contre-lukraine.html&amp;source=\" return=\"\" false=\"\" title=\"Share on LinkedIn\"><\/p>\n<p><\/a><br \/>\n<a class=\"mh-pinterest\" href=\"#\" onclick=\"window.open('https:\/\/pinterest.com\/pin\/create\/button\/?url=https%3A%2F%2Falencontre.org%2Feurope%2Frussie%2Fdefier-le-goulag-du-xxie-siecle-de-poutine-comment-les-militants-anti-guerre-utilisent-les-tribunaux-pour-sopposer-a-la-guerre-de-la-russie-contre-lukraine.html&amp;media=https:\/\/www.europesays.com\/fr\/wp-content\/uploads\/2025\/07\/png-rozhkov.png&amp;description=%C2%ABComment+les+militants+anti-guerre+utilisent+les+tribunaux+pour+s%E2%80%99opposer+%C3%A0+la+guerre+de+la+Russie+contre+l%E2%80%99Ukraine%C2%BB', 'pinterestShare', 'width=750,height=350'); return false;\" title=\"Pin cet article\"><\/p>\n<p><\/a><br \/>\n<a class=\"mh-email\" href=\"https:\/\/alencontre.org\/europe\/russie\/mailto:?subject=%C2%ABComment%20les%20militants%20anti-guerre%20utilisent%20les%20tribunaux%20pour%20s%E2%80%99opposer%20%C3%A0%20la%20guerre%20de%20la%20Russie%20contre%20l%E2%80%99Ukraine%C2%BB&amp;body=https%3A%2F%2Falencontre.org%2Feurope%2Frussie%2Fdefier-le-goulag-du-xxie-siecle-de-poutine-comment-les-militants-anti-guerre-utilisent-les-tribunaux-pour-sopposer-a-la-guerre-de-la-russie-contre-lukraine.html\" title=\"Send this article to a friend\" target=\"_blank\" rel=\"nofollow noopener\"><\/p>\n<p><\/a><br \/>\n<a class=\"mh-print\" href=\"https:\/\/alencontre.org\/europe\/russie\/javascript:window.print()\" title=\"Print this article\" rel=\"nofollow noopener\" target=\"_blank\"><\/p>\n<p><\/a><br \/>\n<a class=\"mh-whatsapp\" href=\"#\" onclick=\"window.open('https:\/\/api.whatsapp.com\/send?phone={phone_number}&amp;text=%C2%ABComment+les+militants+anti-guerre+utilisent+les+tribunaux+pour+s%E2%80%99opposer+%C3%A0+la+guerre+de+la+Russie+contre+l%E2%80%99Ukraine%C2%BB:&amp;url=https%3A%2F%2Falencontre.org%2Feurope%2Frussie%2Fdefier-le-goulag-du-xxie-siecle-de-poutine-comment-les-militants-anti-guerre-utilisent-les-tribunaux-pour-sopposer-a-la-guerre-de-la-russie-contre-lukraine.html', 'whatsappShare', 'width=626,height=436'); return false;\" title=\"Share on Whatsapp\"><\/p>\n<p><\/a><br \/>\n<a class=\"mh-mastodon\" href=\"#\" onclick=\"window.open('https:\/\/mastodonshare.com\/share?text=%C2%ABComment+les+militants+anti-guerre+utilisent+les+tribunaux+pour+s%E2%80%99opposer+%C3%A0+la+guerre+de+la+Russie+contre+l%E2%80%99Ukraine%C2%BB:&amp;url=https%3A%2F%2Falencontre.org%2Feurope%2Frussie%2Fdefier-le-goulag-du-xxie-siecle-de-poutine-comment-les-militants-anti-guerre-utilisent-les-tribunaux-pour-sopposer-a-la-guerre-de-la-russie-contre-lukraine.html', 'mustodonShare', 'width=626,height=436'); return false;\" title=\"Share On Mastodon\"><\/p>\n<p><img decoding=\"async\" src=\"https:\/\/www.europesays.com\/fr\/wp-content\/uploads\/2025\/05\/mostadon-logo.png\" height=\"25px\" width=\"20px\"\/><\/p>\n<p><\/a><script async src=\"https:\/\/platform.twitter.com\/widgets.js\" charset=\"utf-8\"><\/script><\/p>\n","protected":false},"excerpt":{"rendered":"Alexei Rozhkov lors de son proc\u00e8s. Par Simon Pirani Simon Pirani est historien, militant et chercheur dans le&hellip;\n","protected":false},"author":2,"featured_media":273177,"comment_status":"","ping_status":"","sticky":false,"template":"","format":"standard","meta":{"footnotes":""},"categories":[1591],"tags":[11,1887,12,1885,1886,132],"class_list":{"0":"post-273176","1":"post","2":"type-post","3":"status-publish","4":"format-standard","5":"has-post-thumbnail","7":"category-russie","8":"tag-actualites","9":"tag-federation-de-russie","10":"tag-news","11":"tag-russia","12":"tag-russian-federation","13":"tag-russie"},"share_on_mastodon":{"url":"https:\/\/pubeurope.com\/@fr\/114914812525163934","error":""},"_links":{"self":[{"href":"https:\/\/www.europesays.com\/fr\/wp-json\/wp\/v2\/posts\/273176","targetHints":{"allow":["GET"]}}],"collection":[{"href":"https:\/\/www.europesays.com\/fr\/wp-json\/wp\/v2\/posts"}],"about":[{"href":"https:\/\/www.europesays.com\/fr\/wp-json\/wp\/v2\/types\/post"}],"author":[{"embeddable":true,"href":"https:\/\/www.europesays.com\/fr\/wp-json\/wp\/v2\/users\/2"}],"replies":[{"embeddable":true,"href":"https:\/\/www.europesays.com\/fr\/wp-json\/wp\/v2\/comments?post=273176"}],"version-history":[{"count":0,"href":"https:\/\/www.europesays.com\/fr\/wp-json\/wp\/v2\/posts\/273176\/revisions"}],"wp:featuredmedia":[{"embeddable":true,"href":"https:\/\/www.europesays.com\/fr\/wp-json\/wp\/v2\/media\/273177"}],"wp:attachment":[{"href":"https:\/\/www.europesays.com\/fr\/wp-json\/wp\/v2\/media?parent=273176"}],"wp:term":[{"taxonomy":"category","embeddable":true,"href":"https:\/\/www.europesays.com\/fr\/wp-json\/wp\/v2\/categories?post=273176"},{"taxonomy":"post_tag","embeddable":true,"href":"https:\/\/www.europesays.com\/fr\/wp-json\/wp\/v2\/tags?post=273176"}],"curies":[{"name":"wp","href":"https:\/\/api.w.org\/{rel}","templated":true}]}}