{"id":273178,"date":"2025-07-25T16:27:33","date_gmt":"2025-07-25T16:27:33","guid":{"rendered":"https:\/\/www.europesays.com\/fr\/273178\/"},"modified":"2025-07-25T16:27:33","modified_gmt":"2025-07-25T16:27:33","slug":"en-ukraine-le-faux-pas-qui-ebranle-zelensky-liberation","status":"publish","type":"post","link":"https:\/\/www.europesays.com\/fr\/273178\/","title":{"rendered":"en Ukraine, le faux pas qui \u00e9branle Zelensky \u2013 Lib\u00e9ration"},"content":{"rendered":"<p class=\"sc-ksZaOG ehjQrN text-element\">Le chef de l\u2019Etat ukrainien a peut-\u00eatre commis sa plus grande erreur depuis qu\u2019il est au pouvoir, et il tente tant bien que mal de s\u2019en d\u00e9p\u00eatrer. Jeudi 24 juillet, Volodymyr Zelensky a annonc\u00e9 qu\u2019il allait renvoyer au Parlement un nouveau projet l\u00e9gislatif reposant sur \u00ables principes fondamentaux de l\u2019ind\u00e9pendance des organes anticorruption\u00bb, seulement deux jours apr\u00e8s avoir fait passer et sign\u00e9 une loi qui, <a href=\"https:\/\/www.liberation.fr\/international\/europe\/on-se-bat-pour-ne-pas-devenir-la-russie-par-un-soir-dete-zelensky-reveille-lesprit-de-maidan-20250724_MBQMYEMNWJENVAAPGTIVATNUEM\/\" target=\"_blank\" rel=\"nofollow noopener\" title=\"https:\/\/www.liberation.fr\/international\/europe\/on-se-bat-pour-ne-pas-devenir-la-russie-par-un-soir-dete-zelensky-reveille-lesprit-de-maidan-20250724_MBQMYEMNWJENVAAPGTIVATNUEM\/\">en quelques heures, a mis des milliers d\u2019Ukrainiens en col\u00e8re<\/a>. En l\u2019espace de deux jours, Volodymyr Zelensky, pourtant s\u00fbr de lui, s\u2019est retrouv\u00e9 sous une pression in\u00e9dite de la part de ses partenaires internationaux, mais surtout de ses concitoyens.<\/p>\n<p class=\"sc-ksZaOG ehjQrN text-element\">\u00abIl est tr\u00e8s important que la soci\u00e9t\u00e9 s\u2019exprime\u00bb, conf\u00e8re Volodymyr Zelensky jeudi \u00e0 l\u2019occasion d\u2019une rencontre avec plusieurs journalistes, dont la correspondante de Lib\u00e9. Lors de l\u2019entretien, le pr\u00e9sident a l\u2019air clairement fatigu\u00e9, voire tr\u00e8s tendu, emp\u00eatr\u00e9 dans un casse-t\u00eate chinois. \u00abJe pense qu\u2019il est tout \u00e0 fait normal de r\u00e9agir lorsque les gens ne veulent pas quelque chose, les gens ont demand\u00e9 des chan<\/p>\n","protected":false},"excerpt":{"rendered":"Le chef de l\u2019Etat ukrainien a peut-\u00eatre commis sa plus grande erreur depuis qu\u2019il est au pouvoir, et&hellip;\n","protected":false},"author":2,"featured_media":273179,"comment_status":"","ping_status":"","sticky":false,"template":"","format":"standard","meta":{"footnotes":""},"categories":[1590],"tags":[11,1777,674,12,220,134],"class_list":{"0":"post-273178","1":"post","2":"type-post","3":"status-publish","4":"format-standard","5":"has-post-thumbnail","7":"category-ukraine","8":"tag-actualites","9":"tag-eu","10":"tag-europe","11":"tag-news","12":"tag-ukraine","13":"tag-volodymyr-zelensky"},"share_on_mastodon":{"url":"https:\/\/pubeurope.com\/@fr\/114914816332387396","error":""},"_links":{"self":[{"href":"https:\/\/www.europesays.com\/fr\/wp-json\/wp\/v2\/posts\/273178","targetHints":{"allow":["GET"]}}],"collection":[{"href":"https:\/\/www.europesays.com\/fr\/wp-json\/wp\/v2\/posts"}],"about":[{"href":"https:\/\/www.europesays.com\/fr\/wp-json\/wp\/v2\/types\/post"}],"author":[{"embeddable":true,"href":"https:\/\/www.europesays.com\/fr\/wp-json\/wp\/v2\/users\/2"}],"replies":[{"embeddable":true,"href":"https:\/\/www.europesays.com\/fr\/wp-json\/wp\/v2\/comments?post=273178"}],"version-history":[{"count":0,"href":"https:\/\/www.europesays.com\/fr\/wp-json\/wp\/v2\/posts\/273178\/revisions"}],"wp:featuredmedia":[{"embeddable":true,"href":"https:\/\/www.europesays.com\/fr\/wp-json\/wp\/v2\/media\/273179"}],"wp:attachment":[{"href":"https:\/\/www.europesays.com\/fr\/wp-json\/wp\/v2\/media?parent=273178"}],"wp:term":[{"taxonomy":"category","embeddable":true,"href":"https:\/\/www.europesays.com\/fr\/wp-json\/wp\/v2\/categories?post=273178"},{"taxonomy":"post_tag","embeddable":true,"href":"https:\/\/www.europesays.com\/fr\/wp-json\/wp\/v2\/tags?post=273178"}],"curies":[{"name":"wp","href":"https:\/\/api.w.org\/{rel}","templated":true}]}}