{"id":273180,"date":"2025-07-25T16:28:11","date_gmt":"2025-07-25T16:28:11","guid":{"rendered":"https:\/\/www.europesays.com\/fr\/273180\/"},"modified":"2025-07-25T16:28:11","modified_gmt":"2025-07-25T16:28:11","slug":"leurope-en-ordre-disperse-dans-lattente-dun-accord-commercial-usa-ue-25-07-2025-a-1748","status":"publish","type":"post","link":"https:\/\/www.europesays.com\/fr\/273180\/","title":{"rendered":"L&rsquo;Europe en ordre dispers\u00e9 dans l&rsquo;attente d&rsquo;un accord commercial USA-UE &#8211; 25\/07\/2025 \u00e0 17:48"},"content":{"rendered":"<p>\n (AOF) &#8211; Les march\u00e9s europ\u00e9ens ont cl\u00f4tur\u00e9 la derni\u00e8re s\u00e9ance de la semaine en ordre dispers\u00e9. Cette semaine aura \u00e9t\u00e9 anim\u00e9e avec la d\u00e9cision rendue hier de la BCE sur les taux et la pl\u00e9thore de publication de r\u00e9sultats de soci\u00e9t\u00e9s des 2 c\u00f4t\u00e9s de l&rsquo;Atlantique. Le CAC 40 a rebondi, progressant de 0,21% \u00e0 7834,58 points. Sur la semaine, l&rsquo;indice phare parisien a gagn\u00e9 0,15%. L&rsquo;Eurostoxx 50 a grappille 0,04% \u00e0 5357,19 points. Londres et Francfort ont l\u00e9g\u00e8rement recul\u00e9. De leur c\u00f4t\u00e9, les march\u00e9s am\u00e9ricains \u00e9voluent l\u00e9g\u00e8rement en hausse. Le Dow Jones gagne 0,11% vers 17h44.\n<\/p>\n<p>\n Outre-Atlantique justement, le pr\u00e9sident am\u00e9ricain Donald Trump a officialis\u00e9 un accord mercredi sur les droits de douane avec le Japon, qui pr\u00e9voit une r\u00e9duction des taxes \u00e0 15% pour les importations am\u00e9ricaines de v\u00e9hicules et pi\u00e8ces d\u00e9tach\u00e9es en provenance du pays nippon. Le locataire de la Maison Blanche l&rsquo;a qualifi\u00e9 sur sa plateforme Truth Social de \u00ab\u00a0sans pr\u00e9c\u00e9dent\u00a0\u00bb.\n<\/p>\n<p>\n \u00a0\u00bb Nous pensons que c&rsquo;est une grande r\u00e9ussite d&rsquo;avoir pu obtenir la plus grande r\u00e9duction (des surtaxes am\u00e9ricaines) parmi les pays ayant un exc\u00e9dent commercial avec les \u00c9tats-Unis\u00a0\u00bb, a salu\u00e9 mercredi le Premier ministre japonais, Shigeru Ishiba.\n<\/p>\n<p>\n <strong><br \/>\n  Bient\u00f4t un accord commercial \u00c9tats-Unis-UE ?<br \/>\n <\/strong>\n<\/p>\n<p>\n Cet accord entre Washington et Tokyo pourrait \u00eatre suivi par un second. Selon le Financial Times, l&rsquo;Union europ\u00e9enne et les \u00c9tats-Unis seraient proches d&rsquo;aboutir \u00e0 un accord commercial qui imposerait des droits de douane de 15% sur les produits europ\u00e9ens.\n<\/p>\n<p>\n Outre ces discussions, la d\u00e9cision de la BCE sur les taux \u00e9taient attendue cette semaine. Hier, sans surprise, l&rsquo;institution mon\u00e9taire n&rsquo;a pas modifi\u00e9 sa politique mon\u00e9taire apr\u00e8s huit baisses de taux en un an. Les taux d&rsquo;int\u00e9r\u00eat de la facilit\u00e9 de d\u00e9p\u00f4t a \u00e9t\u00e9 maintenu \u00e0 2% alors que l&rsquo;inflation se situe actuellement au niveau de l&rsquo;objectif de 2 % \u00e0 moyen terme.\n<\/p>\n<p>\n \u00a0\u00bb Quand je regarde mes pr\u00e9visions en mati\u00e8re d&rsquo;inflation, elles sont solidement ancr\u00e9es autour de 2% \u00e0 court terme, mais aussi \u00e0 plus long terme\u00a0\u00bb, a d\u00e9clar\u00e9 sa pr\u00e9sidente, Christine Lagarde, a rapport\u00e9 Reuters.\n<\/p>\n<p>\n \u00a0\u00bb Il n&rsquo;est pas surprenant que la BCE n&rsquo;ait pas baiss\u00e9 ses taux, mais nous anticipons une nouvelle baisse en septembre. M\u00eame en supposant qu&rsquo;un accord soit conclu entre l&rsquo;UE et les \u00c9tats-Unis, les droits de douane nuiront \u00e0 l&rsquo;\u00e9conomie europ\u00e9enne, tandis que les pressions sur les prix s&rsquo;att\u00e9nuent \u00ab\u00a0, a comment\u00e9 Charles Seville, directeur senior chez Fitch Ratings, \u00e0 la suite de la r\u00e9union de la BCE.\n<\/p>\n<p>\n C\u00f4t\u00e9 valeurs, les grandes soci\u00e9t\u00e9s ont d\u00e9voil\u00e9 leurs r\u00e9sultats qui ont anim\u00e9 les s\u00e9ances cette semaine.\n<\/p>\n<p>\n Ce vendredi, LVMH a \u00e9chapp\u00e9 au repli au sein du CAC 40 apr\u00e8s la publication de r\u00e9sultats moins d\u00e9cevants que pr\u00e9vu au premier semestre 2025.\n<\/p>\n<p>\n R\u00e9my Cointreau a enregistr\u00e9 une des plus fortes hausses du SBF 120 \u00e0 la faveur d&rsquo;un excellent premier trimestre de son exercice 2025-2026 et de perspectives favorables.\n<\/p>\n<p>\n L&rsquo;action Nexity a domin\u00e9 l&rsquo;indice SBF 120. Le promoteur immobilier a renou\u00e9 avec la rentabilit\u00e9 op\u00e9rationnelle au premier semestre et confirm\u00e9 ses objectifs 2025.\n<\/p>\n<p>\n En revanche, le secteur automobile a connu une semaine difficile. Apr\u00e8s les r\u00e9sultats pr\u00e9liminaires d\u00e9cevants de Stellantis lundi, Valeo a chut\u00e9 en vendredi apr\u00e8s avoir abaiss\u00e9 son objectif de ventes pour 2025. Les r\u00e9sultats de Michelin ont aussi \u00e9t\u00e9 sanctionn\u00e9s.<\/p>\n","protected":false},"excerpt":{"rendered":"(AOF) &#8211; Les march\u00e9s europ\u00e9ens ont cl\u00f4tur\u00e9 la derni\u00e8re s\u00e9ance de la semaine en ordre dispers\u00e9. Cette semaine&hellip;\n","protected":false},"author":2,"featured_media":7013,"comment_status":"","ping_status":"","sticky":false,"template":"","format":"standard","meta":{"footnotes":""},"categories":[1589],"tags":[400,11,398,408,405,73,1866,403,402,399,404,12,401,406,1864,1865,1863,308,407],"class_list":{"0":"post-273180","1":"post","2":"type-post","3":"status-publish","4":"format-standard","5":"has-post-thumbnail","7":"category-etats-unis","8":"tag-action-cac-40","9":"tag-actualites","10":"tag-bourse-de-paris","11":"tag-boursorama","12":"tag-cotations","13":"tag-etats-unis","14":"tag-etats-unis-damerique","15":"tag-indices-devises","16":"tag-investir","17":"tag-investissement","18":"tag-marche-boursier","19":"tag-news","20":"tag-sicav","21":"tag-trackers","22":"tag-united-states","23":"tag-united-states-of-america","24":"tag-us","25":"tag-usa","26":"tag-warrants"},"share_on_mastodon":{"url":"https:\/\/pubeurope.com\/@fr\/114914820262250253","error":""},"_links":{"self":[{"href":"https:\/\/www.europesays.com\/fr\/wp-json\/wp\/v2\/posts\/273180","targetHints":{"allow":["GET"]}}],"collection":[{"href":"https:\/\/www.europesays.com\/fr\/wp-json\/wp\/v2\/posts"}],"about":[{"href":"https:\/\/www.europesays.com\/fr\/wp-json\/wp\/v2\/types\/post"}],"author":[{"embeddable":true,"href":"https:\/\/www.europesays.com\/fr\/wp-json\/wp\/v2\/users\/2"}],"replies":[{"embeddable":true,"href":"https:\/\/www.europesays.com\/fr\/wp-json\/wp\/v2\/comments?post=273180"}],"version-history":[{"count":0,"href":"https:\/\/www.europesays.com\/fr\/wp-json\/wp\/v2\/posts\/273180\/revisions"}],"wp:featuredmedia":[{"embeddable":true,"href":"https:\/\/www.europesays.com\/fr\/wp-json\/wp\/v2\/media\/7013"}],"wp:attachment":[{"href":"https:\/\/www.europesays.com\/fr\/wp-json\/wp\/v2\/media?parent=273180"}],"wp:term":[{"taxonomy":"category","embeddable":true,"href":"https:\/\/www.europesays.com\/fr\/wp-json\/wp\/v2\/categories?post=273180"},{"taxonomy":"post_tag","embeddable":true,"href":"https:\/\/www.europesays.com\/fr\/wp-json\/wp\/v2\/tags?post=273180"}],"curies":[{"name":"wp","href":"https:\/\/api.w.org\/{rel}","templated":true}]}}