{"id":273181,"date":"2025-07-25T16:29:12","date_gmt":"2025-07-25T16:29:12","guid":{"rendered":"https:\/\/www.europesays.com\/fr\/273181\/"},"modified":"2025-07-25T16:29:12","modified_gmt":"2025-07-25T16:29:12","slug":"le-veteran-de-la-gauche-britannique-jeremy-corbyn-lance-son-parti-et-rebat-les-cartes","status":"publish","type":"post","link":"https:\/\/www.europesays.com\/fr\/273181\/","title":{"rendered":"Le v\u00e9t\u00e9ran de la gauche britannique Jeremy Corbyn lance son parti et \u201crebat les cartes\u201d"},"content":{"rendered":"\n<p>\u201c\u00c0 part une passion d\u00e9vorante pour le club de football d\u2019Arsenal et leur poste \u00e0 la t\u00eate du Parti travailliste, Jeremy Corbyn et Keir Starmer n\u2019ont rien en commun.\u201d<\/p>\n<p>C\u2019est ainsi <a href=\"https:\/\/www.independent.co.uk\/news\/uk\/politics\/jeremy-corbyn-your-party-labour-keir-starmer-b2795238.html\" target=\"_blank\" rel=\"noopener\">que l\u2019analyste politique de <strong>The Independent<\/strong><\/a><strong> <\/strong>d\u00e9crit \u201cl\u2019une des relations les plus tumultueuses au sein des milieux politiques britanniques actuels\u201d, celle entre Jeremy Corbyn, ancien chef de file du Parti travailliste (qu\u2019il a pr\u00e9sid\u00e9 de 2015\u00a0\u00e0 2020, avant d\u2019en \u00eatre expuls\u00e9 dans le sillage de la publication en 2020 d\u2019un rapport relatif\u00a0<a href=\"https:\/\/www.courrierinternational.com\/article\/campagne-corbyn-attaque-de-toutes-parts-sur-lantisemitisme\" target=\"_blank\" rel=\"noopener\">aux affaires d\u2019antis\u00e9mitisme survenues au sein du parti sous sa direction<\/a>), et Keir Starmer, qui le dirige <a href=\"https:\/\/www.courrierinternational.com\/article\/elections-victoire-ecrasante-des-travaillistes-aux-legislatives-britanniques\" target=\"_blank\" rel=\"noopener\">depuis sa victoire aux l\u00e9gislatives de 2024<\/a>.<\/p>\n<p>Leurs relations, devenues \u201cirr\u00e9parables\u201d, ne devraient pas s\u2019am\u00e9liorer de sit\u00f4t, pr\u00e9dit le site britannique. De fait, le v\u00e9t\u00e9ran de l\u2019aile gauche du Labour, Jeremy Corbyn, a annonc\u00e9 ce jeudi 24\u00a0juillet\u00a0la formation d\u2019un nouveau parti politique \u201cd\u2019un nouveau genre\u201d pour pr\u00f4ner une \u201credistribution massive des richesses et du pouvoir\u201d et \u201caffronter ses anciens coll\u00e8gues\u201d dans les urnes.<\/p>\n<p>La nouvelle formation, qui dispose d\u2019un site web, yourparty.uk, mais qui n\u2019a pas encore de nom, sera copr\u00e9sid\u00e9e par la d\u00e9put\u00e9e Zarah Sultana, elle aussi suspendue du Parti travailliste pour avoir vot\u00e9 contre le gouvernement.<\/p>\n<p>Pr\u00e9sent\u00e9 comme \u201cpacif<\/p>\n","protected":false},"excerpt":{"rendered":"\u201c\u00c0 part une passion d\u00e9vorante pour le club de football d\u2019Arsenal et leur poste \u00e0 la t\u00eate du&hellip;\n","protected":false},"author":2,"featured_media":273182,"comment_status":"","ping_status":"","sticky":false,"template":"","format":"standard","meta":{"footnotes":""},"categories":[1588],"tags":[11,1777,674,41259,2581,12,7487,316,473,1853,1851,1850,1852],"class_list":{"0":"post-273181","1":"post","2":"type-post","3":"status-publish","4":"format-standard","5":"has-post-thumbnail","7":"category-royaume-uni","8":"tag-actualites","9":"tag-eu","10":"tag-europe","11":"tag-jeremy-corbyn","12":"tag-keir-starmer","13":"tag-news","14":"tag-parti-travailliste-royaume-uni","15":"tag-politique","16":"tag-royaume-uni","17":"tag-royaume-uni-de-grande-bretagne-et-dirlande-du-nord","18":"tag-uk","19":"tag-united-kingdom","20":"tag-united-kingdom-of-great-britain-and-northern-ireland"},"share_on_mastodon":{"url":"https:\/\/pubeurope.com\/@fr\/114914824245693494","error":""},"_links":{"self":[{"href":"https:\/\/www.europesays.com\/fr\/wp-json\/wp\/v2\/posts\/273181","targetHints":{"allow":["GET"]}}],"collection":[{"href":"https:\/\/www.europesays.com\/fr\/wp-json\/wp\/v2\/posts"}],"about":[{"href":"https:\/\/www.europesays.com\/fr\/wp-json\/wp\/v2\/types\/post"}],"author":[{"embeddable":true,"href":"https:\/\/www.europesays.com\/fr\/wp-json\/wp\/v2\/users\/2"}],"replies":[{"embeddable":true,"href":"https:\/\/www.europesays.com\/fr\/wp-json\/wp\/v2\/comments?post=273181"}],"version-history":[{"count":0,"href":"https:\/\/www.europesays.com\/fr\/wp-json\/wp\/v2\/posts\/273181\/revisions"}],"wp:featuredmedia":[{"embeddable":true,"href":"https:\/\/www.europesays.com\/fr\/wp-json\/wp\/v2\/media\/273182"}],"wp:attachment":[{"href":"https:\/\/www.europesays.com\/fr\/wp-json\/wp\/v2\/media?parent=273181"}],"wp:term":[{"taxonomy":"category","embeddable":true,"href":"https:\/\/www.europesays.com\/fr\/wp-json\/wp\/v2\/categories?post=273181"},{"taxonomy":"post_tag","embeddable":true,"href":"https:\/\/www.europesays.com\/fr\/wp-json\/wp\/v2\/tags?post=273181"}],"curies":[{"name":"wp","href":"https:\/\/api.w.org\/{rel}","templated":true}]}}