{"id":273183,"date":"2025-07-25T16:30:09","date_gmt":"2025-07-25T16:30:09","guid":{"rendered":"https:\/\/www.europesays.com\/fr\/273183\/"},"modified":"2025-07-25T16:30:09","modified_gmt":"2025-07-25T16:30:09","slug":"la-patience-de-berlin-a-ses-limites","status":"publish","type":"post","link":"https:\/\/www.europesays.com\/fr\/273183\/","title":{"rendered":"\u201cLa patience de Berlin a ses limites\u201d"},"content":{"rendered":"\n<p>\u201cLe gouvernement allemand est de plus en plus d\u00e9sabus\u00e9 face aux agissements d\u2019Isra\u00ebl dans la bande de Gaza\u201d, <a href=\"https:\/\/zeitung.sueddeutsche.de\/issues\/sz\/sz_2025-07-25\/page_2.3287817\/article_1.3288870\/article.html\" target=\"_blank\" rel=\"noopener\">annonce la<strong> S\u00fcddeutsche Zeitung<\/strong><\/a><strong>.<\/strong> L\u2019Allemagne a toujours \u00e9t\u00e9 un proche alli\u00e9 de l\u2019\u00c9tat h\u00e9breu, un pays auquel elle est li\u00e9e par sa responsabilit\u00e9 historique dans <a href=\"https:\/\/www.courrierinternational.com\/sujet\/shoah\" target=\"_blank\" rel=\"noopener\">la Shoah<\/a>. Mais plusieurs sources proches de la coalition des conservateurs chr\u00e9tiens et des sociaux-d\u00e9mocrates ont assur\u00e9 au quotidien de gauche que \u201cla patience [de Berlin] avait ses limites\u201d. Au point o\u00f9 l\u2019arr\u00eat des livraisons d\u2019armes et la suspension de l\u2019accord d\u2019association entre l\u2019Union europ\u00e9enne (UE) et Isra\u00ebl seraient m\u00eame d\u00e9battus en coulisses.<\/p>\n<p>Jusqu\u2019\u00e0 pr\u00e9sent, <a href=\"https:\/\/www.courrierinternational.com\/sujet\/friedrich-merz\" target=\"_blank\" rel=\"noopener\">Friedrich Merz<\/a> comme son ministre des Affaires \u00e9trang\u00e8res Johann Wadephul, se sont publiquement oppos\u00e9s \u00e0 de telles mesures. \u201cMais ces derni\u00e8res semaines, on a senti une inflexion dans le discours du chancelier\u00a0conservateur\u201d, analyse le journal bavarois. En mai, au forum re:publica, le chr\u00e9tien-d\u00e9mocrate avait cr\u00e9\u00e9 la surprise en d\u00e9clarant \u201cne plus comprendre avec quel objectif\u201d Tel-Aviv intervenait \u00e0 Gaza. \u201cMardi [22\u00a0juillet], Friedrich Merz a somm\u00e9 le gouvernement isra\u00e9lien de stopper son op\u00e9ration militaire d\u2019envergure, d\u2019ouvrir la voie \u00e0 un cessez-le-feu et surtout de laisser passer l\u2019aide humanitaire.\u201d<\/p>\n<p> Berlin seul contre tous <\/p>\n<p>Ce changement de <\/p>\n","protected":false},"excerpt":{"rendered":"\u201cLe gouvernement allemand est de plus en plus d\u00e9sabus\u00e9 face aux agissements d\u2019Isra\u00ebl dans la bande de Gaza\u201d,&hellip;\n","protected":false},"author":2,"featured_media":184207,"comment_status":"","ping_status":"","sticky":false,"template":"","format":"standard","meta":{"footnotes":""},"categories":[1587],"tags":[11,672,4628,1804,27137,1805,1803,1777,674,1801,1892,16785,3257,12,3518,316,1802],"class_list":{"0":"post-273183","1":"post","2":"type-post","3":"status-publish","4":"format-standard","5":"has-post-thumbnail","7":"category-allemagne","8":"tag-actualites","9":"tag-allemagne","10":"tag-bande-de-gaza","11":"tag-bundesrepublik-deutschland","12":"tag-conflit-israu00e9lo-palestinien","13":"tag-de","14":"tag-deutschland","15":"tag-eu","16":"tag-europe","17":"tag-germany","18":"tag-gu00e9opolitique","19":"tag-israu00ebl","20":"tag-moyen-orient","21":"tag-news","22":"tag-palestine","23":"tag-politique","24":"tag-republique-federale-dallemagne"},"share_on_mastodon":{"url":"https:\/\/pubeurope.com\/@fr\/114914828223306980","error":""},"_links":{"self":[{"href":"https:\/\/www.europesays.com\/fr\/wp-json\/wp\/v2\/posts\/273183","targetHints":{"allow":["GET"]}}],"collection":[{"href":"https:\/\/www.europesays.com\/fr\/wp-json\/wp\/v2\/posts"}],"about":[{"href":"https:\/\/www.europesays.com\/fr\/wp-json\/wp\/v2\/types\/post"}],"author":[{"embeddable":true,"href":"https:\/\/www.europesays.com\/fr\/wp-json\/wp\/v2\/users\/2"}],"replies":[{"embeddable":true,"href":"https:\/\/www.europesays.com\/fr\/wp-json\/wp\/v2\/comments?post=273183"}],"version-history":[{"count":0,"href":"https:\/\/www.europesays.com\/fr\/wp-json\/wp\/v2\/posts\/273183\/revisions"}],"wp:featuredmedia":[{"embeddable":true,"href":"https:\/\/www.europesays.com\/fr\/wp-json\/wp\/v2\/media\/184207"}],"wp:attachment":[{"href":"https:\/\/www.europesays.com\/fr\/wp-json\/wp\/v2\/media?parent=273183"}],"wp:term":[{"taxonomy":"category","embeddable":true,"href":"https:\/\/www.europesays.com\/fr\/wp-json\/wp\/v2\/categories?post=273183"},{"taxonomy":"post_tag","embeddable":true,"href":"https:\/\/www.europesays.com\/fr\/wp-json\/wp\/v2\/tags?post=273183"}],"curies":[{"name":"wp","href":"https:\/\/api.w.org\/{rel}","templated":true}]}}