{"id":273197,"date":"2025-07-25T16:39:10","date_gmt":"2025-07-25T16:39:10","guid":{"rendered":"https:\/\/www.europesays.com\/fr\/273197\/"},"modified":"2025-07-25T16:39:10","modified_gmt":"2025-07-25T16:39:10","slug":"atp-washington-david-medvedev-generalement-sur-le-circuit-on-ne-parle-pas-des-raquettes-de-autres-mais-la-cest-rare-beaucoup-de-joueurs-mont-dit-quils-aimaient-la-couleur-de-ma-nouvelle","status":"publish","type":"post","link":"https:\/\/www.europesays.com\/fr\/273197\/","title":{"rendered":"ATP &#8211; Washington > David Medvedev : \u00ab\u00a0G\u00e9n\u00e9ralement, sur le circuit, on ne parle pas des raquettes de autres. Mais l\u00e0, c&rsquo;est rare, beaucoup de joueurs m&rsquo;ont dit qu&rsquo;ils aimaient la couleur de ma nouvelle raquette\u00a0\u00bb"},"content":{"rendered":"<p>Qualifi\u00e9 pour les quarts de finale de l\u2019ATP 500 de Washington, o\u00f9 il va affronter le Fran\u00e7ais Corentin Moutet, Daniil Medvedev a \u00e9voqu\u00e9 avec enthou\u00adsiasme son chan\u00adge\u00adment de raquette.\u00a0<\/p>\n<blockquote class=\"instagram-media\" data-instgrm-captioned=\"\" data-instgrm-permalink=\"https:\/\/www.instagram.com\/p\/DMaMazht8cM\/?utm_source=ig_embed&amp;utm_campaign=loading\" data-instgrm-version=\"14\" style=\" background:#FFF; border:0; border-radius:3px; box-shadow:0 0 1px 0 rgba(0,0,0,0.5),0 1px 10px 0 rgba(0,0,0,0.15); margin: 1px; max-width:540px; min-width:326px; padding:0; width:99.375%; width:-webkit-calc(100% - 2px); width:calc(100% - 2px);\"\/>\n<p><strong>\u00ab\u202fC\u2019est toujours la m\u00eame raquette. C\u2019est juste une couleur diff\u00e9\u00adrente, ce qui est super. \u00c7a change un peu. Et m\u00eame beau\u00adcoup de joueurs me disent qu\u2019ils aiment la nouvelle couleur, ce qui est rare. D\u2019habitude, on ne parle pas des raquettes des autres. En ce qui concerne le cordage j\u2019es\u00adsaie g\u00e9n\u00e9\u00adra\u00adle\u00adment de ne pas trop modi\u00adfier la tension. C\u2019est ma fa\u00e7on de faire\u202f\u00bb<\/strong>, a racont\u00e9 le 14e mondial dans des propos rapport\u00e9s par <a href=\"https:\/\/www.thetennisgazette.com\/news\/daniil-medvedev-says-what-a-lot-of-players-have-told-him-about-his-new-racket-which-is-rare\/\" data-wpel-link=\"external\" target=\"_blank\" rel=\"nofollow external noopener\">The Tennis Gazette<\/a>.<\/p>\n<p class=\"post-published-date\" style=\"color: silver; font-size: 75%; text-align: left;\">Publi\u00e9 le vendredi 25 juillet 2025 \u00e0 17:47<\/p>\n<p><script async src=\"\/\/www.instagram.com\/embed.js\"><\/script><\/p>\n","protected":false},"excerpt":{"rendered":"Qualifi\u00e9 pour les quarts de finale de l\u2019ATP 500 de Washington, o\u00f9 il va affronter le Fran\u00e7ais Corentin&hellip;\n","protected":false},"author":2,"featured_media":13065,"comment_status":"","ping_status":"","sticky":false,"template":"","format":"standard","meta":{"footnotes":""},"categories":[1415],"tags":[3252,1011,27,60,1467],"class_list":{"0":"post-273197","1":"post","2":"type-post","3":"status-publish","4":"format-standard","5":"has-post-thumbnail","7":"category-tennis","8":"tag-daniil-medvedev","9":"tag-fr","10":"tag-france","11":"tag-sports","12":"tag-tennis"},"share_on_mastodon":{"url":"https:\/\/pubeurope.com\/@fr\/114914863799327823","error":""},"_links":{"self":[{"href":"https:\/\/www.europesays.com\/fr\/wp-json\/wp\/v2\/posts\/273197","targetHints":{"allow":["GET"]}}],"collection":[{"href":"https:\/\/www.europesays.com\/fr\/wp-json\/wp\/v2\/posts"}],"about":[{"href":"https:\/\/www.europesays.com\/fr\/wp-json\/wp\/v2\/types\/post"}],"author":[{"embeddable":true,"href":"https:\/\/www.europesays.com\/fr\/wp-json\/wp\/v2\/users\/2"}],"replies":[{"embeddable":true,"href":"https:\/\/www.europesays.com\/fr\/wp-json\/wp\/v2\/comments?post=273197"}],"version-history":[{"count":0,"href":"https:\/\/www.europesays.com\/fr\/wp-json\/wp\/v2\/posts\/273197\/revisions"}],"wp:featuredmedia":[{"embeddable":true,"href":"https:\/\/www.europesays.com\/fr\/wp-json\/wp\/v2\/media\/13065"}],"wp:attachment":[{"href":"https:\/\/www.europesays.com\/fr\/wp-json\/wp\/v2\/media?parent=273197"}],"wp:term":[{"taxonomy":"category","embeddable":true,"href":"https:\/\/www.europesays.com\/fr\/wp-json\/wp\/v2\/categories?post=273197"},{"taxonomy":"post_tag","embeddable":true,"href":"https:\/\/www.europesays.com\/fr\/wp-json\/wp\/v2\/tags?post=273197"}],"curies":[{"name":"wp","href":"https:\/\/api.w.org\/{rel}","templated":true}]}}