{"id":273198,"date":"2025-07-25T16:40:11","date_gmt":"2025-07-25T16:40:11","guid":{"rendered":"https:\/\/www.europesays.com\/fr\/273198\/"},"modified":"2025-07-25T16:40:11","modified_gmt":"2025-07-25T16:40:11","slug":"la-ffbb-cherche-ses-villes-hotes-pour-lete-2026","status":"publish","type":"post","link":"https:\/\/www.europesays.com\/fr\/273198\/","title":{"rendered":"La FFBB cherche ses villes h\u00f4tes pour l\u2019\u00e9t\u00e9 2026"},"content":{"rendered":"<p style=\"text-align: justify;\"><strong>La F\u00e9d\u00e9ration Fran\u00e7aise de Basketball (FFBB) lance un appel aux collectivit\u00e9s locales pour accueillir les \u00e9tapes du circuit national 3\u00d73 en 2026. <\/strong><\/p>\n<p style=\"text-align: justify;\">Port\u00e9 par le succ\u00e8s des \u00e9quipes de France, vice-championne olympique lors des JO de Paris 2024, et des images impressionnantes de l\u2019Ar\u00e8ne de La Concorde en fusion, le basket 3\u00d73 est devenu un incontournable du sport urbain.<\/p>\n<p style=\"text-align: justify;\">Lors des Jeux, la discipline a rassembl\u00e9 plus de 5 millions de t\u00e9l\u00e9spectateurs \u00e0 la t\u00e9l\u00e9vision pour pousser les Bleu(e)s. Cette ann\u00e9e, plusieurs \u00e9tapes du circuit ont d\u2019ailleurs \u00e9t\u00e9 retransmises pour la premi\u00e8re fois sur les antennes locales du groupe BFM TV, renfor\u00e7ant encore la visibilit\u00e9 des territoires h\u00f4tes.<\/p>\n<p><strong>Le circuit national<\/strong><\/p>\n<p style=\"text-align: justify;\">En 2026, une quinzaine d\u2019\u00e9tapes se tiendront entre mai et juillet, r\u00e9unissant les 24 meilleures \u00e9quipes fran\u00e7aises (12 masculines, 12 f\u00e9minines) en qu\u00eate de points pour l\u2019Open de France. Ces tournois, labellis\u00e9s FFBB, m\u00ealent sport de haut niveau, ambiance musicale avec DJ et speaker, concours de tirs, animations et village partenaires.<\/p>\n<p style=\"text-align: justify;\">Dans les faits, l\u2019acc\u00e8s gratuit attire un large public, des familles aux passionn\u00e9s, tandis que la retransmission sur BFM TV offre une visibilit\u00e9 nationale aux villes h\u00f4tes.<\/p>\n<\/p>\n<p><strong>Les candidatures<\/strong><\/p>\n<ul>\n<li style=\"text-align: justify;\">Pour candidater, les collectivit\u00e9s doivent proposer un lieu central ou atypique d\u2019au moins 1 000 m\u00b2, 200 places en tribunes, et assurer logistique, s\u00e9curit\u00e9 et communication.<\/li>\n<li style=\"text-align: justify;\">Une contribution financi\u00e8re de 1 500 \u20ac, plus un prize money (4 000 \u20ac \u00e0 18 000 \u20ac), est requise. La FFBB fournit \u00e9quipements, terrains, arbitres et accompagnement.<\/li>\n<li style=\"text-align: justify;\">Les dossiers, incluant trois dates possibles entre le 16 mai et le 11 juillet 2026, sont \u00e0 soumettre avant le 31 ao\u00fbt 2025.<\/li>\n<\/ul>\n<p>A lire aussi : <a href=\"https:\/\/www.sportbuzzbusiness.fr\/bultex-sengage-aupres-de-laetitia-guapo-et-franck-seguela-visages-montants-du-basketball-3x3.html\" target=\"_blank\" rel=\"noopener nofollow\">Bultex s\u2019engage aupr\u00e8s de Laetitia Guapo et Franck Segu\u00e9la, visages montants du basketball 3\u00d73<\/a><\/p>\n","protected":false},"excerpt":{"rendered":"La F\u00e9d\u00e9ration Fran\u00e7aise de Basketball (FFBB) lance un appel aux collectivit\u00e9s locales pour accueillir les \u00e9tapes du circuit&hellip;\n","protected":false},"author":2,"featured_media":273199,"comment_status":"","ping_status":"","sticky":false,"template":"","format":"standard","meta":{"footnotes":""},"categories":[1414],"tags":[1465,1464,1011,27,60],"class_list":{"0":"post-273198","1":"post","2":"type-post","3":"status-publish","4":"format-standard","5":"has-post-thumbnail","7":"category-basket","8":"tag-basket","9":"tag-basketball","10":"tag-fr","11":"tag-france","12":"tag-sports"},"share_on_mastodon":{"url":"https:\/\/pubeurope.com\/@fr\/114914867612693366","error":""},"_links":{"self":[{"href":"https:\/\/www.europesays.com\/fr\/wp-json\/wp\/v2\/posts\/273198","targetHints":{"allow":["GET"]}}],"collection":[{"href":"https:\/\/www.europesays.com\/fr\/wp-json\/wp\/v2\/posts"}],"about":[{"href":"https:\/\/www.europesays.com\/fr\/wp-json\/wp\/v2\/types\/post"}],"author":[{"embeddable":true,"href":"https:\/\/www.europesays.com\/fr\/wp-json\/wp\/v2\/users\/2"}],"replies":[{"embeddable":true,"href":"https:\/\/www.europesays.com\/fr\/wp-json\/wp\/v2\/comments?post=273198"}],"version-history":[{"count":0,"href":"https:\/\/www.europesays.com\/fr\/wp-json\/wp\/v2\/posts\/273198\/revisions"}],"wp:featuredmedia":[{"embeddable":true,"href":"https:\/\/www.europesays.com\/fr\/wp-json\/wp\/v2\/media\/273199"}],"wp:attachment":[{"href":"https:\/\/www.europesays.com\/fr\/wp-json\/wp\/v2\/media?parent=273198"}],"wp:term":[{"taxonomy":"category","embeddable":true,"href":"https:\/\/www.europesays.com\/fr\/wp-json\/wp\/v2\/categories?post=273198"},{"taxonomy":"post_tag","embeddable":true,"href":"https:\/\/www.europesays.com\/fr\/wp-json\/wp\/v2\/tags?post=273198"}],"curies":[{"name":"wp","href":"https:\/\/api.w.org\/{rel}","templated":true}]}}