{"id":273200,"date":"2025-07-25T16:41:12","date_gmt":"2025-07-25T16:41:12","guid":{"rendered":"https:\/\/www.europesays.com\/fr\/273200\/"},"modified":"2025-07-25T16:41:12","modified_gmt":"2025-07-25T16:41:12","slug":"motogp-et-si-marc-marquez-netait-pas-la-le-motogp-2025-en-serait-bouleverse","status":"publish","type":"post","link":"https:\/\/www.europesays.com\/fr\/273200\/","title":{"rendered":"MotoGP : et si Marc Marquez n\u2019\u00e9tait pas l\u00e0 ? Le MotoGP 2025 en serait boulevers\u00e9"},"content":{"rendered":"<p><strong>On le sait, l\u2019histoire ne se fait pas avec des<br \/>\n\u00ab\u00a0si\u00a0\u00bb. Mais parfois, un brin d\u2019imagination permet de<br \/>\nmieux lire la r\u00e9alit\u00e9. Dans le cas du Championnat MotoGP 2025, il<br \/>\nsuffit de retirer un seul nom du puzzle pour que tout s\u2019effondre<br \/>\nou\u2026 se transforme : Marc Marquez.<\/strong><\/p>\n<p>L\u2019arriv\u00e9e du huit fois champion du monde chez<br \/>\n<strong>Ducati<\/strong> a eu l\u2019effet d\u2019un ast\u00e9ro\u00efde percutant le<br \/>\npaddock. Si bien que, pour comprendre la v\u00e9ritable valeur de<br \/>\n<strong>Ducati<\/strong> et de ses rivaux, il est tentant de rejouer<br \/>\nla saison sans lui. Juste pour voir. Et ce que l\u2019on d\u00e9couvre est<br \/>\nrenversant.<\/p>\n<p>Sans son fr\u00e8re <strong>Marc<\/strong> en piste, <strong>Alex<br \/>\nMarquez<\/strong> aurait \u00e9t\u00e9 le grand b\u00e9n\u00e9ficiaire du chaos. En<br \/>\nretirant les <strong>8<\/strong> victoires en Grand Prix remport\u00e9es<br \/>\npar Marc, <strong>Alex en r\u00e9cup\u00e8re 5<\/strong>, auxquelles s\u2019ajoute<br \/>\nsa victoire bien r\u00e9elle \u00e0 Jerez. Total : <strong>6<\/strong><br \/>\nvictoires.<\/p>\n<p>Et ce n\u2019est pas tout. En <strong>sprint<\/strong>, le cadet de la<br \/>\nfratrie aurait explos\u00e9 : <strong>10<\/strong> victoires, dont<br \/>\n<strong>9<\/strong> reprises \u00e0 son fr\u00e8re. Une domination \u00e9clatante<br \/>\navec une machine satellite, la <strong>GP24<\/strong> de<br \/>\n<strong>Gresini<\/strong>. De quoi bouleverser l\u2019ordre \u00e9tabli.<\/p>\n<p>Ironie supr\u00eame : sans Marc, <strong>Ducati<\/strong> remporterait<br \/>\ntout de m\u00eame 8 Grands Prix sur 12 et 10 sprints. <strong>Mais les<br \/>\nlauriers iraient non pas \u00e0 l\u2019\u00e9quipe officielle\u2026 mais \u00e0 Gresini<br \/>\nRacing, l\u2019\u00e9quipe cliente<\/strong>. La \u00ab\u00a0vieille\u00a0\u00bb<br \/>\n<strong>GP24<\/strong> aurait \u00e0 elle seule assur\u00e9 la moiti\u00e9 des<br \/>\nvictoires du calendrier.<\/p>\n<p>Dans ce sc\u00e9nario parall\u00e8le, les dirigeants de Borgo Panigale<br \/>\nauraient eu bien du mal \u00e0 justifier les choix techniques de la<br \/>\n<strong>GP25<\/strong>, jug\u00e9e alors inf\u00e9rieure.<br \/>\n<strong>Bagnaia<\/strong>, malgr\u00e9 un petit coup de pouce (une<br \/>\nvictoire de plus), serait rest\u00e9 en retrait, et aurait sans doute<br \/>\nexerc\u00e9 une pression plus forte en coulisses pour faire \u00e9voluer la<br \/>\nmoto \u2013 d\u00e8s les essais hivernaux.<\/p>\n<p><img loading=\"lazy\" decoding=\"async\" class=\"aligncenter\" src=\"https:\/\/www.europesays.com\/fr\/wp-content\/uploads\/2025\/07\/GettyImages-2225049708-1140x760.jpg\" alt=\"Photo de Qian Jun\/MB Media\/Getty Images\" width=\"863\" height=\"575\"\/><\/p>\n<p><strong>Sans Marc Marquez\u00a0? Un<br \/>\nchampionnat plus ouvert\u2026 mais moins star<\/strong><\/p>\n<p>Autre grand gagnant : <strong>Marco Bezzecchi<\/strong>. Sans<br \/>\n<strong>Marquez<\/strong> pour barrer la route, \u00ab\u00a0Bez\u00a0\u00bb<br \/>\naurait sign\u00e9 <strong>3<\/strong> victoires, et plac\u00e9<br \/>\n<strong>Aprilia<\/strong> encore plus r\u00e9guli\u00e8rement sur le podium.<br \/>\nIl serait devenu un s\u00e9rieux candidat au titre dans un championnat<br \/>\nplus \u00e9quilibr\u00e9.<\/p>\n<p>\u00c0 noter : depuis Silverstone, <strong>Bezzecchi<\/strong> a<br \/>\nmarqu\u00e9 108 points, soit \u00e0 peine 4 de moins qu\u2019<strong>Alex<br \/>\nMarquez<\/strong> sur la m\u00eame p\u00e9riode. <strong>Bagnaia<\/strong> en a<br \/>\ninscrit 93, <strong>Acosta<\/strong> et <strong>Di<br \/>\nGiannantonio<\/strong> 78. Autrement dit, <a href=\"https:\/\/www.paddock-gp.com\/motogp-jorge-martin-revele-jai-eu-peur-de-la-reaction-des-fans-aprilia-mais-tout-le-monde-a-ete-incroyablement-gentil\/\" rel=\"nofollow noopener\" target=\"_blank\"><br \/>\n<strong>Aprilia<\/strong><\/a> n\u2019aurait pas \u00e9t\u00e9 loin de bouleverser<br \/>\nl\u2019ordre <strong>Ducati<\/strong>\u2026<\/p>\n<p>Et c\u2019est l\u00e0 que le b\u00e2t blesse : avec un <strong>Marc<br \/>\nM\u00e1rquez<\/strong> aussi dominant, <strong>Ducati<\/strong> n\u2019a plus<br \/>\nde raison d\u2019acc\u00e9l\u00e9rer le d\u00e9veloppement de la Desmosedici.<br \/>\n<strong>Gigi Dall\u2019Igna<\/strong> l\u2019a admis \u00e0 demi-mot apr\u00e8s le GP de<br \/>\nR\u00e9publique tch\u00e8que : la pression pour \u00ab\u00a0am\u00e9liorer\u00a0\u00bb a<br \/>\ndisparu\u2026 puisque <strong>Marc<\/strong> compense tout.<\/p>\n<p>Et c\u2019est bien \u00e7a, le vrai probl\u00e8me. Car sans cette pression,<br \/>\nl\u2019innovation ralentit, et les rivaux reviennent.<br \/>\n<strong>Aprilia<\/strong> pousse. <strong>KTM<\/strong> grince.<br \/>\n<strong>Bezzecchi<\/strong> menace. Et pendant ce temps,<br \/>\n<strong>Ducati<\/strong> dort (presque) sur ses lauriers.<\/p>\n<p>Imaginer un championnat <a href=\"https:\/\/www.motogp.com\/en\" rel=\"nofollow noopener\" target=\"_blank\">MotoGP<\/a> sans <strong>Marc<br \/>\nMarquez<\/strong>, c\u2019est comme enlever le final d\u2019un jeu vid\u00e9o. Cela<br \/>\nrend le parcours plus accessible\u2026 mais beaucoup moins \u00e9pique. Cela<br \/>\nr\u00e9v\u00e8le aussi que la hi\u00e9rarchie serait tout sauf fig\u00e9e, avec un<br \/>\n<a href=\"https:\/\/www.paddock-gp.com\/motogp-allemagne-course-live\/\" rel=\"nofollow noopener\" target=\"_blank\"><strong>Alex<br \/>\nMarquez<\/strong><\/a> en leader, un <strong>Bezzecchi<\/strong> en<br \/>\npleine mont\u00e9e, et une <strong>GP24<\/strong> qui humilie parfois la<br \/>\nmoto d\u2019usine.<\/p>\n<p>Bref, le vrai impact de <strong>Marc<\/strong> ne se mesure pas<br \/>\nqu\u2019en victoires, mais en \u00e9quilibres boulevers\u00e9s, en dynamiques<br \/>\nfig\u00e9es et en ambitions \u00e9touff\u00e9es. Sans lui, tout aurait \u00e9t\u00e9<br \/>\ndiff\u00e9rent. Et peut-\u00eatre moins fascinant.<\/p>\n<p><img loading=\"lazy\" decoding=\"async\" class=\"aligncenter size-full wp-image-1313842\" src=\"https:\/\/www.europesays.com\/fr\/wp-content\/uploads\/2025\/07\/Marc-Marquez-4-2.jpg\" alt=\"Marc Marquez \" width=\"754\" height=\"495\"  \/><\/p>\n<p>\u00a0<\/p>\n","protected":false},"excerpt":{"rendered":"On le sait, l\u2019histoire ne se fait pas avec des \u00ab\u00a0si\u00a0\u00bb. Mais parfois, un brin d\u2019imagination permet de&hellip;\n","protected":false},"author":2,"featured_media":273201,"comment_status":"","ping_status":"","sticky":false,"template":"","format":"standard","meta":{"footnotes":""},"categories":[1413],"tags":[1011,27,1457,1456,60],"class_list":{"0":"post-273200","1":"post","2":"type-post","3":"status-publish","4":"format-standard","5":"has-post-thumbnail","7":"category-moto","8":"tag-fr","9":"tag-france","10":"tag-moto","11":"tag-motocycle","12":"tag-sports"},"share_on_mastodon":{"url":"https:\/\/pubeurope.com\/@fr\/114914871581611288","error":""},"_links":{"self":[{"href":"https:\/\/www.europesays.com\/fr\/wp-json\/wp\/v2\/posts\/273200","targetHints":{"allow":["GET"]}}],"collection":[{"href":"https:\/\/www.europesays.com\/fr\/wp-json\/wp\/v2\/posts"}],"about":[{"href":"https:\/\/www.europesays.com\/fr\/wp-json\/wp\/v2\/types\/post"}],"author":[{"embeddable":true,"href":"https:\/\/www.europesays.com\/fr\/wp-json\/wp\/v2\/users\/2"}],"replies":[{"embeddable":true,"href":"https:\/\/www.europesays.com\/fr\/wp-json\/wp\/v2\/comments?post=273200"}],"version-history":[{"count":0,"href":"https:\/\/www.europesays.com\/fr\/wp-json\/wp\/v2\/posts\/273200\/revisions"}],"wp:featuredmedia":[{"embeddable":true,"href":"https:\/\/www.europesays.com\/fr\/wp-json\/wp\/v2\/media\/273201"}],"wp:attachment":[{"href":"https:\/\/www.europesays.com\/fr\/wp-json\/wp\/v2\/media?parent=273200"}],"wp:term":[{"taxonomy":"category","embeddable":true,"href":"https:\/\/www.europesays.com\/fr\/wp-json\/wp\/v2\/categories?post=273200"},{"taxonomy":"post_tag","embeddable":true,"href":"https:\/\/www.europesays.com\/fr\/wp-json\/wp\/v2\/tags?post=273200"}],"curies":[{"name":"wp","href":"https:\/\/api.w.org\/{rel}","templated":true}]}}