{"id":273204,"date":"2025-07-25T16:43:14","date_gmt":"2025-07-25T16:43:14","guid":{"rendered":"https:\/\/www.europesays.com\/fr\/273204\/"},"modified":"2025-07-25T16:43:14","modified_gmt":"2025-07-25T16:43:14","slug":"yoann-offredo-les-roues-de-linfortune-liberation","status":"publish","type":"post","link":"https:\/\/www.europesays.com\/fr\/273204\/","title":{"rendered":"Yoann Offredo, les roues de l\u2019infortune \u2013 Lib\u00e9ration"},"content":{"rendered":"<p class=\"sc-ksZaOG ehjQrN text-element\">Assis sur un rocher le long d\u2019un ruisseau, <a href=\"https:\/\/www.liberation.fr\/sports\/2017\/07\/13\/tour-on-essaie-de-ne-pas-penser-aux-risques-chaque-matin_1583719\/\" target=\"_blank\" rel=\"noreferrer noopener\" title=\"https:\/\/www.liberation.fr\/sports\/2017\/07\/13\/tour-on-essaie-de-ne-pas-penser-aux-risques-chaque-matin_1583719\/\">Yoann Offredo<\/a> tourne la t\u00eate \u00e0 gauche, \u00e0 droite. Il secoue les \u00e9paules et se p\u00e9trit le biceps droit. Il dit : \u00abDepuis quelques jours, je ne dors plus.\u00bb Il h\u00e9site. \u00abJe sortais d\u2019un restau, \u00e0 Toulouse, o\u00f9 le Tour a fait \u00e9tape, et un mec est tomb\u00e9 du ciel.\u00bb Il s\u2019arr\u00eate. \u00abIl y a eu un \u00e9norme bruit et, tout d\u2019un coup, le silence complet.\u00bb Un SDF s\u2019est suicid\u00e9, sautant du dernier \u00e9tage d\u2019un parking. L\u2019ancien cycliste pro sur route continue : \u00abJe m\u2019en veux. Je ne sais pas de quoi, mais j\u2019ai le sentiment d\u2019une immense injustice.\u00bb Tout Yoann Offredo, 38 ans, est dans ce fait divers tragique. Il voudrait sauver le monde en oubliant parfois de se sauver lui-m\u00eame.<\/p>\n<p class=\"sc-ksZaOG ehjQrN text-element\">On se rencontre sur les contrebas du mont Ventoux, dans le village de \u00abMalauc\u00e8ne\u00bb, au nom \u00e9voquant la saga de Daniel Pennac. Avec sa t\u00eate de h\u00e9ros de BD, sa m\u00e8che blonde, ses traits juv\u00e9niles comme trac\u00e9s au crayon, le consultant de France T\u00e9l\u00e9visions pourrait \u00eatre un personnage de l\u2019\u00e9crivain. Un m\u00e9lange de \u00abBenjamin\u00bb (il veut bien faire, mais attire les probl\u00e8mes), du \u00abPetit\u00bb (il doit vivre avec ses cauchemars) et de \u00abC\u2019est un Ange\u00bb pour la dimension christique inh\u00e9rente \u00e0 tous coureurs <\/p>\n","protected":false},"excerpt":{"rendered":"Assis sur un rocher le long d\u2019un ruisseau, Yoann Offredo tourne la t\u00eate \u00e0 gauche, \u00e0 droite. Il&hellip;\n","protected":false},"author":2,"featured_media":273205,"comment_status":"","ping_status":"","sticky":false,"template":"","format":"standard","meta":{"footnotes":""},"categories":[1411],"tags":[1154,207,1011,27,60,1138,210],"class_list":{"0":"post-273204","1":"post","2":"type-post","3":"status-publish","4":"format-standard","5":"has-post-thumbnail","7":"category-cyclisme","8":"tag-cycling","9":"tag-cyclisme","10":"tag-fr","11":"tag-france","12":"tag-sports","13":"tag-tadej-pogacar","14":"tag-tour-de-france"},"share_on_mastodon":{"url":"https:\/\/pubeurope.com\/@fr\/114914879411639142","error":""},"_links":{"self":[{"href":"https:\/\/www.europesays.com\/fr\/wp-json\/wp\/v2\/posts\/273204","targetHints":{"allow":["GET"]}}],"collection":[{"href":"https:\/\/www.europesays.com\/fr\/wp-json\/wp\/v2\/posts"}],"about":[{"href":"https:\/\/www.europesays.com\/fr\/wp-json\/wp\/v2\/types\/post"}],"author":[{"embeddable":true,"href":"https:\/\/www.europesays.com\/fr\/wp-json\/wp\/v2\/users\/2"}],"replies":[{"embeddable":true,"href":"https:\/\/www.europesays.com\/fr\/wp-json\/wp\/v2\/comments?post=273204"}],"version-history":[{"count":0,"href":"https:\/\/www.europesays.com\/fr\/wp-json\/wp\/v2\/posts\/273204\/revisions"}],"wp:featuredmedia":[{"embeddable":true,"href":"https:\/\/www.europesays.com\/fr\/wp-json\/wp\/v2\/media\/273205"}],"wp:attachment":[{"href":"https:\/\/www.europesays.com\/fr\/wp-json\/wp\/v2\/media?parent=273204"}],"wp:term":[{"taxonomy":"category","embeddable":true,"href":"https:\/\/www.europesays.com\/fr\/wp-json\/wp\/v2\/categories?post=273204"},{"taxonomy":"post_tag","embeddable":true,"href":"https:\/\/www.europesays.com\/fr\/wp-json\/wp\/v2\/tags?post=273204"}],"curies":[{"name":"wp","href":"https:\/\/api.w.org\/{rel}","templated":true}]}}