{"id":273208,"date":"2025-07-25T16:45:12","date_gmt":"2025-07-25T16:45:12","guid":{"rendered":"https:\/\/www.europesays.com\/fr\/273208\/"},"modified":"2025-07-25T16:45:12","modified_gmt":"2025-07-25T16:45:12","slug":"ca-ma-conduit-a-faire-faillite-comment-francis-lalanne-a-perdu-son-statut-de-millionnaire","status":"publish","type":"post","link":"https:\/\/www.europesays.com\/fr\/273208\/","title":{"rendered":"\u00ab\u00a0\u00c7a m&rsquo;a conduit \u00e0 faire faillite\u00a0\u00bb : comment Francis Lalanne a perdu son statut de millionnaire"},"content":{"rendered":"<p class=\"p1\">R\u00e9v\u00e9l\u00e9 dans les ann\u00e9es 1980, Francis Lalanne a marqu\u00e9<br \/>\nla sc\u00e8ne musicale fran\u00e7aise. Par la suite, le chanteur engag\u00e9 a<br \/>\nsouvent fait pol\u00e9mique en raison de <a href=\"https:\/\/www.closermag.fr\/people\/francis-lalanne-un-abruti-en-pleine-pandemie-de-covid-19-la-justice-sy-est-penchee-et-3529061\" target=\"_blank\" rel=\"noopener\"><br \/>\nses prises de position<\/a> politiques et \u00e9cologiques. Jeudi 24<br \/>\njuillet, il s\u2019est rendu dans l\u2019\u00e9mission <strong>Le Jet de<br \/>\nLuxe<\/strong>, diffus\u00e9e sur YouTube.<\/p>\n<p class=\"p1\">Face \u00e0 Jordan de Luxe, Francis Lalanne a longuement<br \/>\n\u00e9voqu\u00e9 <strong>sa vie priv\u00e9e<\/strong>. En plus de parler de la<br \/>\n<a href=\"https:\/\/www.closermag.fr\/people\/francis-lalanne-soigne-de-son-cancer-par-des-traitements-alternatifs-les-specialistes-tirent-la-sonnette-dalarme-3566746\" target=\"_blank\" rel=\"noopener\"><br \/>\nr\u00e9mission de son cancer<\/a>, il a abord\u00e9 <strong>son rapport \u00e0<br \/>\nl\u2019argent<\/strong>. \u201cJe pense que l\u2019argent est fait pour \u00eatre<br \/>\nd\u00e9pens\u00e9. C&rsquo;est-\u00e0-dire que je ne suis pas quelqu\u2019un qui \u00e9conomise<br \/>\ncomme un \u00e9cureuil, qui met des petites noisettes dans l\u2019\u00e9corce de<br \/>\nson tronc\u201d, a-t-il assur\u00e9.<\/p>\n<p>Francis Lalanne : \u201cJe ne suis ni riche, ni<br \/>\npauvre\u201d<\/p>\n<p class=\"p1\">Interrog\u00e9 sur sa <strong>situation financi\u00e8re<br \/>\nactuelle<\/strong>, Francis Lalanne a d\u00e9menti \u00eatre \u201c\u00e0 la<br \/>\nrue\u201d. Il a ainsi affirm\u00e9 \u00e0 <a href=\"https:\/\/www.telestar.fr\/actu_tv\/cest-pas-facile-jordan-de-luxe-envahi-par-lemotion-avant-de-rendre-lantenne-sur-c8-1702469\" target=\"_blank\" rel=\"noopener\">Jordan de Luxe<\/a> : \u201cJe ne suis<br \/>\nni riche, ni pauvre. Je vais bient\u00f4t toucher ma retraite\u201d.<br \/>\nL\u2019homme de 66 ans ne sait toutefois pas quel sera le montant de<br \/>\n<strong>sa retraite<\/strong>. \u201cOn va me donner ce qu\u2019on m\u2019a<br \/>\npris, enfin une partie puisque je mourrai avant d\u2019avoir r\u00e9cup\u00e9r\u00e9<br \/>\nl\u2019int\u00e9gralit\u00e9\u201d, a-t-il ajout\u00e9.<\/p>\n<p class=\"p1\">Au d\u00e9but de sa carri\u00e8re, Francis Lalanne a r\u00e9ussi \u00e0<br \/>\nb\u00e2tir <strong>une v\u00e9ritable fortune<\/strong>. En effet, rien que sa<br \/>\npremi\u00e8re ann\u00e9e de tourn\u00e9e, <a href=\"https:\/\/www.closermag.fr\/people\/francis-lalanne-qui-sont-les-meres-de-ses-enfants-1163625#item=1\" target=\"_blank\" rel=\"noopener\"><br \/>\nle p\u00e8re de famille<\/a> s\u2019est produit <strong>385 fois sur<br \/>\nsc\u00e8ne<\/strong>. \u201c20 de plus que de jours dans l\u2019ann\u00e9e. J\u2019avais<br \/>\ndes week-ends \u00e0 six concerts\u201d, s\u2019est-il rappel\u00e9. Un rythme<br \/>\nintense qui lui a permis de devenir millionnaire.<\/p>\n<p>Le chanteur a investi sa fortune<br \/>\ndans le cin\u00e9ma<\/p>\n<p class=\"p1\">Si <a href=\"https:\/\/www.closermag.fr\/people\/francis-lalanne-se-fait-voler-sa-sacoche-un-garcon-de-11-ans-le-lui-rapporte-860528#item=1\" target=\"_blank\" rel=\"noopener\"><br \/>\nFrancis Lalanne<\/a> \u00e9tait auparavant millionnaire, la situation a<br \/>\nensuite chang\u00e9. En effet, <strong>sa fortune est partie en<br \/>\nfum\u00e9e<\/strong>. \u201cJe l\u2019ai cram\u00e9 et tout le monde sait comment :<br \/>\nen produisant les films de mon fr\u00e8re. \u00c7a m\u2019a conduit \u00e0 la faillite.<br \/>\nJ\u2019ai fait faillite et apr\u00e8s j\u2019ai recommenc\u00e9 ma vie\u201d, a-t-il<br \/>\nd\u00e9voil\u00e9.<\/p>\n<p class=\"p1\">Pour rappel, Francis Lalanne est le fr\u00e8re du<br \/>\nguitariste <a href=\"https:\/\/www.closermag.fr\/people\/on-ne-se-voit-plus-agace-par-une-question-sur-son-frere-francis-jean-felix-lalanne-se-confie-sur-leur-relation-tendue-3507016\" target=\"_blank\" rel=\"noopener\"><br \/>\nJean-F\u00e9lix Lalanne<\/a> et du r\u00e9alisateur <strong>Ren\u00e9<br \/>\nManzor<\/strong>. Au cin\u00e9ma, il a notamment <strong>coproduit deux<br \/>\nfilms<\/strong> r\u00e9alis\u00e9s par son fr\u00e8re : Le Passage en 1986<br \/>\net 3615 code P\u00e8re No\u00ebl en 1990. Des longs-m\u00e9trages qui<br \/>\nauraient donc eu raison de son statut de millionnaire.<\/p>\n","protected":false},"excerpt":{"rendered":"R\u00e9v\u00e9l\u00e9 dans les ann\u00e9es 1980, Francis Lalanne a marqu\u00e9 la sc\u00e8ne musicale fran\u00e7aise. Par la suite, le chanteur&hellip;\n","protected":false},"author":2,"featured_media":273209,"comment_status":"","ping_status":"","sticky":false,"template":"","format":"standard","meta":{"footnotes":""},"categories":[1359],"tags":[548,58,59,1011,27,21301,973,729],"class_list":{"0":"post-273208","1":"post","2":"type-post","3":"status-publish","4":"format-standard","5":"has-post-thumbnail","7":"category-people","8":"tag-article-simple","9":"tag-divertissement","10":"tag-entertainment","11":"tag-fr","12":"tag-france","13":"tag-francis-lalanne","14":"tag-people","15":"tag-yout_video"},"share_on_mastodon":{"url":"https:\/\/pubeurope.com\/@fr\/114914887173591490","error":""},"_links":{"self":[{"href":"https:\/\/www.europesays.com\/fr\/wp-json\/wp\/v2\/posts\/273208","targetHints":{"allow":["GET"]}}],"collection":[{"href":"https:\/\/www.europesays.com\/fr\/wp-json\/wp\/v2\/posts"}],"about":[{"href":"https:\/\/www.europesays.com\/fr\/wp-json\/wp\/v2\/types\/post"}],"author":[{"embeddable":true,"href":"https:\/\/www.europesays.com\/fr\/wp-json\/wp\/v2\/users\/2"}],"replies":[{"embeddable":true,"href":"https:\/\/www.europesays.com\/fr\/wp-json\/wp\/v2\/comments?post=273208"}],"version-history":[{"count":0,"href":"https:\/\/www.europesays.com\/fr\/wp-json\/wp\/v2\/posts\/273208\/revisions"}],"wp:featuredmedia":[{"embeddable":true,"href":"https:\/\/www.europesays.com\/fr\/wp-json\/wp\/v2\/media\/273209"}],"wp:attachment":[{"href":"https:\/\/www.europesays.com\/fr\/wp-json\/wp\/v2\/media?parent=273208"}],"wp:term":[{"taxonomy":"category","embeddable":true,"href":"https:\/\/www.europesays.com\/fr\/wp-json\/wp\/v2\/categories?post=273208"},{"taxonomy":"post_tag","embeddable":true,"href":"https:\/\/www.europesays.com\/fr\/wp-json\/wp\/v2\/tags?post=273208"}],"curies":[{"name":"wp","href":"https:\/\/api.w.org\/{rel}","templated":true}]}}