{"id":273210,"date":"2025-07-25T16:46:11","date_gmt":"2025-07-25T16:46:11","guid":{"rendered":"https:\/\/www.europesays.com\/fr\/273210\/"},"modified":"2025-07-25T16:46:11","modified_gmt":"2025-07-25T16:46:11","slug":"le-projet-du-musee-consacre-a-hector-guimard-et-a-lart-nouveau-prend-forme","status":"publish","type":"post","link":"https:\/\/www.europesays.com\/fr\/273210\/","title":{"rendered":"Le projet du mus\u00e9e consacr\u00e9 \u00e0 Hector Guimard et \u00e0 l\u2019Art nouveau prend forme"},"content":{"rendered":"<p>Apr\u00e8s douze mois de travaux de r\u00e9novation, l\u2019h\u00f4tel Mezzara, \u00e9rig\u00e9 par l\u2019architecte en 1910 dans le XVIe arrondissement de Paris, abritera le futur mus\u00e9e dont l\u2019ouverture est pr\u00e9vue en janvier 2028, a annonc\u00e9 ce vendredi Rachida Dati.<\/p>\n<p class=\"fig-paragraph\">Un mus\u00e9e d\u00e9di\u00e9 \u00e0 Hector Guimard (1867-1942) et \u00e0 l&rsquo;Art Nouveau devrait\u00a0<a href=\"http:\/\/www.lefigaro.fr\/culture\/patrimoine\/l-architecte-hector-guimard-maitre-de-l-art-nouveau-va-avoir-son-musee-a-paris-20250702\" data-fig-type=\"Article\" data-gtm-custom-categorie=\"navigation\" data-gtm-custom-action=\"crossclick\" data-gtm-custom-label=\"Contextuel\" data-gtm-event=\"customEventSPE\" data-fig-domain=\"LEFIGARO\" target=\"_blank\" rel=\"noopener\">voir le jour en 2028 \u00e0 Paris<\/a>\u00a0dans un h\u00f4tel particulier \u00e9rig\u00e9 par cet architecte \u00e9galement cr\u00e9ateur des entr\u00e9es du m\u00e9tro parisien. La \u00abpremi\u00e8re \u00e9tape\u00bb du projet est intervenue vendredi avec la signature de la \u00abpromesse d&rsquo;un bail emphyt\u00e9otique de valorisation de 50 ans\u00bb pour l&rsquo;h\u00f4tel Mezzara, par l&rsquo;\u00c9tat, propri\u00e9taire, le\u00a0<a href=\"http:\/\/www.lefigaro.fr\/conjoncture\/budget-2026-le-ministere-de-la-culture-reduit-a-peau-de-chagrin-20250703\" data-fig-type=\"Article\" data-gtm-custom-categorie=\"navigation\" data-gtm-custom-action=\"crossclick\" data-gtm-custom-label=\"Contextuel\" data-gtm-event=\"customEventSPE\" data-fig-domain=\"LEFIGARO\" target=\"_blank\" rel=\"noopener\">minist\u00e8re de la Culture<\/a>\u00a0et la Fonci\u00e8re Guimard, en pr\u00e9sence de la ministre de la Culture,\u00a0<a href=\"http:\/\/www.lefigaro.fr\/politique\/en-finir-avec-ce-joyeux-bordel-reunion-de-la-derniere-chance-entre-retailleau-dati-et-barnier-en-vue-d-un-deal-pour-la-legislative-partielle-20250725\" data-fig-type=\"NewsFlash\" data-gtm-custom-categorie=\"navigation\" data-gtm-custom-action=\"crossclick\" data-gtm-custom-label=\"Contextuel\" data-gtm-event=\"customEventSPE\" data-fig-domain=\"LEFIGARO\" target=\"_blank\" rel=\"noopener\">Rachida Dati<\/a>, a constat\u00e9 une journaliste de l&rsquo;AFP.<\/p>\n<p class=\"fig-paragraph\">\u00c9rig\u00e9 dans le\u00a0<a href=\"http:\/\/www.lefigaro.fr\/faits-divers\/paris-colere-du-maire-du-xvie-d-arrondissement-apres-la-requisition-d-un-gymnase-par-la-ville-pour-accueillir-des-migrants-20250129\" data-fig-type=\"NewsFlash\" data-gtm-custom-categorie=\"navigation\" data-gtm-custom-action=\"crossclick\" data-gtm-custom-label=\"Contextuel\" data-gtm-event=\"customEventSPE\" data-fig-domain=\"LEFIGARO\" target=\"_blank\" rel=\"noopener\">XVIe arrondissement\u00a0<\/a>de la capitale en 1910 par Hector Guimard, repr\u00e9sentant majeur de l&rsquo;Art Nouveau en France, l&rsquo;h\u00f4tel Mezzara doit abriter le futur mus\u00e9e apr\u00e8s des travaux de restauration de \u00abdouze mois\u00bb. Sa date d&rsquo;ouverture est \u00abpr\u00e9vue en janvier 2028\u00bb, a annonc\u00e9 la\u00a0<a href=\"http:\/\/www.lefigaro.fr\/culture\/la-nouvelle-version-de-la-belle-et-la-bete-n-est-pas-adaptee-aux-eleves-de-dix-ans-selon-elisabeth-borne-20250320\" data-fig-type=\"Article\" data-gtm-custom-categorie=\"navigation\" data-gtm-custom-action=\"crossclick\" data-gtm-custom-label=\"Contextuel\" data-gtm-event=\"customEventSPE\" data-fig-domain=\"LEFIGARO\" target=\"_blank\" rel=\"noopener\">ministre de la Culture<\/a>. \u00abTrop longtemps ignor\u00e9, l&rsquo;Art Nouveau est aujourd&rsquo;hui consid\u00e9r\u00e9 comme un art pr\u00e9curseur majeur du XXe si\u00e8cle et m\u00e9rite de disposer de ce lieu d\u00e9di\u00e9 pour pr\u00e9senter au public toute sa richesse et son influence durable sur l&rsquo;histoire de l&rsquo;art\u00bb, a estim\u00e9\u00a0<a href=\"http:\/\/www.lefigaro.fr\/politique\/rattrapee-par-son-proces-rachida-dati-contre-attaque-20250723\" data-fig-type=\"Article\" data-gtm-custom-categorie=\"navigation\" data-gtm-custom-action=\"crossclick\" data-gtm-custom-label=\"Contextuel\" data-gtm-event=\"customEventSPE\" data-fig-domain=\"LEFIGARO\" target=\"_blank\" rel=\"noopener\">Rachida Dati<\/a>\u00a0lors d&rsquo;une visite des lieux. \u00abCe chef-d\u2019\u0153uvre s&rsquo;appr\u00eate \u00e0 retrouver son \u00e9clat apr\u00e8s une longue p\u00e9riode d&rsquo;inoccupation\u00bb, a salu\u00e9 la ministre.<\/p>\n<p>                                    <a class=\"fig-a11y-skip a11y-hidden\" href=\"#fig-a11y-skip-main-inarticle\"><br \/>\n        Passer la publicit\u00e9<br \/>\n    <\/a><\/p>\n<p>Une nouvelle offre culturelle<\/p>\n<p class=\"fig-paragraph\">Bien qu&rsquo;un peu d\u00e9labr\u00e9e et laissant place aux mauvaises herbes, l&rsquo;entr\u00e9e de l&rsquo;\u00e9difice conserve sa splendeur pass\u00e9e, tout comme son int\u00e9rieur, en d\u00e9pit d&rsquo;une peinture craquel\u00e9e et de papiers peints fleuris d\u00e9fra\u00eechis. Inoccup\u00e9 depuis pr\u00e8s de dix ans apr\u00e8s avoir \u00e9t\u00e9 un internat pour jeunes filles, il a \u00e9t\u00e9 con\u00e7u pour un riche industriel et est class\u00e9 au titre des\u00a0<a href=\"http:\/\/www.lefigaro.fr\/actualite-france\/le-concorde-pionnier-des-avions-supersoniques-classe-au-titre-des-monuments-historiques-20250505\" data-fig-type=\"NewsFlash\" data-gtm-custom-categorie=\"navigation\" data-gtm-custom-action=\"crossclick\" data-gtm-custom-label=\"Contextuel\" data-gtm-event=\"customEventSPE\" data-fig-domain=\"LEFIGARO\" target=\"_blank\" rel=\"noopener\">monuments historiques<\/a>\u00a0depuis 2016 avec son mobilier int\u00e9rieur d&rsquo;origine. \u00abOn voit la main de Guimard partout\u00bb, s&rsquo;enthousiasme Nicolas Horiot, pr\u00e9sident du cercle Guimard qui rassemble des experts et des passionn\u00e9s de l&rsquo;architecte et d\u00e9corateur. Chaque porte, chaque vitrail, l&rsquo;impressionnant escalier m\u00e9tallique qui occupe un tiers de l&rsquo;atrium et m\u00eame les meubles de la salle \u00e0 manger ont \u00e9t\u00e9 dessin\u00e9s par l&rsquo;artiste. \u00abNous voulions r\u00e9pondre \u00e0 la frustration des personnes qui s&rsquo;int\u00e9ressent \u00e0 Guimard, car toutes ses \u0153uvres sont des biens priv\u00e9s. On va pouvoir leur ouvrir les portes\u00bb, s&rsquo;est-il r\u00e9joui.<\/p>\n<p class=\"fig-paragraph\">Consid\u00e9r\u00e9 comme un chef-d\u2019\u0153uvre de l&rsquo;Art Nouveau, il fait partie des cr\u00e9ations embl\u00e9matiques de Guimard parmi lesquelles les entr\u00e9es du\u00a0<a href=\"http:\/\/www.lefigaro.fr\/flash-actu\/paris-demantelement-d-un-reseau-bosnien-de-voleurs-dans-le-metro-parisien-20250618\" data-fig-type=\"NewsFlash\" data-gtm-custom-categorie=\"navigation\" data-gtm-custom-action=\"crossclick\" data-gtm-custom-label=\"Contextuel\" data-gtm-event=\"customEventSPE\" data-fig-domain=\"LEFIGARO\" target=\"_blank\" rel=\"noopener\">m\u00e9tro parisien<\/a>\u00a0avec leurs marquises, ferronneries vertes et lampadaires aux lignes v\u00e9g\u00e9tales. Ce mouvement artistique de la fin du XIXe et du d\u00e9but du XXe si\u00e8cles s&rsquo;appuie sur une esth\u00e9tique de la courbe et des motifs d\u00e9coratifs tout en arabesques florales et formes ovo\u00efdes, ce qui incita ses d\u00e9tracteurs \u00e0 l&rsquo;appeler \u00abstyle nouille\u00bb.<\/p>\n<p class=\"fig-paragraph\">Les travaux de restauration du futur mus\u00e9e, estim\u00e9s \u00e0 environ six millions d&rsquo;euros, seront enti\u00e8rement financ\u00e9s par la Fonci\u00e8re Guimard, a pr\u00e9cis\u00e9 le minist\u00e8re \u00e0 l&rsquo;AFP. L&rsquo;acte d\u00e9finitif du bail devrait intervenir \u00abdans les prochains mois\u00bb, selon Rachida Dati. Le prix de l&rsquo;entr\u00e9e devrait osciller entre 15 et 20 euros, selon le pr\u00e9sident du Cercle Guimard. Jusqu&rsquo;\u00e0 pr\u00e9sent, le mus\u00e9e de l&rsquo;\u00c9cole de Nancy et son joyau la villa Majorelle est l&rsquo;un des rares mus\u00e9es fran\u00e7ais d\u00e9di\u00e9 \u00e0 l&rsquo;Art Nouveau. Il est situ\u00e9 dans l&rsquo;ancienne propri\u00e9t\u00e9 du plus important collectionneur de \u00abl&rsquo;\u00c9cole de Nancy\u00bb, Eug\u00e8ne Corbin, qui en fut le pr\u00e9curseur. Le mus\u00e9e offre aussi un aper\u00e7u des \u0153uvres de Guimard, Chaplet, Selmersheim ou Carabin.<\/p>\n","protected":false},"excerpt":{"rendered":"Apr\u00e8s douze mois de travaux de r\u00e9novation, l\u2019h\u00f4tel Mezzara, \u00e9rig\u00e9 par l\u2019architecte en 1910 dans le XVIe arrondissement&hellip;\n","protected":false},"author":2,"featured_media":273211,"comment_status":"","ping_status":"","sticky":false,"template":"","format":"standard","meta":{"footnotes":""},"categories":[1358],"tags":[35976,1348,1384,1385,251,1386,58,59,1011,27,3048,417],"class_list":{"0":"post-273210","1":"post","2":"type-post","3":"status-publish","4":"format-standard","5":"has-post-thumbnail","7":"category-arts-et-design","8":"tag-art-nouveau","9":"tag-arts","10":"tag-arts-and-design","11":"tag-arts-et-design","12":"tag-culture","13":"tag-design","14":"tag-divertissement","15":"tag-entertainment","16":"tag-fr","17":"tag-france","18":"tag-musee","19":"tag-rachida-dati"},"share_on_mastodon":{"url":"https:\/\/pubeurope.com\/@fr\/114914891090512206","error":""},"_links":{"self":[{"href":"https:\/\/www.europesays.com\/fr\/wp-json\/wp\/v2\/posts\/273210","targetHints":{"allow":["GET"]}}],"collection":[{"href":"https:\/\/www.europesays.com\/fr\/wp-json\/wp\/v2\/posts"}],"about":[{"href":"https:\/\/www.europesays.com\/fr\/wp-json\/wp\/v2\/types\/post"}],"author":[{"embeddable":true,"href":"https:\/\/www.europesays.com\/fr\/wp-json\/wp\/v2\/users\/2"}],"replies":[{"embeddable":true,"href":"https:\/\/www.europesays.com\/fr\/wp-json\/wp\/v2\/comments?post=273210"}],"version-history":[{"count":0,"href":"https:\/\/www.europesays.com\/fr\/wp-json\/wp\/v2\/posts\/273210\/revisions"}],"wp:featuredmedia":[{"embeddable":true,"href":"https:\/\/www.europesays.com\/fr\/wp-json\/wp\/v2\/media\/273211"}],"wp:attachment":[{"href":"https:\/\/www.europesays.com\/fr\/wp-json\/wp\/v2\/media?parent=273210"}],"wp:term":[{"taxonomy":"category","embeddable":true,"href":"https:\/\/www.europesays.com\/fr\/wp-json\/wp\/v2\/categories?post=273210"},{"taxonomy":"post_tag","embeddable":true,"href":"https:\/\/www.europesays.com\/fr\/wp-json\/wp\/v2\/tags?post=273210"}],"curies":[{"name":"wp","href":"https:\/\/api.w.org\/{rel}","templated":true}]}}