{"id":273212,"date":"2025-07-25T16:47:22","date_gmt":"2025-07-25T16:47:22","guid":{"rendered":"https:\/\/www.europesays.com\/fr\/273212\/"},"modified":"2025-07-25T16:47:22","modified_gmt":"2025-07-25T16:47:22","slug":"le-marche-de-ledition-savoure-les-mille-feuilles-des-chefs-cuisiniers","status":"publish","type":"post","link":"https:\/\/www.europesays.com\/fr\/273212\/","title":{"rendered":"Le march\u00e9 de l\u2019\u00e9dition savoure les mille feuilles des chefs cuisiniers"},"content":{"rendered":"<p>                         <img loading=\"lazy\" decoding=\"async\" src=\"https:\/\/www.europesays.com\/fr\/wp-content\/uploads\/2025\/07\/9a8b24c_upload-1-mryz5t16fzg6-cat-oneil-le-monde-food-final2-preview.jpg\" alt=\"\"   width=\"664\" height=\"443\"\/>      CAT O\u2019NEILL POUR \u00ab\u00a0LE MONDE\u00a0\u00bb                 <\/p>\n<p class=\"article__paragraph  \">La Librairie gourmande vient de d\u00e9m\u00e9nager rue Vavin (Paris 6e), dans ce qui fut le Parc aux cerfs, un restaurant pris\u00e9 de Montparnasse. Un d\u00e9cor qui ne d\u00e9paysera pas les quelque 15\u00a0000 r\u00e9f\u00e9rences de cette caverne d\u2019Ali Baba des ouvrages culinaires. On s\u2019enfonce dans la boutique en passant devant les rayons cuisine du quotidien, puis dans une pi\u00e8ce p\u00e2tisserie et boulangerie. D\u00e9filent des volumes vou\u00e9s aux boissons et aux sciences humaines. La gourmandise s\u2019aiguise au fil des th\u00e9matiques viande, poisson, sauces, fermentation\u2026 pour acc\u00e9der enfin au coin des artistes, celui des livres de chefs.<\/p>\n<p class=\"article__paragraph  \">De la r\u00e9\u00e9dition du m\u00e9di\u00e9val Viandier (Ed. Manucius), de Guillaume Tirel (1310-1395), dit \u00ab\u00a0Taillevent\u00a0\u00bb, \u00e0 l\u2019avant-gardiste Correspondances (Edition sur la cr\u00eate, 2024), d\u2019Hugo Roellinger, chef du Coquillage, \u00e0 Cancale (Ille-et-Vilaine), des centaines d\u2019ouvrages t\u00e9moignent de la place de la France dans l\u2019histoire de la gastronomie, de l\u2019\u00e9volution des go\u00fbts, du changement de statut des cuisiniers.<\/p>\n<p class=\"catcher__desc\">Cet article est tir\u00e9 du \u00ab\u00a0Hors-S\u00e9rie Le Monde \u2013 Big bang dans l\u2019assiette\u00a0\u00bb, juillet-septembre\u00a02025, en vente dans les kiosques ou par Internet en se rendant\u00a0sur <a href=\"https:\/\/boutique.lemonde.fr\/3896-big-bang-dans-l-assiette.html?lmd_campaign=services_boutique_lmfr&amp;lmd_medium=display&amp;lmd_variant=article&amp;lmd_creation=big-bang-dans-l-assiette\" target=\"_blank\" rel=\"noopener nofollow\" title=\"Nouvelle fen\u00eatre\">le site de notre boutique<\/a>.<\/p>\n<p class=\"reading-mode-only \"><strong>Il vous reste 89.94% de cet article \u00e0 lire. La suite est r\u00e9serv\u00e9e aux abonn\u00e9s.<\/strong><\/p>\n","protected":false},"excerpt":{"rendered":"CAT O\u2019NEILL POUR \u00ab\u00a0LE MONDE\u00a0\u00bb La Librairie gourmande vient de d\u00e9m\u00e9nager rue Vavin (Paris 6e), dans ce qui&hellip;\n","protected":false},"author":2,"featured_media":273213,"comment_status":"","ping_status":"","sticky":false,"template":"","format":"standard","meta":{"footnotes":""},"categories":[1357],"tags":[1379,58,59,1011,27,1380],"class_list":{"0":"post-273212","1":"post","2":"type-post","3":"status-publish","4":"format-standard","5":"has-post-thumbnail","7":"category-livres","8":"tag-books","9":"tag-divertissement","10":"tag-entertainment","11":"tag-fr","12":"tag-france","13":"tag-livres"},"share_on_mastodon":{"url":"https:\/\/pubeurope.com\/@fr\/114914895132472115","error":""},"_links":{"self":[{"href":"https:\/\/www.europesays.com\/fr\/wp-json\/wp\/v2\/posts\/273212","targetHints":{"allow":["GET"]}}],"collection":[{"href":"https:\/\/www.europesays.com\/fr\/wp-json\/wp\/v2\/posts"}],"about":[{"href":"https:\/\/www.europesays.com\/fr\/wp-json\/wp\/v2\/types\/post"}],"author":[{"embeddable":true,"href":"https:\/\/www.europesays.com\/fr\/wp-json\/wp\/v2\/users\/2"}],"replies":[{"embeddable":true,"href":"https:\/\/www.europesays.com\/fr\/wp-json\/wp\/v2\/comments?post=273212"}],"version-history":[{"count":0,"href":"https:\/\/www.europesays.com\/fr\/wp-json\/wp\/v2\/posts\/273212\/revisions"}],"wp:featuredmedia":[{"embeddable":true,"href":"https:\/\/www.europesays.com\/fr\/wp-json\/wp\/v2\/media\/273213"}],"wp:attachment":[{"href":"https:\/\/www.europesays.com\/fr\/wp-json\/wp\/v2\/media?parent=273212"}],"wp:term":[{"taxonomy":"category","embeddable":true,"href":"https:\/\/www.europesays.com\/fr\/wp-json\/wp\/v2\/categories?post=273212"},{"taxonomy":"post_tag","embeddable":true,"href":"https:\/\/www.europesays.com\/fr\/wp-json\/wp\/v2\/tags?post=273212"}],"curies":[{"name":"wp","href":"https:\/\/api.w.org\/{rel}","templated":true}]}}