{"id":273220,"date":"2025-07-25T16:51:12","date_gmt":"2025-07-25T16:51:12","guid":{"rendered":"https:\/\/www.europesays.com\/fr\/273220\/"},"modified":"2025-07-25T16:51:12","modified_gmt":"2025-07-25T16:51:12","slug":"les-coups-de-soleil-ont-aussi-des-consequences-sur-votre-audition-surtout-si-vous-avez-des-acouphenes","status":"publish","type":"post","link":"https:\/\/www.europesays.com\/fr\/273220\/","title":{"rendered":"Les coups de soleil ont aussi des cons\u00e9quences sur votre audition, surtout si vous avez des acouph\u00e8nes"},"content":{"rendered":"<p>        <img decoding=\"async\" loading=\"lazy\" src=\"https:\/\/www.europesays.com\/fr\/wp-content\/uploads\/2025\/07\/db09aa8_upload-1-6ld4ubcq7knq-sharon-waldron-qc88pszd9fu-unsplash.jpg\"  width=\"728\" height=\"409\" alt=\"Les coups de soleil peuvent \u00eatre un facteur aggravant lorsque l\u2019on souffre d\u2019acouph\u00e8nes.\"\/>  <\/p>\n<p>Unsplash &#8211; Sharon Waldron<\/p>\n<p class=\"asset asset-text\">SANT\u00c9 &#8211; Les <a href=\"https:\/\/www.huffingtonpost.fr\/life\/article\/si-vous-voyagez-en-pleine-canicule-voici-les-erreurs-a-eviter-pour-gerer-la-chaleur_252138.html\" target=\"_blank\" rel=\"noopener\">effets n\u00e9fastes<\/a> de trop d\u2019exposition au soleil sur notre peau ne sont plus \u00e0 d\u00e9montrer. Mais ce que l\u2019on sait moins, c\u2019est que <a href=\"https:\/\/www.huffingtonpost.fr\/life\/video\/apres-un-coup-de-soleil-il-y-a-plusieurs-gestes-a-eviter-pour-ne-pas-ralentir-la-guerison_220150.html\" target=\"_blank\" rel=\"noopener\">les coups de soleil<\/a> peuvent \u00e9galement avoir des cons\u00e9quences sur notre audition. C\u2019est le constat que fait l\u2019audiologiste britannique Hannah Samuels, de Boots Hearingcare.<\/p>\n<p class=\"asset asset-text\"><a href=\"https:\/\/www.huffingtonpost.co.uk\/entry\/sunburn-hearing-risk_uk_6882268ae4b0cde1a1cc429b\" target=\"_blank\" rel=\"noopener\" title=\"Nouvelle fen\u00eatre\">Interrog\u00e9e par Le HuffPost UK<\/a>, elle explique que \u00ab\u00a0les coups de soleil ne sont pas seulement douloureux et inconfortables, ils peuvent \u00e9galement avoir un impact important sur la sant\u00e9 de nos oreilles\u00a0\u00bb. Et notamment exacerber les sympt\u00f4mes des <a href=\"https:\/\/www.huffingtonpost.fr\/life\/article\/les-acouphenes-sont-un-enfer-au-quotidien-pour-ceux-qui-en-souffrent-je-ne-connais-plus-le-silence_243506.html\" target=\"_blank\" rel=\"noopener\" title=\"Nouvelle fen\u00eatre\">acouph\u00e8nes<\/a>, cette sensation auditive anormale de bourdonnement ou de tintement.<\/p>\n<p class=\"asset asset-text\">\u00ab\u00a0Une exposition intense au soleil entra\u00eene souvent une inflammation, d\u00e9taille-t-elle. De plus, les coups de soleil peuvent causer un stress physique et une d\u00e9shydratation, des facteurs qui peuvent aggraver les sympt\u00f4mes des acouph\u00e8nes.\u00a0\u00bb<\/p>\n<p>    Une inflammation du conduit auditif    <\/p>\n<p class=\"asset asset-text\">Les temp\u00e9ratures \u00e9lev\u00e9es peuvent provoquer un gonflement et une inflammation du conduit auditif, ce qui peut aggraver des probl\u00e8mes d\u00e9j\u00e0 pr\u00e9sents. D\u2019autant que les sorties par temps ensoleill\u00e9 peuvent \u00e9galement impliquer de la musique, des foules bruyantes ou des acclamations sportives, autres facteurs aggravants.<\/p>\n<p class=\"asset asset-text\">10\u00a0% des adultes fran\u00e7ais souffriraient d\u2019acouph\u00e8nes, <a href=\"https:\/\/www.inserm.fr\/dossier\/acouphenes\/#:~:text=Les%20acouph%C3%A8nes%20peuvent%20notamment%20entra%C3%AEner,perception%20et%20aggraver%20la%20g%C3%AAne.\" target=\"_blank\" rel=\"noopener\" title=\"Nouvelle fen\u00eatre\">d\u2019apr\u00e8s les donn\u00e9es de l\u2019Inserm<\/a>. Ce trouble auditif se caract\u00e9rise par\u00a0des bruits g\u00e9n\u00e9r\u00e9s soudainement dans la voie auditive, sans qu\u2019ils proviennent de l\u2019ext\u00e9rieur. Si l\u2019origine des acouph\u00e8nes est parfois difficile \u00e0 d\u00e9terminer, il est possible de mettre en place quelques mesures pour diminuer les risques d\u2019apparition de ce trouble.<\/p>\n<p class=\"asset asset-text\"><a href=\"https:\/\/www.ameli.fr\/paris\/assure\/sante\/themes\/acouphenes\/bilan-traitement-prevention\" data-type=\"huit-affiliate\" target=\"_blank\" rel=\"noopener\" title=\"Nouvelle fen\u00eatre\">L\u2019Assurance maladie<\/a> recommande notamment d\u2019\u00e9viter de s\u2019exposer \u00e0 des bruits trop forts et prolong\u00e9s &#8211; elle estime qu\u2019il y a un danger pour l\u2019oreille lorsque le bruit d\u00e9passe 85 d\u00e9cibels (\u00e9quivalant au bruit d\u2019une tondeuse). Et de porter des protections ou de faire des pauses si on ne peut pas faire autrement.<\/p>\n<p>    <strong>Une bonne hygi\u00e8ne des oreilles<\/strong>    <\/p>\n<p class=\"asset asset-text\">Une bonne hygi\u00e8ne des oreilles permet aussi de limiter les acouph\u00e8nes, parfois provoqu\u00e9s par un bouchon de c\u00e9rumen ou une otite. Mais pour cela, mieux vaut limiter l\u2019utilisation de cotons-tiges. \u00ab\u00a0Ils ne font que pousser la cire plus loin dans le conduit auditif. Pour vous nettoyer les oreilles, utilisez plut\u00f4t le coin d\u2019une serviette humide et ne p\u00e9n\u00e9trez jamais \u00e0 l\u2019int\u00e9rieur des oreilles\u00a0\u00bb, conseille Ameli.<\/p>\n<p class=\"asset asset-text\">Quant au soleil, il suffit de faire attention, comme sur le reste du corps, en appliquant et renouvelant r\u00e9guli\u00e8rement sa cr\u00e8me solaire &#8211; sans oublier le\u00a0<a href=\"https:\/\/www.huffingtonpost.fr\/life\/article\/peut-on-se-debarrasser-des-poux-une-bonne-fois-pour-toutes_207342.html\" target=\"_blank\" rel=\"noopener\">cuir chevelu<\/a>, les oreilles, ou encore les paupi\u00e8res. Il faut \u00e9viter de s\u2019exposer trop longtemps \u00e0 la lumi\u00e8re directe et en se couvrant si n\u00e9cessaire avec un chapeau \u00e0 large bord et des v\u00eatements adapt\u00e9s.<\/p>\n","protected":false},"excerpt":{"rendered":"Unsplash &#8211; Sharon Waldron SANT\u00c9 &#8211; Les effets n\u00e9fastes de trop d\u2019exposition au soleil sur notre peau ne&hellip;\n","protected":false},"author":2,"featured_media":273221,"comment_status":"","ping_status":"","sticky":false,"template":"","format":"standard","meta":{"footnotes":""},"categories":[10],"tags":[18944,6698,2883,1011,27,72,5656,71,4904],"class_list":{"0":"post-273220","1":"post","2":"type-post","3":"status-publish","4":"format-standard","5":"has-post-thumbnail","7":"category-sante","8":"tag-audition","9":"tag-canicule","10":"tag-ete","11":"tag-fr","12":"tag-france","13":"tag-health","14":"tag-life","15":"tag-sante","16":"tag-soleil"},"share_on_mastodon":{"url":"https:\/\/pubeurope.com\/@fr\/114914910861965911","error":""},"_links":{"self":[{"href":"https:\/\/www.europesays.com\/fr\/wp-json\/wp\/v2\/posts\/273220","targetHints":{"allow":["GET"]}}],"collection":[{"href":"https:\/\/www.europesays.com\/fr\/wp-json\/wp\/v2\/posts"}],"about":[{"href":"https:\/\/www.europesays.com\/fr\/wp-json\/wp\/v2\/types\/post"}],"author":[{"embeddable":true,"href":"https:\/\/www.europesays.com\/fr\/wp-json\/wp\/v2\/users\/2"}],"replies":[{"embeddable":true,"href":"https:\/\/www.europesays.com\/fr\/wp-json\/wp\/v2\/comments?post=273220"}],"version-history":[{"count":0,"href":"https:\/\/www.europesays.com\/fr\/wp-json\/wp\/v2\/posts\/273220\/revisions"}],"wp:featuredmedia":[{"embeddable":true,"href":"https:\/\/www.europesays.com\/fr\/wp-json\/wp\/v2\/media\/273221"}],"wp:attachment":[{"href":"https:\/\/www.europesays.com\/fr\/wp-json\/wp\/v2\/media?parent=273220"}],"wp:term":[{"taxonomy":"category","embeddable":true,"href":"https:\/\/www.europesays.com\/fr\/wp-json\/wp\/v2\/categories?post=273220"},{"taxonomy":"post_tag","embeddable":true,"href":"https:\/\/www.europesays.com\/fr\/wp-json\/wp\/v2\/tags?post=273220"}],"curies":[{"name":"wp","href":"https:\/\/api.w.org\/{rel}","templated":true}]}}