{"id":273228,"date":"2025-07-25T16:55:11","date_gmt":"2025-07-25T16:55:11","guid":{"rendered":"https:\/\/www.europesays.com\/fr\/273228\/"},"modified":"2025-07-25T16:55:11","modified_gmt":"2025-07-25T16:55:11","slug":"negligence-ou-mauvaise-volonte-quand-francois-bayrou-refuse-de-payer-ses-charges-de-copropriete","status":"publish","type":"post","link":"https:\/\/www.europesays.com\/fr\/273228\/","title":{"rendered":"N\u00e9gligence ou mauvaise volont\u00e9\u00a0? Quand Fran\u00e7ois Bayrou refuse de payer ses charges de copropri\u00e9t\u00e9"},"content":{"rendered":"<p> \u00abIl est hors de question que l\u2019ensemble des copropri\u00e9taires supporte plus longtemps les cons\u00e9quences de votre n\u00e9gligence ou de votre mauvaise volont\u00e9.\u00a0\u00bb <a href=\"https:\/\/www.20minutes.fr\/dossier\/premier_ministre\" class=\"color-ultramarine c-link\" target=\"_blank\" rel=\"noopener\">Premier ministre<\/a> ou pas, Fran\u00e7ois Bayrou n\u2019est pas au-dessus des lois. Cette phrase est extraite d\u2019un courrier de mise en demeure adress\u00e9 par le syndic de copropri\u00e9t\u00e9 de l\u2019immeuble du 7e\u00a0arrondissement de Paris o\u00f9 le maire de Pau poss\u00e8de un appartement.<\/p>\n<p><a href=\"https:\/\/www.lecanardenchaine.fr\/societe\/51433-bayrou-ploie-sous-les-charges\" rel=\"nofollow noopener\" target=\"_blank\" class=\"color-ultramarine c-link\">R\u00e9v\u00e9l\u00e9e par Le Canard encha\u00een\u00e9<\/a>, la lettre a \u00e9t\u00e9 envoy\u00e9e le 15\u00a0juillet. Ce jour-l\u00e0, le Premier ministre annon\u00e7ait <a href=\"https:\/\/www.20minutes.fr\/politique\/4164423-20250719-budget-2026-francois-bayrou-donne-deux-mois-achever-plan\" class=\"color-ultramarine c-link\" target=\"_blank\" rel=\"noopener\">son plan de redressement budg\u00e9taire<\/a>, insistant sur les efforts \u00e0 fournir pour r\u00e9duire la dette accumul\u00e9e par la France.<\/p>\n<\/p>\n<p>D\u2019apr\u00e8s nos confr\u00e8res, Fran\u00e7ois Bayrou a d\u00fb s\u2019acquitter d\u2019une facture de pr\u00e8s de 10.000 euros de frais de copropri\u00e9t\u00e9 en retard. <a href=\"https:\/\/immobilier.lefigaro.fr\/article\/quand-francois-bayrou-refusait-de-payer-ses-charges-de-copropriete-20250725\" rel=\"nofollow noopener\" target=\"_blank\" class=\"color-ultramarine c-link\">Contact\u00e9s par Le Figaro<\/a>, les services de <a href=\"https:\/\/www.20minutes.fr\/dossier\/matignon\" class=\"color-ultramarine c-link\" target=\"_blank\" rel=\"noopener\">Matignon <\/a>ont assur\u00e9 que le Premier ministre avait r\u00e9gl\u00e9 \u00ab\u00a0l\u2019int\u00e9gralit\u00e9\u00a0\u00bb de ses impay\u00e9s, expliquant que la copro \u00e9tait \u00ab\u00a0en conflit avec le syndic\u00a0\u00bb.<\/p>\n<p>Les gestionnaires de l\u2019immeuble avaient us\u00e9 d\u2019un ton autoritaire pour obtenir leur d\u00fb. \u00ab\u00a0Malgr\u00e9 nos rappels successifs, votre d\u00e9faut de paiement met gravement en p\u00e9ril l\u2019\u00e9quilibre financier de l\u2019immeuble, d\u00e9j\u00e0 en difficult\u00e9.\u00a0\u00bb D\u2019apr\u00e8s Le Canard encha\u00een\u00e9, dix copropri\u00e9taires sur les 22 de l\u2019immeuble avaient suspendu les paiements.<\/p>\n","protected":false},"excerpt":{"rendered":"\u00abIl est hors de question que l\u2019ensemble des copropri\u00e9taires supporte plus longtemps les cons\u00e9quences de votre n\u00e9gligence ou&hellip;\n","protected":false},"author":2,"featured_media":273229,"comment_status":"","ping_status":"","sticky":false,"template":"","format":"standard","meta":{"footnotes":""},"categories":[6],"tags":[47,3177,1003,35,6327,33,34,1011,27,431,662,1116,38342,2219,626,6374,316,3363,6375],"class_list":{"0":"post-273228","1":"post","2":"type-post","3":"status-publish","4":"format-standard","5":"has-post-thumbnail","7":"category-economie","8":"tag-actualite","9":"tag-aquitaine","10":"tag-budget","11":"tag-business","12":"tag-dette","13":"tag-economie","14":"tag-economy","15":"tag-fr","16":"tag-france","17":"tag-francois-bayrou","18":"tag-ile-de-france","19":"tag-immobilier","20":"tag-le-canard-enchaine","21":"tag-nouvelle-aquitaine","22":"tag-paris","23":"tag-pau","24":"tag-politique","25":"tag-premier-ministre","26":"tag-pyrenees-atlantiques"},"share_on_mastodon":{"url":"https:\/\/pubeurope.com\/@fr\/114914926495901651","error":""},"_links":{"self":[{"href":"https:\/\/www.europesays.com\/fr\/wp-json\/wp\/v2\/posts\/273228","targetHints":{"allow":["GET"]}}],"collection":[{"href":"https:\/\/www.europesays.com\/fr\/wp-json\/wp\/v2\/posts"}],"about":[{"href":"https:\/\/www.europesays.com\/fr\/wp-json\/wp\/v2\/types\/post"}],"author":[{"embeddable":true,"href":"https:\/\/www.europesays.com\/fr\/wp-json\/wp\/v2\/users\/2"}],"replies":[{"embeddable":true,"href":"https:\/\/www.europesays.com\/fr\/wp-json\/wp\/v2\/comments?post=273228"}],"version-history":[{"count":0,"href":"https:\/\/www.europesays.com\/fr\/wp-json\/wp\/v2\/posts\/273228\/revisions"}],"wp:featuredmedia":[{"embeddable":true,"href":"https:\/\/www.europesays.com\/fr\/wp-json\/wp\/v2\/media\/273229"}],"wp:attachment":[{"href":"https:\/\/www.europesays.com\/fr\/wp-json\/wp\/v2\/media?parent=273228"}],"wp:term":[{"taxonomy":"category","embeddable":true,"href":"https:\/\/www.europesays.com\/fr\/wp-json\/wp\/v2\/categories?post=273228"},{"taxonomy":"post_tag","embeddable":true,"href":"https:\/\/www.europesays.com\/fr\/wp-json\/wp\/v2\/tags?post=273228"}],"curies":[{"name":"wp","href":"https:\/\/api.w.org\/{rel}","templated":true}]}}