{"id":273230,"date":"2025-07-25T16:56:11","date_gmt":"2025-07-25T16:56:11","guid":{"rendered":"https:\/\/www.europesays.com\/fr\/273230\/"},"modified":"2025-07-25T16:56:11","modified_gmt":"2025-07-25T16:56:11","slug":"en-direct-reconnaissance-de-la-palestine-pour-trump-la-declaration-de-macron-importe-peu-et-na-pas-beaucoup-de-poids-liberation","status":"publish","type":"post","link":"https:\/\/www.europesays.com\/fr\/273230\/","title":{"rendered":"EN DIRECT &#8211; Reconnaissance de la Palestine\u00a0: pour Trump, la d\u00e9claration de Macron \u00abimporte peu\u00bb et \u00abn\u2019a pas beaucoup de poids\u00bb \u2013 Lib\u00e9ration"},"content":{"rendered":"<p class=\"sc-ksZaOG ehjQrN text-element\"><b>Pour la gauche, une bonne d\u00e9cision mais pas suffisante.<\/b> Le ph\u00e9nom\u00e8ne est assez in\u00e9dit, reconnaissons-le. Avant de partir en vacances, le pr\u00e9sident Macron s\u2019offre une jolie salve d\u2019encouragements venus de la gauche. Depuis l\u2019annonce la veille du chef de l\u2019Etat, les leaders d\u2019opposition saluent la d\u00e9cision de Macron, mais le poussent \u00e0 aller plus loin. \u00abPourquoi en septembre et pas maintenant ? Et l\u2019embargo sur les armes ? Et la rupture de l\u2019accord de coop\u00e9ration ?\u00bb demande Jean-Luc M\u00e9lenchon, tout en saluant une \u00abvictoire morale\u00bb de son camp sur le sujet. Manuel Bompard abonde : \u00abOui, il faut reconna\u00eetre imm\u00e9diatement l\u2019Etat de Palestine. Mais nous voulons un Etat pour les vivants, pas un Etat pour les morts.\u00bb Chez les roses et les verts, la tonalit\u00e9 est la m\u00eame : \u00abIl faut d\u00e9sormais mettre en \u0153uvre tous les moyens pour mettre un terme au g\u00e9nocide et \u00e0 la famine qui r\u00e8gnent \u00e0 Gaza, ainsi qu\u2019au nettoyage ethnique en cours en Cisjordanie\u00bb, r\u00e9clame Marine Tondelier. Et le patron du PS, Olivier Faure, d\u2019ajouter : \u00abElle doit \u00eatre assortie de sanctions tant que durera le g\u00e9nocide en cours.\u00bb Par Chez Pol<\/p>\n","protected":false},"excerpt":{"rendered":"Pour la gauche, une bonne d\u00e9cision mais pas suffisante. Le ph\u00e9nom\u00e8ne est assez in\u00e9dit, reconnaissons-le. Avant de partir&hellip;\n","protected":false},"author":2,"featured_media":273231,"comment_status":"","ping_status":"","sticky":false,"template":"","format":"standard","meta":{"footnotes":""},"categories":[5],"tags":[11,1073,1011,27,3522,14,664,12,3518,28],"class_list":{"0":"post-273230","1":"post","2":"type-post","3":"status-publish","4":"format-standard","5":"has-post-thumbnail","7":"category-international","8":"tag-actualites","9":"tag-emmanuel-macron","10":"tag-fr","11":"tag-france","12":"tag-guerre-hamas-israel","13":"tag-international","14":"tag-israel","15":"tag-news","16":"tag-palestine","17":"tag-world"},"share_on_mastodon":{"url":"https:\/\/pubeurope.com\/@fr\/114914930573432661","error":""},"_links":{"self":[{"href":"https:\/\/www.europesays.com\/fr\/wp-json\/wp\/v2\/posts\/273230","targetHints":{"allow":["GET"]}}],"collection":[{"href":"https:\/\/www.europesays.com\/fr\/wp-json\/wp\/v2\/posts"}],"about":[{"href":"https:\/\/www.europesays.com\/fr\/wp-json\/wp\/v2\/types\/post"}],"author":[{"embeddable":true,"href":"https:\/\/www.europesays.com\/fr\/wp-json\/wp\/v2\/users\/2"}],"replies":[{"embeddable":true,"href":"https:\/\/www.europesays.com\/fr\/wp-json\/wp\/v2\/comments?post=273230"}],"version-history":[{"count":0,"href":"https:\/\/www.europesays.com\/fr\/wp-json\/wp\/v2\/posts\/273230\/revisions"}],"wp:featuredmedia":[{"embeddable":true,"href":"https:\/\/www.europesays.com\/fr\/wp-json\/wp\/v2\/media\/273231"}],"wp:attachment":[{"href":"https:\/\/www.europesays.com\/fr\/wp-json\/wp\/v2\/media?parent=273230"}],"wp:term":[{"taxonomy":"category","embeddable":true,"href":"https:\/\/www.europesays.com\/fr\/wp-json\/wp\/v2\/categories?post=273230"},{"taxonomy":"post_tag","embeddable":true,"href":"https:\/\/www.europesays.com\/fr\/wp-json\/wp\/v2\/tags?post=273230"}],"curies":[{"name":"wp","href":"https:\/\/api.w.org\/{rel}","templated":true}]}}