{"id":273238,"date":"2025-07-25T17:00:12","date_gmt":"2025-07-25T17:00:12","guid":{"rendered":"https:\/\/www.europesays.com\/fr\/273238\/"},"modified":"2025-07-25T17:00:12","modified_gmt":"2025-07-25T17:00:12","slug":"clients-et-forains-du-marche-albert-thomas-revoltes-ceux-de-jacquard-pas-concernes","status":"publish","type":"post","link":"https:\/\/www.europesays.com\/fr\/273238\/","title":{"rendered":"clients et forains du march\u00e9 Albert-Thomas r\u00e9volt\u00e9s, ceux de Jacquard pas concern\u00e9s"},"content":{"rendered":"<p>Il est 11 heures ce vendredi matin sur la place Albert-Thomas. Comme toutes les semaines, les producteurs bio ont install\u00e9 leurs \u00e9tals.<\/p>\n<p>Les St\u00e9phanois pr\u00e9sents ce jour-l\u00e0 sont des habitu\u00e9s et connaissent bien leurs commer\u00e7ants. Ils \u00e9changent des banalit\u00e9s et discutent.\u00a0Ce jour-l\u00e0, les banalit\u00e9s ont laiss\u00e9 place \u00e0 l\u2019actualit\u00e9 dans les conversations\u00a0: la loi Duplomb fait parler d\u2019elle.<\/p>\n<p>\u00ab\u00a0Comme toujours, c\u2019est une minorit\u00e9 au bras long qui va l\u2019emporter\u00a0\u00bb<\/p>\n<p>Ici, on s\u2019insurge. Jimmy, producteur depuis quelques ann\u00e9es, est le premier \u00e0 lancer le sujet avec ses clients. Connu&#8230;<\/p>\n","protected":false},"excerpt":{"rendered":"Il est 11 heures ce vendredi matin sur la place Albert-Thomas. Comme toutes les semaines, les producteurs bio&hellip;\n","protected":false},"author":2,"featured_media":273239,"comment_status":"","ping_status":"","sticky":false,"template":"","format":"standard","meta":{"footnotes":""},"categories":[9653],"tags":[1111,11,327,2430,33,7539,1777,674,1011,27,12,25,4001,7538],"class_list":{"0":"post-273238","1":"post","2":"type-post","3":"status-publish","4":"format-standard","5":"has-post-thumbnail","7":"category-saint-etienne","8":"tag-actu","9":"tag-actualites","10":"tag-agriculture","11":"tag-auvergne-rhone-alpes","12":"tag-economie","13":"tag-edition-loire-sud","14":"tag-eu","15":"tag-europe","16":"tag-fr","17":"tag-france","18":"tag-news","19":"tag-republique-francaise","20":"tag-saint-etienne","21":"tag-saint-etienne-ville"},"share_on_mastodon":{"url":"https:\/\/pubeurope.com\/@fr\/114914946118525146","error":""},"_links":{"self":[{"href":"https:\/\/www.europesays.com\/fr\/wp-json\/wp\/v2\/posts\/273238","targetHints":{"allow":["GET"]}}],"collection":[{"href":"https:\/\/www.europesays.com\/fr\/wp-json\/wp\/v2\/posts"}],"about":[{"href":"https:\/\/www.europesays.com\/fr\/wp-json\/wp\/v2\/types\/post"}],"author":[{"embeddable":true,"href":"https:\/\/www.europesays.com\/fr\/wp-json\/wp\/v2\/users\/2"}],"replies":[{"embeddable":true,"href":"https:\/\/www.europesays.com\/fr\/wp-json\/wp\/v2\/comments?post=273238"}],"version-history":[{"count":0,"href":"https:\/\/www.europesays.com\/fr\/wp-json\/wp\/v2\/posts\/273238\/revisions"}],"wp:featuredmedia":[{"embeddable":true,"href":"https:\/\/www.europesays.com\/fr\/wp-json\/wp\/v2\/media\/273239"}],"wp:attachment":[{"href":"https:\/\/www.europesays.com\/fr\/wp-json\/wp\/v2\/media?parent=273238"}],"wp:term":[{"taxonomy":"category","embeddable":true,"href":"https:\/\/www.europesays.com\/fr\/wp-json\/wp\/v2\/categories?post=273238"},{"taxonomy":"post_tag","embeddable":true,"href":"https:\/\/www.europesays.com\/fr\/wp-json\/wp\/v2\/tags?post=273238"}],"curies":[{"name":"wp","href":"https:\/\/api.w.org\/{rel}","templated":true}]}}