{"id":273240,"date":"2025-07-25T17:01:11","date_gmt":"2025-07-25T17:01:11","guid":{"rendered":"https:\/\/www.europesays.com\/fr\/273240\/"},"modified":"2025-07-25T17:01:11","modified_gmt":"2025-07-25T17:01:11","slug":"lart-de-singer-le-monde","status":"publish","type":"post","link":"https:\/\/www.europesays.com\/fr\/273240\/","title":{"rendered":"\u00ab\u00a0L\u2019art de singer le monde\u00a0\u00bb"},"content":{"rendered":"<p>Il n\u2019avait pas son pareil pour coller un bec de vautour \u00e0 un d\u00e9put\u00e9 corrompu, un museau de cabot \u00e0 un ministre trop servile, une silhouette de serpent \u00e0 un diplomate trop louvoyant. Grandville avait le sens de la caricature, et c\u2019est ce qui en grande partie a fait son succ\u00e8s. De quoi largement justifier le titre de l\u2019expo qui lui est consacr\u00e9e cet \u00e9t\u00e9\u00a0: L\u2019Art de singer le Monde.<\/p>\n<p>Et parmi les 60 documents visibles aux murs du Mus\u00e9e de Beaux-Arts de Nancy, l\u2019\u0153il a t\u00f4t fait de rep\u00e9rer, en effet, un bestiaire singulier, o\u00f9 les bip\u00e8des se voient affubl\u00e9s de quelques attributs animaliers. C\u2019est m\u00eame en scarab\u00e9es portant chasubles qu\u2019il immortalise un p\u00e8lerinage d\u2019hommes d\u2019\u00c9glise. Jean-Jacques Grandville \u00e9tait R\u00e9publicain, son crayon ne manquait jamais de l\u2019affirmer. Ce qui lui valut aussi les foudres des autorit\u00e9s.<\/p>\n<p>Mais ce dessinateur, illustrateur, peintre et caricaturiste avait bien d\u2019autres mondes \u00e0 explorer, bien d\u2019autres styles \u00e0 d\u00e9velopper. Une palette d\u2019une exceptionnelle richesse dont le MbaN a voulu r\u00e9v\u00e9ler toutes les facettes, en puisant dans la magnifique collection qui est la sienne. Soit 1\u00a0500 dessins et estampes conserv\u00e9s \u00e0 ce jour dans les tiroirs du cabinet graphique.<\/p>\n<p>  Tendre musaraigne<\/p>\n<p>Tout commence par un petit autoportrait peint, \u0153uvre de jeunesse classique mais d\u00e9gageant une belle \u00e9motion. Et se termine, symboliquement, avec un autre autoportrait, o\u00f9 le peintre et la plante ne font plus qu\u2019un, dans un petit dessin caricatural d\u2019une grande finesse, et d\u2019une \u00e9bouriffante fantaisie. \u00ab\u00a0Mon pr\u00e9f\u00e9r\u00e9\u00a0\u00bb, confie Mich\u00e8le Leinen, responsable du Cabinet graphique et commissaire de l\u2019exposition.<\/p>\n<p>Une sp\u00e9cialiste qui ne manque pas de souligner que la notori\u00e9t\u00e9 de Grandville, pour r\u00e9elle qu\u2019elle soit encore aujourd\u2019hui, n\u2019en est pas moins mineure au regard de ce qu\u2019elle m\u00e9riterait.<\/p>\n<p>Pourtant Nancy a toute raison de tirer une l\u00e9gitime fiert\u00e9 d\u2019avoir, au d\u00e9but du XIXe\u00a0si\u00e8cle, \u00e9t\u00e9 ville berceau du grand homme. Mieux\u00a0: avant d\u2019aller tenter sa chance \u00e0 Paris, c\u2019est dans l\u2019atelier nanc\u00e9ien de son p\u00e8re, peintre miniaturiste, qu\u2019il a fait ses \u00ab\u00a0gammes\u00a0\u00bb. L\u00e0 o\u00f9, sans doute, lui est venu ce go\u00fbt pour la finesse et la profusion du d\u00e9tail.<\/p>\n<p>Ce qui frappe le visiteur en tout cas, qu\u2019il soit ou non vers\u00e9 dans l\u2019art de Grandville, c\u2019est sa capacit\u00e9 \u00e0 donner dans le r\u00e9alisme le plus classique (notable dans les portraits de sa propre famille), aussi bien que la fantasmagorie la plus fertile (dont ses portraits \u00e0 charge ont largement profit\u00e9).<\/p>\n<p>Il est, en particulier, une planche dite \u00ab\u00a0R\u00e8gne animal \u2013 cabinet d\u2019histoire naturelle\u00a0\u00bb o\u00f9 sont naturalis\u00e9es d\u2019\u00e9tranges cr\u00e9atures mi-hommes, mi-b\u00eates, dont les contemporains de Grandville reconnaissaient fort bien les politiciens ainsi moqu\u00e9s.<\/p>\n<p>Mais entre ces deux extr\u00eames, l\u2019artiste qui n\u2019a eu de cesse de faire valoir l\u2019importance du statut d\u2019illustrateur, \u00e9tait capable de donner dans un naturalisme quasi scientifique et pourtant \u00e9mouvant (arr\u00eatons-nous en particulier devant cette minuscule musaraigne) ou des sc\u00e8nes de genre qu\u2019il glanait dans les rues, th\u00e9\u00e2tres, jardins, cabarets de Paris.<\/p>\n<p>  Livr\u00e9e aux corbeaux<\/p>\n<p>Il s\u2019y adonnait m\u00eame avec une acuit\u00e9 de sociologue ou presque, aussi bien chez les mis\u00e9reux que chez les grands bourgeois. \u00ab\u00a0Si ce n\u2019est que quand il repr\u00e9sente des personnages plus humbles, il a un regard beaucoup plus tendre.\u00a0\u00bb L\u2019artiste engag\u00e9 avait l\u2019inspiration tr\u00e8s humaniste. Parfois cinglante (\u00ab\u00a0La France livr\u00e9e aux corbeaux\u00a0\u00bb, d\u00e9pec\u00e9e par des ministres volatiles), parfois po\u00e8te (ses c\u00e9l\u00e8bres fleurs anim\u00e9es, ses femmes \u00e9toiles).<\/p>\n<p>Il fut de cette France artistique f\u00e9conde au XIXe, et a collabor\u00e9 avec Balzac, fr\u00e9quent\u00e9 Hugo, soumis des illustrations \u00e0 George Sand, Nodier, Musset\u00a0! Mais pour autant, il n\u2019a pas eu leur post\u00e9rit\u00e9. Une injustice criante, qui s\u2019ajoute \u00e0 celle d\u2019une existence souvent tragique. Il perdit sa femme et ses trois premiers enfants, et mourut lui-m\u00eame, en 1847, \u00e0 l\u2019\u00e2ge de 43 ans\u2026<\/p>\n","protected":false},"excerpt":{"rendered":"Il n\u2019avait pas son pareil pour coller un bec de vautour \u00e0 un d\u00e9put\u00e9 corrompu, un museau de&hellip;\n","protected":false},"author":2,"featured_media":273241,"comment_status":"","ping_status":"","sticky":false,"template":"","format":"standard","meta":{"footnotes":""},"categories":[9635],"tags":[1111,11,1687,1704,1777,674,2271,1011,27,775,1702,1703,12,25],"class_list":{"0":"post-273240","1":"post","2":"type-post","3":"status-publish","4":"format-standard","5":"has-post-thumbnail","7":"category-nancy","8":"tag-actu","9":"tag-actualites","10":"tag-culture-loisirs","11":"tag-edition-nancy-et-agglomeration","12":"tag-eu","13":"tag-europe","14":"tag-exposition-arts-plastiques","15":"tag-fr","16":"tag-france","17":"tag-grand-est","18":"tag-nancy","19":"tag-nancy-ville-54b","20":"tag-news","21":"tag-republique-francaise"},"share_on_mastodon":{"url":"https:\/\/pubeurope.com\/@fr\/114914950091515401","error":""},"_links":{"self":[{"href":"https:\/\/www.europesays.com\/fr\/wp-json\/wp\/v2\/posts\/273240","targetHints":{"allow":["GET"]}}],"collection":[{"href":"https:\/\/www.europesays.com\/fr\/wp-json\/wp\/v2\/posts"}],"about":[{"href":"https:\/\/www.europesays.com\/fr\/wp-json\/wp\/v2\/types\/post"}],"author":[{"embeddable":true,"href":"https:\/\/www.europesays.com\/fr\/wp-json\/wp\/v2\/users\/2"}],"replies":[{"embeddable":true,"href":"https:\/\/www.europesays.com\/fr\/wp-json\/wp\/v2\/comments?post=273240"}],"version-history":[{"count":0,"href":"https:\/\/www.europesays.com\/fr\/wp-json\/wp\/v2\/posts\/273240\/revisions"}],"wp:featuredmedia":[{"embeddable":true,"href":"https:\/\/www.europesays.com\/fr\/wp-json\/wp\/v2\/media\/273241"}],"wp:attachment":[{"href":"https:\/\/www.europesays.com\/fr\/wp-json\/wp\/v2\/media?parent=273240"}],"wp:term":[{"taxonomy":"category","embeddable":true,"href":"https:\/\/www.europesays.com\/fr\/wp-json\/wp\/v2\/categories?post=273240"},{"taxonomy":"post_tag","embeddable":true,"href":"https:\/\/www.europesays.com\/fr\/wp-json\/wp\/v2\/tags?post=273240"}],"curies":[{"name":"wp","href":"https:\/\/api.w.org\/{rel}","templated":true}]}}