{"id":273244,"date":"2025-07-25T17:03:10","date_gmt":"2025-07-25T17:03:10","guid":{"rendered":"https:\/\/www.europesays.com\/fr\/273244\/"},"modified":"2025-07-25T17:03:10","modified_gmt":"2025-07-25T17:03:10","slug":"ce-dimanche-venez-celebrer-les-60-ans-de-la-societe-nautique-des-mouisseques-a-la-seyne","status":"publish","type":"post","link":"https:\/\/www.europesays.com\/fr\/273244\/","title":{"rendered":"Ce dimanche, venez c\u00e9l\u00e9brer les 60 ans de la soci\u00e9t\u00e9 nautique des Mouiss\u00e8ques \u00e0 La Seyne"},"content":{"rendered":"<p>N\u00e9e de la passion de quelques p\u00eacheurs, la <strong>soci\u00e9t\u00e9 nautique des Mouiss\u00e8ques<\/strong> a \u00e9t\u00e9 cr\u00e9\u00e9e en juillet 1965. Parmi ses fondateurs, figurait Andr\u00e9 Vendel-Viest, le p\u00e8re de G\u00e9rard, son actuel pr\u00e9sident. \u00ab\u00a0Au d\u00e9part, raconte ce dernier, l\u2019id\u00e9e \u00e9tait de se regrouper et d\u2019organiser des concours de p\u00eache entre copains. \u00c0 l\u2019\u00e9poque, le club \u00e9tait install\u00e9 dans l\u2019anse des Mouiss\u00e8ques, qui \u00e9tait alors un petit port de p\u00eache. Mais au d\u00e9but des ann\u00e9es 1970, les chantiers navals ont fait \u00e9voluer leur technique de construction de bateaux afin de les concevoir par morceaux, avant de les assembler. Et pour stocker ces \u00e9l\u00e9ments, ils avaient besoin de place. Ils ont alors bouch\u00e9 l\u2019anse des Mouiss\u00e8ques\u00a0\u00bb.<\/p>\n<p>\u00ab\u00a0Pour d\u00e9dommager le club, poursuit G\u00e9rard Vendel-Viest, ils ont cr\u00e9\u00e9 deux pontons dans le port du centre-ville. La soci\u00e9t\u00e9 nautique s\u2019est, elle, install\u00e9e l\u00e0 o\u00f9 se trouve l\u2019h\u00f4tel, sur le port du centre-ville. Puis elle a d\u00e9m\u00e9nag\u00e9 dans la tour de la Rotonde. Et quand cette derni\u00e8re fut d\u00e9molie, elle a pu s\u2019installer d\u00e9finitivement dans l\u2019actuel b\u00e2timent situ\u00e9 \u00e0 c\u00f4t\u00e9 de la capitainerie\u00a0\u00bb.<\/p>\n<p>Meilleur club nautique de la rade en 2009-2010 <\/p>\n<p>L\u2019association de p\u00eacheurs s\u2019est aussi ensuite diversifi\u00e9e avec l\u2019arriv\u00e9e des voiliers, ce qui a amen\u00e9 le club \u00e0 organiser les premi\u00e8res r\u00e9gates dans la rade. \u00ab\u00a0On en propose encore six par an, qui r\u00e9unissent plusieurs dizaines de bateaux, dont la Croisi\u00e8re corse depuis une vingtaine d\u2019ann\u00e9es. Des gars participent aussi \u00e0 des r\u00e9gates r\u00e9gionales et nationales, j\u2019ai d\u2019ailleurs moi-m\u00eame fait le Tour de France \u00e0 la voile en 2002\u00a0\u00bb, pr\u00e9cise le pr\u00e9sident pour qui le fait de gloire de ces voileux reste la victoire au Challenge de l\u2019aire toulonnaise en 2009-2010. \u00ab\u00a0On a \u00e9t\u00e9 sacr\u00e9 meilleur club nautique de la rade, ce qui n\u2019est pas rien vu la concurrence des gros que sont le club de la Marine, celui de St-Mandrier et celui des Salettes (Carqueiranne)\u00a0\u00bb.<\/p>\n<p>Par ailleurs, l\u2019activit\u00e9 p\u00eache perdure. Mais elle souffre des \u00e9volutions de la r\u00e9glementation: \u00ab\u00a0On ne peut plus organiser de concours de p\u00eache au gros et les prises sont limit\u00e9es \u00e0 un poisson (taille 1,15 m et 30 kg maximum) par jour et par bateau\u00a0\u00bb, indique Jean-Marie Biagini, responsable de la section p\u00eache. Les soci\u00e9taires constatent aussi que la ressource diminue: \u00ab\u00a0Avec le changement climatique, les poissons ont modifi\u00e9 leurs habitudes et quand il fait chaud, ils restent au large et en profondeur\u00a0\u00bb.<\/p>\n<p>Toujours plus d\u2019une centaine d\u2019adh\u00e9rents <\/p>\n<p>Pour autant, la soci\u00e9t\u00e9 nautique organise toujours quelques concours de p\u00eache, entre mai et octobre, auxquels prend part une vingtaine de bateaux. Et elle participe chaque ann\u00e9e, en septembre, au Troph\u00e9e de la rade. \u00ab\u00a0On a termin\u00e9 deux fois premiers en 2022 et 2023 mais l\u2019an dernier, c\u2019est le club de la Petite Mer qui l\u2019a emport\u00e9 pour quelques dizaines de grammes\u00a0\u00bb, grince G\u00e9rard Vendel-Viest.<\/p>\n<p>Quant aux effectifs du club, pr\u00e9cise-t-il, \u00ab\u00a0on a toujours eu entre 100 et 200 soci\u00e9taires qui se r\u00e9partissent quasiment \u00e0 50\/50 entre l\u2019activit\u00e9 voile et l\u2019activit\u00e9 p\u00eache. Apr\u00e8s le Covid, et comme les gens vieillissent, on en a perdu quelques dizaines. Mais depuis deux ans, \u00e7a remonte et on retrouve un certain dynamisme\u00a0\u00bb.<\/p>\n<p>                                La convivialit\u00e9 avant tout <\/p>\n<p>\u00ab\u00a0On reste un club qui privil\u00e9gie la convivialit\u00e9, avec des adh\u00e9rents plus \u00e2g\u00e9s qui partagent leur exp\u00e9rience avec les plus jeunes. On organise r\u00e9guli\u00e8rement des repas, des concours de boules et une sardinade. \u00c7a entretient les bonnes relations\u00a0\u00bb.<\/p>\n<p>Le 60e anniversaire de l\u2019association donnera aux soci\u00e9taires une nouvelle occasion de se r\u00e9unir, dimanche. \u00ab\u00a0D\u00e8s 8 h 30, il y aura des puces nautiques sur le quai de la Marine. \u00c0 partir de 10h, on proposera des d\u00e9monstrations de voile radio-command\u00e9e, notamment avec notre adh\u00e9rent Yann Deluy qui s\u2019est class\u00e9 5e \u00e0 Marseille lors d\u2019une manche du championnat de France, avec un bateau radio-command\u00e9 qu\u2019il a fabriqu\u00e9 lui-m\u00eame. Nous aurons enfin un concours de boules, vers 15h\u00a0\u00bb. La journ\u00e9e sera cl\u00f4tur\u00e9e par un repas entre soci\u00e9taires, avec des invit\u00e9s.<\/p>\n","protected":false},"excerpt":{"rendered":"N\u00e9e de la passion de quelques p\u00eacheurs, la soci\u00e9t\u00e9 nautique des Mouiss\u00e8ques a \u00e9t\u00e9 cr\u00e9\u00e9e en juillet 1965.&hellip;\n","protected":false},"author":2,"featured_media":273245,"comment_status":"","ping_status":"","sticky":false,"template":"","format":"standard","meta":{"footnotes":""},"categories":[9619],"tags":[1111,11,1777,674,1011,27,12,882,25,2310,3366],"class_list":{"0":"post-273244","1":"post","2":"type-post","3":"status-publish","4":"format-standard","5":"has-post-thumbnail","7":"category-toulon","8":"tag-actu","9":"tag-actualites","10":"tag-eu","11":"tag-europe","12":"tag-fr","13":"tag-france","14":"tag-news","15":"tag-provence-alpes-cote-dazur","16":"tag-republique-francaise","17":"tag-toulon","18":"tag-vie-locale"},"share_on_mastodon":{"url":"https:\/\/pubeurope.com\/@fr\/114914957928297163","error":""},"_links":{"self":[{"href":"https:\/\/www.europesays.com\/fr\/wp-json\/wp\/v2\/posts\/273244","targetHints":{"allow":["GET"]}}],"collection":[{"href":"https:\/\/www.europesays.com\/fr\/wp-json\/wp\/v2\/posts"}],"about":[{"href":"https:\/\/www.europesays.com\/fr\/wp-json\/wp\/v2\/types\/post"}],"author":[{"embeddable":true,"href":"https:\/\/www.europesays.com\/fr\/wp-json\/wp\/v2\/users\/2"}],"replies":[{"embeddable":true,"href":"https:\/\/www.europesays.com\/fr\/wp-json\/wp\/v2\/comments?post=273244"}],"version-history":[{"count":0,"href":"https:\/\/www.europesays.com\/fr\/wp-json\/wp\/v2\/posts\/273244\/revisions"}],"wp:featuredmedia":[{"embeddable":true,"href":"https:\/\/www.europesays.com\/fr\/wp-json\/wp\/v2\/media\/273245"}],"wp:attachment":[{"href":"https:\/\/www.europesays.com\/fr\/wp-json\/wp\/v2\/media?parent=273244"}],"wp:term":[{"taxonomy":"category","embeddable":true,"href":"https:\/\/www.europesays.com\/fr\/wp-json\/wp\/v2\/categories?post=273244"},{"taxonomy":"post_tag","embeddable":true,"href":"https:\/\/www.europesays.com\/fr\/wp-json\/wp\/v2\/tags?post=273244"}],"curies":[{"name":"wp","href":"https:\/\/api.w.org\/{rel}","templated":true}]}}