{"id":273246,"date":"2025-07-25T17:04:17","date_gmt":"2025-07-25T17:04:17","guid":{"rendered":"https:\/\/www.europesays.com\/fr\/273246\/"},"modified":"2025-07-25T17:04:17","modified_gmt":"2025-07-25T17:04:17","slug":"a-sanary-a-hyeres-au-lavandou-dites-nous-ou-est-votre-glacier-prefere-autour-de-toulon","status":"publish","type":"post","link":"https:\/\/www.europesays.com\/fr\/273246\/","title":{"rendered":"\u00c0 Sanary? \u00c0 Hy\u00e8res? Au Lavandou? Dites-nous o\u00f9 est votre glacier pr\u00e9f\u00e9r\u00e9 autour de Toulon !"},"content":{"rendered":"<p>C\u2019est le produit phare de l\u2019\u00e9t\u00e9, celui qu\u2019on associe souvent aux vacances. En France on en consommerait en moyenne 5,7kg par habitant et par an. La glace, v\u00e9ritable p\u00e9ch\u00e9 mignon de la saison.<\/p>\n<p>Chacun a son parfum favori, sa fa\u00e7on de la d\u00e9guster\u2026 Et surtout son petit chouchou en termes de glacier. Et oui, on est bien d\u2019accord, tous ne se valent pas.<\/p>\n<p>On aurait bien voulu les tester mais \u00e7a s\u2019annonce trop compliqu\u00e9. Alors on a d\u00e9cid\u00e9 de vous mettre \u00e0 contribution, vous, lecteurs. Dites-nous donc quel est votre artisan glacier pr\u00e9f\u00e9r\u00e9 entre Saint-Cyr et Le Lavandou en passant par Hy\u00e8res, Sanary et Toulon!<\/p>\n<p>Nous irons ensuite \u00e0 sa rencontre pour faire un portrait (et s\u00fbrement go\u00fbter ses glaces, mais chut\u2026)<\/p>\n<p>Chargement\u2026<\/p>\n","protected":false},"excerpt":{"rendered":"C\u2019est le produit phare de l\u2019\u00e9t\u00e9, celui qu\u2019on associe souvent aux vacances. En France on en consommerait en&hellip;\n","protected":false},"author":2,"featured_media":273247,"comment_status":"","ping_status":"","sticky":false,"template":"","format":"standard","meta":{"footnotes":""},"categories":[9619],"tags":[1111,11,1777,674,1011,27,12,882,25,2310,3366],"class_list":{"0":"post-273246","1":"post","2":"type-post","3":"status-publish","4":"format-standard","5":"has-post-thumbnail","7":"category-toulon","8":"tag-actu","9":"tag-actualites","10":"tag-eu","11":"tag-europe","12":"tag-fr","13":"tag-france","14":"tag-news","15":"tag-provence-alpes-cote-dazur","16":"tag-republique-francaise","17":"tag-toulon","18":"tag-vie-locale"},"share_on_mastodon":{"url":"https:\/\/pubeurope.com\/@fr\/114914961941199945","error":""},"_links":{"self":[{"href":"https:\/\/www.europesays.com\/fr\/wp-json\/wp\/v2\/posts\/273246","targetHints":{"allow":["GET"]}}],"collection":[{"href":"https:\/\/www.europesays.com\/fr\/wp-json\/wp\/v2\/posts"}],"about":[{"href":"https:\/\/www.europesays.com\/fr\/wp-json\/wp\/v2\/types\/post"}],"author":[{"embeddable":true,"href":"https:\/\/www.europesays.com\/fr\/wp-json\/wp\/v2\/users\/2"}],"replies":[{"embeddable":true,"href":"https:\/\/www.europesays.com\/fr\/wp-json\/wp\/v2\/comments?post=273246"}],"version-history":[{"count":0,"href":"https:\/\/www.europesays.com\/fr\/wp-json\/wp\/v2\/posts\/273246\/revisions"}],"wp:featuredmedia":[{"embeddable":true,"href":"https:\/\/www.europesays.com\/fr\/wp-json\/wp\/v2\/media\/273247"}],"wp:attachment":[{"href":"https:\/\/www.europesays.com\/fr\/wp-json\/wp\/v2\/media?parent=273246"}],"wp:term":[{"taxonomy":"category","embeddable":true,"href":"https:\/\/www.europesays.com\/fr\/wp-json\/wp\/v2\/categories?post=273246"},{"taxonomy":"post_tag","embeddable":true,"href":"https:\/\/www.europesays.com\/fr\/wp-json\/wp\/v2\/tags?post=273246"}],"curies":[{"name":"wp","href":"https:\/\/api.w.org\/{rel}","templated":true}]}}