{"id":273252,"date":"2025-07-25T17:07:10","date_gmt":"2025-07-25T17:07:10","guid":{"rendered":"https:\/\/www.europesays.com\/fr\/273252\/"},"modified":"2025-07-25T17:07:10","modified_gmt":"2025-07-25T17:07:10","slug":"les-musicales-de-normandie-font-escale-pres-de-dieppe-ce-week-end","status":"publish","type":"post","link":"https:\/\/www.europesays.com\/fr\/273252\/","title":{"rendered":"Les Musicales de Normandie font escale pr\u00e8s de Dieppe ce week-end"},"content":{"rendered":"<p>            Par<br \/>\n        <strong><br \/>\n            <a href=\"https:\/\/actu.fr\/auteur\/maria-dasilva\" title=\"Consulter tous les articles de Maria da Silva\" rel=\"nofollow noopener\" target=\"_blank\">Maria da Silva<\/a><br \/>\n        <\/strong><\/p>\n<p>        Publi\u00e9 le<\/p>\n<p>            25 juil. 2025 \u00e0 17h53        <\/p>\n<p>Les <a href=\"https:\/\/musicales-normandie.com\/\" rel=\"nofollow noopener\" target=\"_blank\">Musicales de Normandie<\/a> feront escale sur le territoire de <a href=\"https:\/\/actu.fr\/normandie\/dieppe_76217\" rel=\"nofollow noopener\" target=\"_blank\">Dieppe (Seine-Maritime)<\/a> ce week-end et jusqu\u2019au lundi 28\u00a0juillet 2025. Quatre concerts sont au programme.<\/p>\n<p>Auffay<\/p>\n<p class=\" wall-content\">Ce samedi 26\u00a0juillet, \u00e0 20\u2009h\u200930, la<a href=\"https:\/\/actu.fr\/normandie\/val-de-scie_76034\/les-travaux-de-la-collegiale-d-auffay-devraient-se-terminer-a-la-fin-de-l-annee_59660922.html\" rel=\"nofollow noopener\" target=\"_blank\"> coll\u00e9giale d\u2019Auffay <\/a>accueille <b>Julien Chauvin et Victor Julien-Laferri\u00e8re<\/b> pour un programme flamboyant sur instruments d\u2019\u00e9poque intitul\u00e9 \u00ab\u2009Le Concert de la Loge \u2013 Vivaldi \/ Haydn\u2009\u00bb. M\u00eame pour un compositeur aussi prolifique qu\u2019Haydn, il est difficile de rivaliser avec Vivaldi dans le domaine du concerto.<\/p>\n<p class=\" wall-content\">Le compositeur v\u00e9nitien nous en a en effet laiss\u00e9 pas moins de 500, destin\u00e9s \u00e0 presque tous les instruments connus \u00e0 l\u2019\u00e9poque et multipliant m\u00eame les combinaisons les plus vari\u00e9es. C\u2019est le cas par exemple des Concertos RV 564 et RV 575, d\u00e9volus \u00e0 un groupe de quatre solistes compos\u00e9 de deux violons et deux violoncelles.<\/p>\n<p class=\" wall-content\">Retrouv\u00e9 seulement dans les ann\u00e9es 1960, soit deux si\u00e8cles apr\u00e8s sa composition, le 1er Concerto pour violoncelle d\u2019Haydn a rapidement \u00e9t\u00e9 adopt\u00e9 par tous les violoncellistes pour la richesse de son inspiration. Il est contemporain du Concerto pour violon en sol majeur, tout aussi brillant et qui nous renvoie \u00e0 une \u00e9poque o\u00f9 Haydn venait d\u2019entrer au service des princes Esterh\u00e1zy.<\/p>\n<p>Val-de-Sa\u00e2ne<\/p>\n<p class=\" wall-content\">L\u2019\u00e9glise de Val-de-Sa\u00e2ne r\u00e9sonnera au son de <b>\u00ab\u2009L\u2019Arch\u00e9ron \u2013 Bach au Bandon\u00e9on\u2009\u00bb<\/b> dimanche 27\u00a0juillet \u00e0 16\u2009h. Habituellement connu dans le tango argentin, le bandon\u00e9on fut pourtant cr\u00e9\u00e9 en Allemagne au 19e si\u00e8cle pour remplacer l\u2019orgue dans les paroisses modestes ou d\u00e9sirant un instrument accompagnant les c\u00e9r\u00e9monies religieuses en ext\u00e9rieur.<\/p>\n<p>Vid\u00e9os : en ce moment sur Actu<\/p>\n<p class=\" wall-content\">Ce sont ces racines que la voix et la viole de gambe veulent ici r\u00e9v\u00e9ler en invitant le bandon\u00e9on \u00e0 se joindre \u00e0 elles dans la musique d\u2019orgue de Jean-S\u00e9bastien Bach, adaptant les chorals de l\u2019Orgelb\u00fcchlein pour cette formation inou\u00efe, d\u2019un naturel \u00e9tonnant, aux sonorit\u00e9s intemporelles.<\/p>\n<p>Varengeville-sur-Mer<\/p>\n<p class=\" wall-content\">Laur\u00e9at de nombreux concours internationaux, le <a href=\"https:\/\/www.triohelios.com\/\" rel=\"nofollow noopener\" target=\"_blank\">Trio H\u00e9lios <\/a>investira le <b>mus\u00e9e Michel-Ciry<\/b> \u00e0 20\u2009h\u200930 dimanche. La formation s\u2019est rapidement impos\u00e9e sur les plus grandes sc\u00e8nes. Pour ce concert, elle proposera trois pi\u00e8ces majeures du r\u00e9pertoire du 20e si\u00e8cle. Compos\u00e9 en 1914, le trio de Ravel reste l\u2019une des pi\u00e8ces les plus c\u00e9l\u00e8bres du compositeur, qui t\u00e9moigne de sa ma\u00eetrise dans l\u2019art de l\u2019orchestration et de jeu subtil des textures musicales. D\u2019un Soir triste est une \u0153uvre remarquable qui t\u00e9moigne du g\u00e9nie musical de Lili Boulanger, malheureusement emport\u00e9e bien trop jeune \u00e0 seulement 24\u00a0ans\u2026<\/p>\n<p class=\" wall-content\">Quant au trio n\u00b02 de Chostakovitch, c\u2019est l\u2019une des compositions les plus poignantes et embl\u00e9matiques du compositeur russe, qui y m\u00eale \u00e0 la fois la douleur, l\u2019ironie et une grande virtuosit\u00e9.<\/p>\n<p class=\" wall-content\">Toujours au mus\u00e9e Michel-Ciry, Camille Thomas et Julien Brocal seront en concert lundi 28\u00a0juillet \u00e0 20\u2009h\u200930. Concertiste de renomm\u00e9e internationale, la violoncelliste Camille Thomas propose un voyage dans le Paris de 1830 autour de Fr\u00e9d\u00e9ric Chopin et de son ami Auguste-Joseph Franchomme, l\u2019un des plus grands violoncellistes de son temps. C\u2019est en septembre\u00a01831 que le compositeur et pianiste franco-polonais Fr\u00e9d\u00e9ric Chopin (1810-1849) s\u2019installe \u00e0 Paris. Il y rencontre Camille Pleyel, fabricant de pianos, chez qui il se produit pour la premi\u00e8re fois devant le public parisien.<\/p>\n<p class=\" wall-content\">Quelques mois apr\u00e8s son arriv\u00e9e dans la capitale, Chopin fait la connaissance d\u2019Auguste-Joseph Franchomme (1808-1884). Les deux hommes se lient d\u2019amiti\u00e9 et cette rencontre influencera grandement Chopin. Ce concert est un voyage passionnant dans le romantisme musical.<\/p>\n<p>Informations suppl\u00e9mentaires et billetterie sur le site internet\u2009: https:\/\/musicales-normandie.com.<\/p>\n<p class=\" wall-content\">Suivez toute l\u2019actualit\u00e9 de vos villes et m\u00e9dias favoris en vous inscrivant \u00e0 <a href=\"https:\/\/moncompte.actu.fr\" title=\"D\u00e9couvez Mon Actu\" rel=\"nofollow noopener\" data-trk=\"{&quot;cta&quot;:{&quot;action&quot;:&quot;https:\\\/\\\/moncompte.actu.fr&quot;,&quot;category&quot;:&quot;mon compte&quot;,&quot;from&quot;:&quot;article footer&quot;,&quot;name&quot;:&quot;Mon actu&quot;,&quot;type&quot;:&quot;cta&quot;}}\" target=\"_blank\">Mon Actu<\/a>.<\/p>\n","protected":false},"excerpt":{"rendered":"Par Maria da Silva Publi\u00e9 le 25 juil. 2025 \u00e0 17h53 Les Musicales de Normandie feront escale sur&hellip;\n","protected":false},"author":2,"featured_media":273253,"comment_status":"","ping_status":"","sticky":false,"template":"","format":"standard","meta":{"footnotes":""},"categories":[9587],"tags":[1111,11,1697,1777,674,1011,27,1652,873,12,5161,25,9590,2169],"class_list":{"0":"post-273252","1":"post","2":"type-post","3":"status-publish","4":"format-standard","5":"has-post-thumbnail","7":"category-rouen","8":"tag-actu","9":"tag-actualites","10":"tag-concert","11":"tag-eu","12":"tag-europe","13":"tag-fr","14":"tag-france","15":"tag-loisirs-culture","16":"tag-musique","17":"tag-news","18":"tag-normandie","19":"tag-republique-francaise","20":"tag-rouen","21":"tag-week-end-a-dieppe"},"share_on_mastodon":{"url":"https:\/\/pubeurope.com\/@fr\/114914973605500785","error":""},"_links":{"self":[{"href":"https:\/\/www.europesays.com\/fr\/wp-json\/wp\/v2\/posts\/273252","targetHints":{"allow":["GET"]}}],"collection":[{"href":"https:\/\/www.europesays.com\/fr\/wp-json\/wp\/v2\/posts"}],"about":[{"href":"https:\/\/www.europesays.com\/fr\/wp-json\/wp\/v2\/types\/post"}],"author":[{"embeddable":true,"href":"https:\/\/www.europesays.com\/fr\/wp-json\/wp\/v2\/users\/2"}],"replies":[{"embeddable":true,"href":"https:\/\/www.europesays.com\/fr\/wp-json\/wp\/v2\/comments?post=273252"}],"version-history":[{"count":0,"href":"https:\/\/www.europesays.com\/fr\/wp-json\/wp\/v2\/posts\/273252\/revisions"}],"wp:featuredmedia":[{"embeddable":true,"href":"https:\/\/www.europesays.com\/fr\/wp-json\/wp\/v2\/media\/273253"}],"wp:attachment":[{"href":"https:\/\/www.europesays.com\/fr\/wp-json\/wp\/v2\/media?parent=273252"}],"wp:term":[{"taxonomy":"category","embeddable":true,"href":"https:\/\/www.europesays.com\/fr\/wp-json\/wp\/v2\/categories?post=273252"},{"taxonomy":"post_tag","embeddable":true,"href":"https:\/\/www.europesays.com\/fr\/wp-json\/wp\/v2\/tags?post=273252"}],"curies":[{"name":"wp","href":"https:\/\/api.w.org\/{rel}","templated":true}]}}