{"id":273269,"date":"2025-07-25T17:17:24","date_gmt":"2025-07-25T17:17:24","guid":{"rendered":"https:\/\/www.europesays.com\/fr\/273269\/"},"modified":"2025-07-25T17:17:24","modified_gmt":"2025-07-25T17:17:24","slug":"le-service-des-objets-trouves-de-la-police-municipale-de-nice-demenage-au-4","status":"publish","type":"post","link":"https:\/\/www.europesays.com\/fr\/273269\/","title":{"rendered":"Le service des objets trouv\u00e9s de la Police Municipale de Nice d\u00e9m\u00e9nage au 4 (\u2026)"},"content":{"rendered":"<p>                    <img loading=\"lazy\" decoding=\"async\" src=\"https:\/\/www.europesays.com\/fr\/wp-content\/uploads\/2025\/07\/cbd95a018ca486de721c9c0104d124.png\" class=\"img-responsive post-image\" width=\"680\" height=\"510\" alt=\"Le service des objets (\u2026)\" title=\" Le service des objets trouv\u00e9s de la Police Municipale de Nice d\u00e9m\u00e9nage au 4 rue Ribotti \u00e0 partir du 4 ao\u00fbt\"\/><\/p>\n<p>Vous avez trouv\u00e9 un porte monaaie ou un trousseau de cl\u00e9s \u00e0 Nice\u00a0: attention  <br class=\"chapo\"\/><br \/>\nchangement de lieu pour le rapporter aux objets trouv\u00e9s \u00e0 compter du 4 ao\u00fbt prochain\u00a0! Le service des objets trouv\u00e9s de la Police Municipale, actuellement situ\u00e9 42 rue Dabray, sera transf\u00e9r\u00e9 au rez-de-chauss\u00e9e du 4 rue Ribotti.<\/p>\n<p>Durant cette phase de relocalisation, du 28 juillet au 1er ao\u00fbt inclus, le service reste joignable par t\u00e9l\u00e9phone au 04.97.13.25.65 pour toute demande li\u00e9e \u00e0 la restitution ou au d\u00e9p\u00f4t d\u2019objets, du lundi au jeudi de 8h30 \u00e0 17h et le vendredi jusqu\u2019\u00e0 15h45.<\/p>\n<p><strong>\u00c0 partir du lundi 4 ao\u00fbt le service sera pleinement op\u00e9rationnel \u00e0 sa nouvelle adresse et fonctionnera selon les horaires habituels\u00a0:<br class=\"autobr\"\/><br \/>\nLundi au jeudi\u00a0: de 8h30 \u00e0 17h<br class=\"autobr\"\/><br \/>\nVendredi\u00a0: de 8h30 \u00e0 15h45<br class=\"autobr\"\/><br \/>\nFerm\u00e9 les week-ends et jours f\u00e9ri\u00e9s<\/strong><\/p>\n<p><strong>Le saviez-vous\u00a0?<\/strong><br class=\"autobr\"\/><br \/>\nPour faciliter les d\u00e9marches, toute personne ayant perdu ou trouv\u00e9 un objet peut le signaler directement en ligne sur le site d\u00e9di\u00e9 <a href=\"https:\/\/nice.franceobjetstrouves.fr\/\" class=\"spip_out\" rel=\"external nofollow noopener\" target=\"_blank\">objets-trouves.nice.fr<\/a>, accessible 24h\/24.<\/p>\n<p>Visuel de une\u00a0: illustration \u00a9DR<\/p>\n","protected":false},"excerpt":{"rendered":"Vous avez trouv\u00e9 un porte monaaie ou un trousseau de cl\u00e9s \u00e0 Nice\u00a0: attention changement de lieu pour&hellip;\n","protected":false},"author":2,"featured_media":273270,"comment_status":"","ping_status":"","sticky":false,"template":"","format":"standard","meta":{"footnotes":""},"categories":[2819],"tags":[1111,11,2408,1777,674,1011,27,12,2401,882,25],"class_list":{"0":"post-273269","1":"post","2":"type-post","3":"status-publish","4":"format-standard","5":"has-post-thumbnail","7":"category-nice","8":"tag-actu","9":"tag-actualites","10":"tag-appels-d","11":"tag-eu","12":"tag-europe","13":"tag-fr","14":"tag-france","15":"tag-news","16":"tag-nice","17":"tag-provence-alpes-cote-dazur","18":"tag-republique-francaise"},"share_on_mastodon":{"url":"https:\/\/pubeurope.com\/@fr\/114915013054223475","error":""},"_links":{"self":[{"href":"https:\/\/www.europesays.com\/fr\/wp-json\/wp\/v2\/posts\/273269","targetHints":{"allow":["GET"]}}],"collection":[{"href":"https:\/\/www.europesays.com\/fr\/wp-json\/wp\/v2\/posts"}],"about":[{"href":"https:\/\/www.europesays.com\/fr\/wp-json\/wp\/v2\/types\/post"}],"author":[{"embeddable":true,"href":"https:\/\/www.europesays.com\/fr\/wp-json\/wp\/v2\/users\/2"}],"replies":[{"embeddable":true,"href":"https:\/\/www.europesays.com\/fr\/wp-json\/wp\/v2\/comments?post=273269"}],"version-history":[{"count":0,"href":"https:\/\/www.europesays.com\/fr\/wp-json\/wp\/v2\/posts\/273269\/revisions"}],"wp:featuredmedia":[{"embeddable":true,"href":"https:\/\/www.europesays.com\/fr\/wp-json\/wp\/v2\/media\/273270"}],"wp:attachment":[{"href":"https:\/\/www.europesays.com\/fr\/wp-json\/wp\/v2\/media?parent=273269"}],"wp:term":[{"taxonomy":"category","embeddable":true,"href":"https:\/\/www.europesays.com\/fr\/wp-json\/wp\/v2\/categories?post=273269"},{"taxonomy":"post_tag","embeddable":true,"href":"https:\/\/www.europesays.com\/fr\/wp-json\/wp\/v2\/tags?post=273269"}],"curies":[{"name":"wp","href":"https:\/\/api.w.org\/{rel}","templated":true}]}}