{"id":27327,"date":"2025-04-15T19:20:57","date_gmt":"2025-04-15T19:20:57","guid":{"rendered":"https:\/\/www.europesays.com\/fr\/27327\/"},"modified":"2025-04-15T19:20:57","modified_gmt":"2025-04-15T19:20:57","slug":"luniversite-sengage-avec-les-poles-de-competitivite","status":"publish","type":"post","link":"https:\/\/www.europesays.com\/fr\/27327\/","title":{"rendered":"l\u2019Universit\u00e9 s&rsquo;engage avec les p\u00f4les de comp\u00e9titivit\u00e9"},"content":{"rendered":"<p>            Par<br \/>\n        <strong><br \/>\n            <a href=\"https:\/\/actu.fr\/auteur\/g-martin\" title=\"Consulter tous les articles de Gil Martin\" rel=\"nofollow noopener\" target=\"_blank\">Gil Martin<\/a><br \/>\n        <\/strong><\/p>\n<p>        Publi\u00e9 le<\/p>\n<p>            15 avr. 2025 \u00e0 17h49        <\/p>\n<p>Le lundi 7 avril, au sein de l\u2019Institut de botanique, l\u2019<strong>Universit\u00e9 de Montpellier<\/strong> a organis\u00e9 la signature officielle des premiers partenariats<strong> entre le P\u00f4le Universitaire d\u2019Innovation<\/strong> montpelli\u00e9rain et <strong>sept p\u00f4les de comp\u00e9titivit\u00e9<\/strong> pr\u00e9sents sur le territoire occitan : Aerospace Valley, Agri Sud-Ouest Innovation, Aqua-Valley, DERBI, Eurobiomed, P\u00f4le Mer M\u00e9diterran\u00e9e et Innov\u2019Alliance.<\/p>\n<p>Qu&rsquo;est-ce qu&rsquo;un p\u00f4le de comp\u00e9titivit\u00e9 ?<\/p>\n<p>Ces structures rassemblent des entreprises, des acteurs de la recherche et des \u00e9tablissements de formation sur un territoire d\u00e9limit\u00e9 autour d\u2019une th\u00e9matique. Par exemple, le p\u00f4le Aqua Valley bas\u00e9 \u00e0 Montpellier f\u00e9d\u00e8re plus de 250 adh\u00e9rents (entreprises, laboratoires, universit\u00e9s, etc) qui d\u00e9veloppent des solutions technologiques innovantes dans le domaine de l\u2019eau. \u00a0<\/p>\n<p>Pour des solutions \u00e0 fort impact<\/p>\n<p class=\" wall-content\">\u00ab\u00a0L\u2019objectif final de ces p\u00f4les de comp\u00e9titivit\u00e9 est de <strong>soutenir l\u2019innovation<\/strong> sur nos territoires\u00a0et de favoriser <strong>le d\u00e9veloppement d\u2019entreprises<\/strong> gr\u00e2ce notamment \u00e0 la valorisation et \u00e0 la mise sur le march\u00e9 de nouveaux produits, services ou proc\u00e9d\u00e9s issus des r\u00e9sultats des projets de recherche\u00bb, a rappel\u00e9 Philipe Aug\u00e9, le pr\u00e9sident de l\u2019UM qui estime que la signature de la signature avec les p\u00f4les \u00ab renforce <strong>les synergies<\/strong> entre tous les acteurs cl\u00e9s de l\u2019\u00e9cosyst\u00e8me local afin de permettre \u00a0l\u2019\u00e9mergence de <strong>solutions \u00e0 fort impact<\/strong> \u00bb.<\/p>\n<p>Aujourd\u2019hui, 55 p\u00f4les de comp\u00e9titivit\u00e9s sont labellis\u00e9s en France, rassemblant 2 000 laboratoires et \u00e9tablissements d\u2019enseignement sup\u00e9rieur et 14 000 entreprises.<\/p>\n<p>    <a href=\"https:\/\/www.google.com\/maps\/embed?pb=!1m18!1m12!1m3!1d2888.555064721063!2d3.8695394756224855!3d43.6158049548495!2m3!1f0!2f0!3f0!3m2!1i1024!2i768!4f13.1!3m3!1m2!1s0x12b6af08f2b26b51%3A0x3beb438579b1754c!2sUniversit%C3%A9%20de%20Montpellier%20Institut%20de%20Botanique!5e0!3m2!1sfr!2sfr!4v1744173119170!5m2!1sfr!2sfr\" title=\"Ouvrie le lien\" rel=\"nofollow noopener\" target=\"_blank\">Cliquez ici pour visualiser le contenu<\/a><\/p>\n<p>Vid\u00e9os : en ce moment sur ActuFaire \u00e9merger des \u00ab\u00a0deeptech\u00a0\u00bb<\/p>\n<p class=\" wall-content\">Concr\u00e8tement, la convention sign\u00e9e par l\u2019UM fixe une strat\u00e9gie qui doit notamment <strong>renforcer les connexions<\/strong> entre les mondes de la recherche et de l\u2019innovation et le monde socio-\u00e9conomique : \u00ab A travers les dispositifs d\u2019accompagnement du PUI, cette convention vise \u00e0 transformer les avanc\u00e9es scientifiques <strong>en innovations industrielles \u00e0 haute valeur ajout\u00e9e<\/strong>, mais aussi \u00e0 structurer des projets collaboratifs ambitieux \u00bb, confirme l\u2019UM qi esp\u00e8re l\u2019\u00e9mergence des start-ups d\u00eetes \u00ab <strong>deeptech<\/strong> \u00bb, c\u2019est-\u00e0-dire issues de la recherche publique ou priv\u00e9e.<\/p>\n<p>Un hub majeur de l\u2019innovation<\/p>\n<p class=\" wall-content\">Structur\u00e9 autour du triptyque \u00ab\u00a0Nourrir Soigner Prot\u00e9ger\u00a0\u00bb du <strong>programme I-SITE<\/strong> port\u00e9 par l\u2019universit\u00e9, le PUl local peut s\u2019appuyer sur une <strong>force de frappe<\/strong> assez inou\u00efe puisque l\u2019\u00e9cosyst\u00e8me montpelli\u00e9rain de la recherche et de l\u2019innovation rassemble ici \u00ab\u00a0un tiers des chercheurs et chercheuses d\u2019Occitanie et 70 000 \u00e9tudiantes et \u00e9tudiants\u00a0\u00bb, rappelle l\u2019UM, pour qui plus que jamais, Montpellier se positionne comme <strong>un hub majeur de l\u2019innovation<\/strong>.<\/p>\n<p class=\" wall-content\">Suivez toute l\u2019actualit\u00e9 de vos villes et m\u00e9dias favoris en vous inscrivant \u00e0 <a href=\"https:\/\/moncompte.actu.fr\" title=\"D\u00e9couvez Mon Actu\" rel=\"nofollow noopener\" data-trk=\"{&quot;cta&quot;:{&quot;action&quot;:&quot;https:\\\/\\\/moncompte.actu.fr&quot;,&quot;category&quot;:&quot;mon compte&quot;,&quot;from&quot;:&quot;article footer&quot;,&quot;name&quot;:&quot;Mon actu&quot;,&quot;type&quot;:&quot;cta&quot;}}\" target=\"_blank\">Mon Actu<\/a>.<\/p>\n","protected":false},"excerpt":{"rendered":"Par Gil Martin Publi\u00e9 le 15 avr. 2025 \u00e0 17h49 Le lundi 7 avril, au sein de l\u2019Institut&hellip;\n","protected":false},"author":2,"featured_media":27328,"comment_status":"","ping_status":"","sticky":false,"template":"","format":"standard","meta":{"footnotes":""},"categories":[9599],"tags":[1111,11,1777,674,1011,27,2208,12,2680,25,2631],"class_list":{"0":"post-27327","1":"post","2":"type-post","3":"status-publish","4":"format-standard","5":"has-post-thumbnail","7":"category-montpellier","8":"tag-actu","9":"tag-actualites","10":"tag-eu","11":"tag-europe","12":"tag-fr","13":"tag-france","14":"tag-montpellier","15":"tag-news","16":"tag-occitanie","17":"tag-republique-francaise","18":"tag-sciences-technologie"},"share_on_mastodon":{"url":"https:\/\/pubeurope.com\/@fr\/114343607236238911","error":""},"_links":{"self":[{"href":"https:\/\/www.europesays.com\/fr\/wp-json\/wp\/v2\/posts\/27327","targetHints":{"allow":["GET"]}}],"collection":[{"href":"https:\/\/www.europesays.com\/fr\/wp-json\/wp\/v2\/posts"}],"about":[{"href":"https:\/\/www.europesays.com\/fr\/wp-json\/wp\/v2\/types\/post"}],"author":[{"embeddable":true,"href":"https:\/\/www.europesays.com\/fr\/wp-json\/wp\/v2\/users\/2"}],"replies":[{"embeddable":true,"href":"https:\/\/www.europesays.com\/fr\/wp-json\/wp\/v2\/comments?post=27327"}],"version-history":[{"count":0,"href":"https:\/\/www.europesays.com\/fr\/wp-json\/wp\/v2\/posts\/27327\/revisions"}],"wp:featuredmedia":[{"embeddable":true,"href":"https:\/\/www.europesays.com\/fr\/wp-json\/wp\/v2\/media\/27328"}],"wp:attachment":[{"href":"https:\/\/www.europesays.com\/fr\/wp-json\/wp\/v2\/media?parent=27327"}],"wp:term":[{"taxonomy":"category","embeddable":true,"href":"https:\/\/www.europesays.com\/fr\/wp-json\/wp\/v2\/categories?post=27327"},{"taxonomy":"post_tag","embeddable":true,"href":"https:\/\/www.europesays.com\/fr\/wp-json\/wp\/v2\/tags?post=27327"}],"curies":[{"name":"wp","href":"https:\/\/api.w.org\/{rel}","templated":true}]}}