{"id":273277,"date":"2025-07-25T17:21:10","date_gmt":"2025-07-25T17:21:10","guid":{"rendered":"https:\/\/www.europesays.com\/fr\/273277\/"},"modified":"2025-07-25T17:21:10","modified_gmt":"2025-07-25T17:21:10","slug":"avec-sa-vue-panoramique-ce-nouveau-lieu-de-fete-cartonne-a-bordeaux-on-ne-sinterdit-rien","status":"publish","type":"post","link":"https:\/\/www.europesays.com\/fr\/273277\/","title":{"rendered":"Avec sa vue panoramique, ce nouveau lieu de f\u00eate cartonne \u00e0 Bordeaux : \u00ab\u00a0On ne s&rsquo;interdit rien\u00a0\u00bb"},"content":{"rendered":"<p>            Par<br \/>\n        <strong><br \/>\n            <a href=\"https:\/\/actu.fr\/auteur\/juliette-cardinale\" title=\"Consulter tous les articles de Juliette Cardinale\" rel=\"nofollow noopener\" target=\"_blank\">Juliette Cardinale<\/a><br \/>\n        <\/strong><\/p>\n<p>        Publi\u00e9 le<\/p>\n<p>            25 juil. 2025 \u00e0 19h01        <\/p>\n<p>C\u2019est le nouveau spot o\u00f9 passer une soir\u00e9e d\u2019\u00e9t\u00e9 <a href=\"https:\/\/actu.fr\/bordeaux\/\" rel=\"nofollow noopener\" target=\"_blank\">\u00e0 Bordeaux.<\/a> Le Bien public a <a href=\"https:\/\/actu.fr\/nouvelle-aquitaine\/bordeaux_33063\/avec-une-terrasse-et-des-concerts-ce-nouveau-lieu-culturel-ouvre-sur-la-rive-droite-de-bordeaux_62640480.html\" rel=\"nofollow noopener\" target=\"_blank\">ouvert ses portes le 15\u00a0mai 2025,<\/a> sur la rive droite de la capitale girondine. Si le lieu n\u2019est pas encore au maximum de ses capacit\u00e9s, il <strong>d\u00e9marre \u00e0 toute vitesse<\/strong> gr\u00e2ce \u00e0 sa belle programmation. Un accueil d\u2019autant plus positif que le jeune quartier du Belv\u00e9d\u00e8re est en manque criant d\u2019animation. Et pour la deuxi\u00e8me partie de l\u2019\u00e9t\u00e9, comme pour la rentr\u00e9e, l\u2019\u00e9quipe a encore de belles choses \u00e0 r\u00e9v\u00e9ler.<\/p>\n<p>Un d\u00e9marrage tr\u00e8s suivi<\/p>\n<p class=\" wall-content\">\u00ab\u2009On a <strong>tr\u00e8s bien d\u00e9marr\u00e9<\/strong>, avec un bon accueil du public\u2009\u00bb, se r\u00e9jouit fin juillet Rihab Hdidou, programmatrice du lieu culturel. Pour cette ouverture estivale, le Bien public ouvre d\u00e9j\u00e0 son restaurant, son bar et sa terrasse du jeudi au dimanche. C\u00f4t\u00e9s artistes, ce sont essentiellement des DJs qui se sont relay\u00e9s\u2009: tous sont locaux.<\/p>\n<p class=\" wall-content\">\u00ab\u2009On veut <strong>tisser des liens avec<\/strong> les associations culturelles locales. On a invit\u00e9 tous les collectifs \u00e0 jouer une fois dans l\u2019\u00e9t\u00e9, pour les mettre en avant et faire d\u00e9couvrir le lieu\u2009\u00bb, insiste la programmatrice.<\/p>\n<p class=\" wall-content\">Cette forte volont\u00e9 de s\u2019ancrer localement <strong>d\u00e9passe les fronti\u00e8res<\/strong> du milieu culturel. C\u2019est le <a href=\"https:\/\/actu.fr\/nouvelle-aquitaine\/bordeaux_33063\/belvedere-armagnac-paludate-ou-en-sont-les-nouveaux-quartiers-de-bordeaux_61568552.html\" rel=\"nofollow noopener\" target=\"_blank\">nouveau quartier du Belv\u00e9d\u00e8re,<\/a> au pied du pont Saint-Jean, que le lieu anime. \u00ab\u2009On vise \u00e0 dynamiser le quartier en cr\u00e9ant le rendez-vous du coin, accessible \u00e0 tous.\u2009\u00bb La mixit\u00e9 sociale y est d\u00e9j\u00e0\u2009: \u00ab\u2009On voit des familles venir profiter de la place sans voitures et des jeunes arriver de la rive gauche pour les concerts.\u2009\u00bb<\/p>\n<p>\u00c0\u00a0quoi s\u2019attendre en septembre\u2009?<\/p>\n<p class=\" wall-content\">Ce mois d\u2019ao\u00fbt, la programmation continue sur sa lanc\u00e9e \u2013 <strong>sans pause estivale.<\/strong> D\u00e8s la rentr\u00e9e, en septembre, les autres espaces du lieu ouvriront leurs portes et s\u2019ajouteront aux ap\u00e9ros sur la terrasse.<\/p>\n<p class=\" wall-content\">\u00ab\u2009La salle de concert et de club ouvrira le <strong>premier week-end de septembre\u2009\u00bb,<\/strong> souligne la programmatrice. Avec une capacit\u00e9 de 960\u00a0personnes, elle accueillera des soir\u00e9es tous les vendredis et samedis a minima.<\/p>\n<p class=\" wall-content\">Si les noms ne sont pas encore annonc\u00e9s, les premiers artistes devraient \u00eatre issus de la sc\u00e8ne locale. \u00ab\u2009On va leur laisser des cartes blanches. On veut envoyer <strong>un message fort<\/strong>\u2009: les collectifs locaux peuvent nous proposer des choses pour investir les lieux.\u2009\u00bb<\/p>\n<p class=\" wall-content\">Des artistes \u00e0 la <strong>renomm\u00e9e internationale<\/strong> seront peu \u00e0 peu programm\u00e9s \u00e0 leur tour. \u00ab\u2009On ne s\u2019interdit rien en termes de style, on a juste envie que les musiques soient ancr\u00e9es dans l\u2019\u00e9poque actuelle et porteuses de sens\u2009\u00bb, d\u00e9taille Rihab Hdidou.<\/p>\n<blockquote class=\"ac-article-quote wall-content\">\n<p>Le Bien public est une tribune qui permet de venir faire plein de choses : des concerts, des conf\u00e9rences, des projections\u2026<\/p>\n<p>    <strong>Rihab Hdidou<\/strong><br \/>\n        Programmatrice du Bien public    <\/p><\/blockquote>\n<p class=\" wall-content\">Une \u00e9volution des horaires et jours d\u2019ouverture pourrait bien avoir lieu \u00e0 la rentr\u00e9e. \u00ab\u2009On est encore en p\u00e9riode de rodage, souligne Rihab Hdidou, mais on est content d\u2019avoir un beau retour du public et de <strong>voir ce lieu prendre vie.\u2009\u00bb<\/strong><\/p>\n<p class=\" wall-content\">Suivez toute l\u2019actualit\u00e9 de vos villes et m\u00e9dias favoris en vous inscrivant \u00e0 <a href=\"https:\/\/moncompte.actu.fr\" title=\"D\u00e9couvez Mon Actu\" rel=\"nofollow noopener\" data-trk=\"{&quot;cta&quot;:{&quot;action&quot;:&quot;https:\\\/\\\/moncompte.actu.fr&quot;,&quot;category&quot;:&quot;mon compte&quot;,&quot;from&quot;:&quot;article footer&quot;,&quot;name&quot;:&quot;Mon actu&quot;,&quot;type&quot;:&quot;cta&quot;}}\" target=\"_blank\">Mon Actu<\/a>.<\/p>\n","protected":false},"excerpt":{"rendered":"Par Juliette Cardinale Publi\u00e9 le 25 juil. 2025 \u00e0 19h01 C\u2019est le nouveau spot o\u00f9 passer une soir\u00e9e&hellip;\n","protected":false},"author":2,"featured_media":273278,"comment_status":"","ping_status":"","sticky":false,"template":"","format":"standard","meta":{"footnotes":""},"categories":[2817],"tags":[1111,11,1997,215,1777,674,1011,27,1652,12,2219,25,1340],"class_list":{"0":"post-273277","1":"post","2":"type-post","3":"status-publish","4":"format-standard","5":"has-post-thumbnail","7":"category-bordeaux","8":"tag-actu","9":"tag-actualites","10":"tag-bordeaux","11":"tag-commerce","12":"tag-eu","13":"tag-europe","14":"tag-fr","15":"tag-france","16":"tag-loisirs-culture","17":"tag-news","18":"tag-nouvelle-aquitaine","19":"tag-republique-francaise","20":"tag-restaurant"},"share_on_mastodon":{"url":"https:\/\/pubeurope.com\/@fr\/114915028837390939","error":""},"_links":{"self":[{"href":"https:\/\/www.europesays.com\/fr\/wp-json\/wp\/v2\/posts\/273277","targetHints":{"allow":["GET"]}}],"collection":[{"href":"https:\/\/www.europesays.com\/fr\/wp-json\/wp\/v2\/posts"}],"about":[{"href":"https:\/\/www.europesays.com\/fr\/wp-json\/wp\/v2\/types\/post"}],"author":[{"embeddable":true,"href":"https:\/\/www.europesays.com\/fr\/wp-json\/wp\/v2\/users\/2"}],"replies":[{"embeddable":true,"href":"https:\/\/www.europesays.com\/fr\/wp-json\/wp\/v2\/comments?post=273277"}],"version-history":[{"count":0,"href":"https:\/\/www.europesays.com\/fr\/wp-json\/wp\/v2\/posts\/273277\/revisions"}],"wp:featuredmedia":[{"embeddable":true,"href":"https:\/\/www.europesays.com\/fr\/wp-json\/wp\/v2\/media\/273278"}],"wp:attachment":[{"href":"https:\/\/www.europesays.com\/fr\/wp-json\/wp\/v2\/media?parent=273277"}],"wp:term":[{"taxonomy":"category","embeddable":true,"href":"https:\/\/www.europesays.com\/fr\/wp-json\/wp\/v2\/categories?post=273277"},{"taxonomy":"post_tag","embeddable":true,"href":"https:\/\/www.europesays.com\/fr\/wp-json\/wp\/v2\/tags?post=273277"}],"curies":[{"name":"wp","href":"https:\/\/api.w.org\/{rel}","templated":true}]}}