{"id":273287,"date":"2025-07-25T17:26:10","date_gmt":"2025-07-25T17:26:10","guid":{"rendered":"https:\/\/www.europesays.com\/fr\/273287\/"},"modified":"2025-07-25T17:26:10","modified_gmt":"2025-07-25T17:26:10","slug":"a-marseille-le-sans-abri-sous-subutex-avait-menace-et-outrage-des-policiers","status":"publish","type":"post","link":"https:\/\/www.europesays.com\/fr\/273287\/","title":{"rendered":"\u00e0 Marseille, le sans-abri sous Subutex avait menac\u00e9 et outrag\u00e9 des policiers"},"content":{"rendered":"<p>Sa\u00efd R. est l\u2019un de ces justiciables dont la justice ne sait plus que faire. Cet homme de 49\u00a0ans a \u00e9t\u00e9 jug\u00e9 mercredi 22\u00a0juillet et condamn\u00e9 \u00e0 deux ans de prison dont un an assorti d\u2019un sursis probatoire renforc\u00e9 avec obligation de soin. Le parquet avait requis trois ans ferme. <a href=\"https:\/\/www.laprovence.com\/article\/politique\/6337540237089914\/ne-pas-avoir-de-condamnation-a-son-casier-judiciaire-quand-bardella-formule-une-regle-qui-pourrait-priver-le-pen-de-candidature\" target=\"_blank\" rel=\"noopener\">Une ligne de plus \u00e0 son casier judiciaire<\/a>, d\u00e9j\u00e0 orn\u00e9 de 26 mentions li\u00e9es, pour la plupart, \u00e0 des actes de violence.<\/p>\n<p>Cette fois-ci, c\u2019est un \u00e9pisode survenu le 18\u00a0juillet devant <a href=\"https:\/\/www.laprovence.com\/article\/region\/1097395700790514\/ligne-2-du-metro-a-marseille-les-marins-pompiers-portent-secours-a-une-personne-sur-les-rails-des-perturbations\" target=\"_blank\" rel=\"noopener\">la station de m\u00e9tro Rond-Point du Prado<\/a> \u00e0 Marseille, qui lui a valu de compara\u00eetre. Plac\u00e9 en semi-libert\u00e9 une semaine avant \u00e0 l\u2019issue de sa pr\u00e9c\u00e9dente peine de prison, Sa\u00efd R. errait, sans abri. Devant la station de m\u00e9tro, il a eu une altercation avec une dame \u00e2g\u00e9e au sujet du v\u00e9lo de cette derni\u00e8re.<\/p>\n<p>Addiction \u00e0 l\u2019alcool et aux m\u00e9dicaments<\/p>\n<p>Le quadrag\u00e9naire est devenu violent, des passants sont intervenus, il a sorti un couteau. L\u2019arriv\u00e9e de la police, loin de le calmer, a d\u00e9clench\u00e9 un torrent de violences, menaces et invectives (\u00ab\u00a0Niquez vos morts, vous \u00eates des sales racistes de merde, des sales Marine Le\u00a0Pen de merde. [\u2026] J\u2019aime pas les flics. Je veux vous voir tous morts et vos enfants aussi. Je vous retrouverai\u00a0!\u00a0\u00bb) avant qu\u2019il ne soit interpell\u00e9 de mani\u00e8re muscl\u00e9e.<\/p>\n<p>Son dossier, compuls\u00e9 par les juges \u00e0 l\u2019audience, dressait le portrait d\u2019un homme \u00e0 la d\u00e9rive, atteint de <a href=\"https:\/\/www.laprovence.com\/article\/sante\/8067550451295614\/bipolarite-phases-maniaques-et-depressives-diagnostic-traitement-quelle-est-cette-maladie-mentale\" target=\"_blank\" rel=\"noopener\">troubles psychiatriques<\/a> et souffrant de plusieurs addictions (notamment au Subutex et \u00e0 l\u2019alcool). Dans le box, Sa\u00efd R. a ni\u00e9 les charges qui lui \u00e9taient reproch\u00e9es, accusant ses adversaires de l\u2019avoir menac\u00e9 et violent\u00e9. \u00ab\u00a0Si je comprends rien, aujourd\u2019hui c\u2019est vous la victime, de la vieille dame, du t\u00e9moin, des policiers\u00a0?\u00a0\u00bb, l\u2019a interpell\u00e9e, mordante, la procureure Pauline Hamel. \u00ab\u00a0Oui\u00a0\u00bb, a r\u00e9pondu le pr\u00e9venu.<\/p>\n<p>\u00ab\u00a0Indignit\u00e9 totale\u00a0\u00bb<\/p>\n<p>Agac\u00e9e, la magistrate a vilipend\u00e9 dans son r\u00e9quisitoire son \u00ab\u00a0indignit\u00e9 totale face \u00e0 ses responsabilit\u00e9s, et sa victimisation\u00a0\u00bb. \u00ab\u00a0Personne n\u2019est dupe\u00a0!\u00a0\u00bb, a-t-elle conclu, dans la droite ligne des deux avocats de parties civiles qui \u00e9taient venus juste avant r\u00e9clamer r\u00e9paration pour trois policiers et un civil qui avait ceintur\u00e9 Sa\u00efd R. pour prot\u00e9ger la vieille dame.<\/p>\n<p>L\u2019avocate de la d\u00e9fense, Me Claire Jacquot, a au contraire tent\u00e9 de temporiser, pr\u00e9sentant son client comme \u00ab\u00a0une personne d\u2019une fragilit\u00e9 extr\u00eame\u00a0\u00bb, victime d\u2019un sentiment d\u2019ins\u00e9curit\u00e9 permanent depuis une grave agression \u00e0 l\u2019\u00e2ge de 25\u00a0ans <a href=\"https:\/\/www.laprovence.com\/article\/faits-divers-justice\/5366683031146114\/info-la-provence-un-pompier-de-paris-dans-le-coma-apres-une-altercation-sur-le-vieux-port-de-marseille\" target=\"_blank\" rel=\"noopener\">qui l\u2019aurait laiss\u00e9 dans le coma<\/a> plusieurs mois durant. Elle a semble-t-il \u00e9t\u00e9 entendue par le tribunal, qui a condamn\u00e9 Sa\u00efd R. en de\u00e7\u00e0 des r\u00e9quisitions.<\/p>\n","protected":false},"excerpt":{"rendered":"Sa\u00efd R. est l\u2019un de ces justiciables dont la justice ne sait plus que faire. Cet homme de&hellip;\n","protected":false},"author":2,"featured_media":273288,"comment_status":"","ping_status":"","sticky":false,"template":"","format":"standard","meta":{"footnotes":""},"categories":[2814],"tags":[17,1111,11,1102,1777,674,274,41266,1011,27,757,151,884,5184,12,882,25,11277,3840],"class_list":{"0":"post-273287","1":"post","2":"type-post","3":"status-publish","4":"format-standard","5":"has-post-thumbnail","7":"category-marseille","8":"tag-17","9":"tag-actu","10":"tag-actualites","11":"tag-breakingnews","12":"tag-eu","13":"tag-europe","14":"tag-faits-divers-justice","15":"tag-flics","16":"tag-fr","17":"tag-france","18":"tag-je","19":"tag-les","20":"tag-marseille","21":"tag-morts","22":"tag-news","23":"tag-provence-alpes-cote-dazur","24":"tag-republique-francaise","25":"tag-veux","26":"tag-voir"},"share_on_mastodon":{"url":"https:\/\/pubeurope.com\/@fr\/114915048385965458","error":""},"_links":{"self":[{"href":"https:\/\/www.europesays.com\/fr\/wp-json\/wp\/v2\/posts\/273287","targetHints":{"allow":["GET"]}}],"collection":[{"href":"https:\/\/www.europesays.com\/fr\/wp-json\/wp\/v2\/posts"}],"about":[{"href":"https:\/\/www.europesays.com\/fr\/wp-json\/wp\/v2\/types\/post"}],"author":[{"embeddable":true,"href":"https:\/\/www.europesays.com\/fr\/wp-json\/wp\/v2\/users\/2"}],"replies":[{"embeddable":true,"href":"https:\/\/www.europesays.com\/fr\/wp-json\/wp\/v2\/comments?post=273287"}],"version-history":[{"count":0,"href":"https:\/\/www.europesays.com\/fr\/wp-json\/wp\/v2\/posts\/273287\/revisions"}],"wp:featuredmedia":[{"embeddable":true,"href":"https:\/\/www.europesays.com\/fr\/wp-json\/wp\/v2\/media\/273288"}],"wp:attachment":[{"href":"https:\/\/www.europesays.com\/fr\/wp-json\/wp\/v2\/media?parent=273287"}],"wp:term":[{"taxonomy":"category","embeddable":true,"href":"https:\/\/www.europesays.com\/fr\/wp-json\/wp\/v2\/categories?post=273287"},{"taxonomy":"post_tag","embeddable":true,"href":"https:\/\/www.europesays.com\/fr\/wp-json\/wp\/v2\/tags?post=273287"}],"curies":[{"name":"wp","href":"https:\/\/api.w.org\/{rel}","templated":true}]}}