{"id":273291,"date":"2025-07-25T17:29:11","date_gmt":"2025-07-25T17:29:11","guid":{"rendered":"https:\/\/www.europesays.com\/fr\/273291\/"},"modified":"2025-07-25T17:29:11","modified_gmt":"2025-07-25T17:29:11","slug":"lyon-avec-levacuation-du-camp-yves-farge-les-riverains-du-secteur-restent-preoccupes","status":"publish","type":"post","link":"https:\/\/www.europesays.com\/fr\/273291\/","title":{"rendered":"Lyon. Avec l\u2019\u00e9vacuation du camp Yves-Farge, les riverains du secteur restent pr\u00e9occup\u00e9s"},"content":{"rendered":"<p>On imaginait qu\u2019ils l\u00e2cheraient tous un \u00ab\u00a0ouf\u00a0\u00bb de soulagement\u00a0! Mais aux abords de ce qu\u2019il convient d\u00e9sormais de nommer l\u2019ex-campement Yves-Farge, depuis qu\u2019il a \u00e9t\u00e9 \u00e9vacu\u00e9 par les forces de l\u2019ordre mardi 22\u00a0juillet, les riverains des rues Nadaud et Lortet restent pr\u00e9occup\u00e9s.<\/p>\n<p>\u00ab\u00a0De nombreux hommes gravitent autour du village Habitat et Humanisme de la rue Lortet\u00a0\u00bb, affirment certains d\u2019entre eux. \u00ab\u00a0Le soir, ils seraient parfois jusqu\u2019\u00e0 une cinquantaine \u00e0 se r\u00e9unir, \u00e0 pratiquer de la m\u00e9canique sauvage, \u00e0 faire la f\u00eate. On voit aussi un ballet incessant de v\u00e9hicules, cela devient vraiment invivable. \u00bb Peu ou prou les m\u00eames propos qu\u2019avaient tenu, avant l\u2019\u00e9vacuation du camp, les riverains de la rue Nadaud,&#8230;<\/p>\n","protected":false},"excerpt":{"rendered":"On imaginait qu\u2019ils l\u00e2cheraient tous un \u00ab\u00a0ouf\u00a0\u00bb de soulagement\u00a0! Mais aux abords de ce qu\u2019il convient d\u00e9sormais de&hellip;\n","protected":false},"author":2,"featured_media":273292,"comment_status":"","ping_status":"","sticky":false,"template":"","format":"standard","meta":{"footnotes":""},"categories":[1889],"tags":[1111,11,2430,2757,1777,674,274,1011,27,1061,2428,2756,12,25,104],"class_list":{"0":"post-273291","1":"post","2":"type-post","3":"status-publish","4":"format-standard","5":"has-post-thumbnail","7":"category-lyon","8":"tag-actu","9":"tag-actualites","10":"tag-auvergne-rhone-alpes","11":"tag-edition-lyon-villeurbanne","12":"tag-eu","13":"tag-europe","14":"tag-faits-divers-justice","15":"tag-fr","16":"tag-france","17":"tag-immigration","18":"tag-lyon","19":"tag-lyon-bassin","20":"tag-news","21":"tag-republique-francaise","22":"tag-societe"},"share_on_mastodon":{"url":"https:\/\/pubeurope.com\/@fr\/114915060071437827","error":""},"_links":{"self":[{"href":"https:\/\/www.europesays.com\/fr\/wp-json\/wp\/v2\/posts\/273291","targetHints":{"allow":["GET"]}}],"collection":[{"href":"https:\/\/www.europesays.com\/fr\/wp-json\/wp\/v2\/posts"}],"about":[{"href":"https:\/\/www.europesays.com\/fr\/wp-json\/wp\/v2\/types\/post"}],"author":[{"embeddable":true,"href":"https:\/\/www.europesays.com\/fr\/wp-json\/wp\/v2\/users\/2"}],"replies":[{"embeddable":true,"href":"https:\/\/www.europesays.com\/fr\/wp-json\/wp\/v2\/comments?post=273291"}],"version-history":[{"count":0,"href":"https:\/\/www.europesays.com\/fr\/wp-json\/wp\/v2\/posts\/273291\/revisions"}],"wp:featuredmedia":[{"embeddable":true,"href":"https:\/\/www.europesays.com\/fr\/wp-json\/wp\/v2\/media\/273292"}],"wp:attachment":[{"href":"https:\/\/www.europesays.com\/fr\/wp-json\/wp\/v2\/media?parent=273291"}],"wp:term":[{"taxonomy":"category","embeddable":true,"href":"https:\/\/www.europesays.com\/fr\/wp-json\/wp\/v2\/categories?post=273291"},{"taxonomy":"post_tag","embeddable":true,"href":"https:\/\/www.europesays.com\/fr\/wp-json\/wp\/v2\/tags?post=273291"}],"curies":[{"name":"wp","href":"https:\/\/api.w.org\/{rel}","templated":true}]}}