{"id":273295,"date":"2025-07-25T17:32:13","date_gmt":"2025-07-25T17:32:13","guid":{"rendered":"https:\/\/www.europesays.com\/fr\/273295\/"},"modified":"2025-07-25T17:32:13","modified_gmt":"2025-07-25T17:32:13","slug":"une-boucherie-se-souvient-le-premier-medecin-arrive-sur-place","status":"publish","type":"post","link":"https:\/\/www.europesays.com\/fr\/273295\/","title":{"rendered":"\u00ab\u00a0Une boucherie\u00a0\u00bb, se souvient le premier m\u00e9decin arriv\u00e9 sur place"},"content":{"rendered":"<p>            Par<br \/>\n        <strong><br \/>\n            <a href=\"https:\/\/actu.fr\/auteur\/antoine-blanchet\" title=\"Consulter tous les articles de Antoine Blanchet\" target=\"_blank\" rel=\"noopener\">Antoine Blanchet<\/a><br \/>\n        <\/strong><\/p>\n<p>        Publi\u00e9 le<\/p>\n<p>            25 juil. 2025 \u00e0 19h06        <\/p>\n<p>Les d\u00e9cennies passent, mais les souvenirs restent. Il y a 30\u00a0ans, le 25\u00a0juillet 1995, <strong>une bombe explosait dans une rame du <a href=\"https:\/\/actu.fr\/tag\/rer-b\" target=\"_blank\" rel=\"noopener\">RER B <\/a><\/strong>sur le quai de la station Saint-Michel \u00e0 <a href=\"https:\/\/actu.fr\/paris\/\" target=\"_blank\" rel=\"noopener\">Paris<\/a>. Dans cet attentat r\u00e9alis\u00e9 par le<strong> Groupe islamique arm\u00e9 (GIA)<\/strong>, huit personnes trouvaient la mort et 117 bless\u00e9s. Le docteur <strong>Jacques Hasco\u00ebt<\/strong>, m\u00e9decin urgentiste \u00e0 la <a href=\"https:\/\/actu.fr\/tag\/brigade-de-sapeurs-pompiers-de-paris\" target=\"_blank\" rel=\"noopener\">Brigade des sapeurs-pompiers de Paris (BSPP)<\/a> de 1975 \u00e0 2011, est l\u2019un des premiers \u00e0 \u00eatre intervenus sur les lieux de l\u2019attentat. Pour actu Paris, il nous livre son t\u00e9moignage.<\/p>\n<p>Appel\u00e9s pour un feu de m\u00e9tro<\/p>\n<p class=\" wall-content\">Pour le m\u00e9decin urgentiste, tout commence par une sonnerie au milieu d\u2019une tranquille journ\u00e9e estivale\u2009: \u00ab\u2009J\u2019\u00e9tais de garde \u00e0 la caserne Mass\u00e9na. Il faisait beau. Vers 17\u00a0heures, la sonnerie retentit et plusieurs engins partent. On nous indique que l\u2019on va sur un feu de m\u00e9tro \u00e0 Saint-Michel\u2009\u00bb.\u00a0\u00c0 ce moment, <strong>le plan INTERFER<\/strong> est d\u00e9clench\u00e9. \u00ab\u2009Il s\u2019agit d\u2019un dispositif mis en place lorsqu\u2019il y a des accidents sous terre. Les gens ont tendance \u00e0 s\u2019enfuir dans les tunnels, donc on envoie des pompiers \u00e0 contresens pour pouvoir les intercepter\u2009\u00bb, d\u00e9taille Jacques Hasco\u00ebt.<\/p>\n<p class=\" wall-content\">Arriv\u00e9 place Saint-Michel, le m\u00e9decin urgentiste se dirige vers l\u2019entr\u00e9e de la station sur les quais\u2009: \u00ab\u2009J\u2019aper\u00e7ois<strong> 7,8 personnes noircies de fum\u00e9es<\/strong>. Elles sont aussi polycribl\u00e9es (bless\u00e9es par des objets de petite taille, ndlr) ce qui m\u2019interpelle. Je demande \u00e0 un infirmier de s\u2019occuper d\u2019eux\u2009\u00bb. Il descend dans la station et tombe sur une premi\u00e8re sc\u00e8ne surr\u00e9aliste\u2009: \u00ab\u2009Il y avait un d\u00e9fil\u00e9 processionnaire. Vous avez des gens sonn\u00e9s qui marchent \u00e0 la file indienne, comme des fourmis. Certains sont bless\u00e9s. D\u2019autres non. Une polici\u00e8re \u00e9tait pr\u00e9sente. Je lui ai demand\u00e9 de les faire remonter pour qu\u2019on les prenne en charge\u2009\u00bb.<\/p>\n<p>\u00ab\u2009Une zone de guerre\u2009\u00bb<\/p>\n<p class=\" wall-content\">La descente vers le quai du RER est une entr\u00e9e dans l\u2019horreur. \u00ab\u2009Il y a un grand escalier m\u00e9canique qui descend profond. Je descends les sept premi\u00e8res marches et je m\u2019arr\u00eate. Il y a un silence de mort. J\u2019aper\u00e7ois une quinzaine de personnes. Je vois des jambes arrach\u00e9es et des bras. C\u2019est une boucherie. Une zone de guerre\u2009\u00bb.<\/p>\n<p class=\" wall-content\">Devant ce spectacle effroyable, le m\u00e9decin urgentiste ne peut que constater l\u2019\u00e9vidence\u2009: ce n\u2019est pas un <a href=\"https:\/\/actu.fr\/tag\/incendie\" target=\"_blank\" rel=\"noopener\">incendie<\/a>. \u00ab\u2009Au d\u00e9but, je suis encore sur mon feu et je me dis\u2009\u00bb comment ils ont fait pour se retrouver dans cet \u00e9tat \u00ab. Puis je vois le <strong>wagon du RER compl\u00e8tement \u00e9ventr\u00e9.<\/strong> Je comprends alors que c\u2019est une bombe. J\u2019appelle le colonel de garde et je lui dis<strong> de d\u00e9clencher le plan rouge<\/strong>\u2009\u00bb. Ce dispositif consiste \u00e0 mettre en place des espaces pr\u00e9hospitaliers lors de drames ayant caus\u00e9 un grand nombre de victimes.<\/p>\n<p class=\" wall-content\">Premier m\u00e9decin arriv\u00e9 sur le lieu de l\u2019explosion, Jacques Hasco\u00ebt doit prendre en charge les bless\u00e9s graves\u2009: \u00ab\u2009Je me retrouve tout seul, sans mat\u00e9riel, avec ces victimes qui ne g\u00e9missaient pas. C\u2019\u00e9tait impressionnant ce silence. J\u2019ai fait un triage pour voir qui on prenait en charge par ordre de gravit\u00e9\u2009\u00bb.<\/p>\n<p>Une gestion ma\u00eetris\u00e9e des hospitalisations<\/p>\n<p class=\" wall-content\">Tr\u00e8s vite, les secours s\u2019organisent. Un premier<strong> poste m\u00e9dical avanc\u00e9<\/strong> est install\u00e9 au caf\u00e9 Le D\u00e9part sur la place Saint-Michel. \u00ab\u2009On a rapatri\u00e9 tous les bless\u00e9s l\u00e0-bas. Mais ce qui est extraordinaire, c\u2019est qu\u2019il y a des tonnes d\u2019autres bless\u00e9s qui avaient pris la fuite et qui reviennent. Pour la premi\u00e8re fois dans un plan rouge, un deuxi\u00e8me poste m\u00e9dical est cr\u00e9\u00e9\u2009\u00bb.<\/p>\n<p class=\" wall-content\">Le but de ces lieux\u2009: une prise en charge m\u00e9dicale, mais aussi un moyen <strong>de g\u00e9rer les \u00e9vacuations vers les h\u00f4pitaux<\/strong>. \u00ab\u2009Il faut un secr\u00e9tariat d\u2019entr\u00e9e pour noter les identit\u00e9s et les blessures, puis un de sortie. On met une fiche autour du cou de la victime avec l\u2019h\u00f4pital o\u00f9 il va\u2009\u00bb, pr\u00e9cise Jacques Hasco\u00ebt. Cette gestion permet de varier les lieux d\u2019hospitalisation pour \u00e9viter toute surcharge. \u00ab\u2009On ne va pas privil\u00e9gier l\u2019H\u00f4tel Dieu qui est \u00e0 c\u00f4t\u00e9, car de nombreux bless\u00e9s risquent de s\u2019y diriger par eux-m\u00eames\u2009\u00bb, poursuit le m\u00e9decin urgentiste.<\/p>\n<p class=\" wall-content\">Au sein des postes m\u00e9dicaux avanc\u00e9s, d\u2019autres personnes commencent \u00e0 affluer\u2009: les <strong>victimes psychologiques<\/strong>. \u00ab\u2009Dans ce genre de fait, elles vont tenter de venir au PMA, surtout s\u2019il y avait des proches avec elles pendant l\u2019accident. Comme \u00e7a peut g\u00eaner dans nos prises en charge, on les a regroup\u00e9es sur la terrasse du caf\u00e9 et on a demand\u00e9 aux psychologues de les prendre en charge. \u00c7a a \u00e9t\u00e9 la premi\u00e8re cellule d\u2019urgence m\u00e9dicopsychologique\u2009\u00bb, relate Jacques Hasco\u00ebt.<\/p>\n<p>Les auteurs de l\u2019attentat condamn\u00e9s<\/p>\n<p class=\" wall-content\">Au total, huit personnes sont d\u00e9c\u00e9d\u00e9es dans l\u2019explosion de la bombe et <strong>117 autres bless\u00e9es<\/strong>. L\u2019engin, une bombe de camping \u00e9quip\u00e9e d\u2019un r\u00e9veil et remplie de vis et de boulons, a \u00e9t\u00e9 plac\u00e9 par des membres du GIA, faction islamiste radicale impliqu\u00e9e dans la guerre civile <a href=\"https:\/\/actu.fr\/tag\/algerie\" target=\"_blank\" rel=\"noopener\">qui s\u00e9vit alors en Alg\u00e9rie<\/a>. Au bout de plusieurs semaines, les poseurs de la bombe sont identifi\u00e9s. L\u2019un d\u2019eux, <strong>Khaled Kelkal<\/strong>, est abattu par les gendarmes \u00e0 <a href=\"https:\/\/actu.fr\/lyon\/\" target=\"_blank\" rel=\"noopener\">Lyon<\/a>. Le second, <strong><a href=\"https:\/\/actu.fr\/ile-de-france\/paris_75056\/paris-il-avait-pose-la-bombe-qui-a-explose-dans-le-rer-b-le-terroriste-boualem-bensaid-va-etre-libere_62905488.html\" target=\"_blank\" rel=\"noopener\">Boualem Bensa\u00efd<\/a><\/strong>, est interpell\u00e9 ainsi que deux hommes ayant aid\u00e9 au financement et \u00e0 la logistique de l\u2019attentat. Ils sont tous trois \u00e0 avoir et\u00e9 condamn\u00e9s \u00e0 la perp\u00e9tuit\u00e9 lors du proc\u00e8s qui s\u2019est tenu en 2002.<\/p>\n<p class=\" wall-content\">Suivez toute l\u2019actualit\u00e9 de vos villes et m\u00e9dias favoris en vous inscrivant \u00e0 <a href=\"https:\/\/moncompte.actu.fr\" title=\"D\u00e9couvez Mon Actu\" rel=\"nofollow noopener\" data-trk=\"{&quot;cta&quot;:{&quot;action&quot;:&quot;https:\\\/\\\/moncompte.actu.fr&quot;,&quot;category&quot;:&quot;mon compte&quot;,&quot;from&quot;:&quot;article footer&quot;,&quot;name&quot;:&quot;Mon actu&quot;,&quot;type&quot;:&quot;cta&quot;}}\" target=\"_blank\">Mon Actu<\/a>.<\/p>\n","protected":false},"excerpt":{"rendered":"Par Antoine Blanchet Publi\u00e9 le 25 juil. 2025 \u00e0 19h06 Les d\u00e9cennies passent, mais les souvenirs restent. Il&hellip;\n","protected":false},"author":2,"featured_media":244542,"comment_status":"","ping_status":"","sticky":false,"template":"","format":"standard","meta":{"footnotes":""},"categories":[1888],"tags":[1111,1928,11,1927,5581,1777,674,118,1011,27,12,1926,626,1925,625,25,17235],"class_list":{"0":"post-273295","1":"post","2":"type-post","3":"status-publish","4":"format-standard","5":"has-post-thumbnail","7":"category-paris","8":"tag-actu","9":"tag-actu-paris","10":"tag-actualites","11":"tag-actualites-paris","12":"tag-attentat","13":"tag-eu","14":"tag-europe","15":"tag-faits-divers","16":"tag-fr","17":"tag-france","18":"tag-news","19":"tag-news-paris","20":"tag-paris","21":"tag-paris-news","22":"tag-ratp","23":"tag-republique-francaise","24":"tag-rer-b"},"share_on_mastodon":{"url":"https:\/\/pubeurope.com\/@fr\/114915071932443532","error":""},"_links":{"self":[{"href":"https:\/\/www.europesays.com\/fr\/wp-json\/wp\/v2\/posts\/273295","targetHints":{"allow":["GET"]}}],"collection":[{"href":"https:\/\/www.europesays.com\/fr\/wp-json\/wp\/v2\/posts"}],"about":[{"href":"https:\/\/www.europesays.com\/fr\/wp-json\/wp\/v2\/types\/post"}],"author":[{"embeddable":true,"href":"https:\/\/www.europesays.com\/fr\/wp-json\/wp\/v2\/users\/2"}],"replies":[{"embeddable":true,"href":"https:\/\/www.europesays.com\/fr\/wp-json\/wp\/v2\/comments?post=273295"}],"version-history":[{"count":0,"href":"https:\/\/www.europesays.com\/fr\/wp-json\/wp\/v2\/posts\/273295\/revisions"}],"wp:featuredmedia":[{"embeddable":true,"href":"https:\/\/www.europesays.com\/fr\/wp-json\/wp\/v2\/media\/244542"}],"wp:attachment":[{"href":"https:\/\/www.europesays.com\/fr\/wp-json\/wp\/v2\/media?parent=273295"}],"wp:term":[{"taxonomy":"category","embeddable":true,"href":"https:\/\/www.europesays.com\/fr\/wp-json\/wp\/v2\/categories?post=273295"},{"taxonomy":"post_tag","embeddable":true,"href":"https:\/\/www.europesays.com\/fr\/wp-json\/wp\/v2\/tags?post=273295"}],"curies":[{"name":"wp","href":"https:\/\/api.w.org\/{rel}","templated":true}]}}