{"id":273296,"date":"2025-07-25T17:33:14","date_gmt":"2025-07-25T17:33:14","guid":{"rendered":"https:\/\/www.europesays.com\/fr\/273296\/"},"modified":"2025-07-25T17:33:14","modified_gmt":"2025-07-25T17:33:14","slug":"paris-fin-de-semaine-sur-une-note-legerement-positive-25-07-2025-a-1800","status":"publish","type":"post","link":"https:\/\/www.europesays.com\/fr\/273296\/","title":{"rendered":"Paris: fin de semaine sur une note l\u00e9g\u00e8rement positive &#8211; 25\/07\/2025 \u00e0 18:00"},"content":{"rendered":"<p>                                                                (Zonebourse.com) &#8211; La Bourse de Paris (+0,2% \u00e0 7834 points) a tent\u00e9 de se ressaisir ce vendredi \u00e0 la faveur de nouveaux records \u00e0 Wall Street : le semaine s&rsquo;ach\u00e8ve cependant sur un l\u00e9ger repli global de -0,2%.<\/p>\n<p>A noter qu&rsquo;\u00e0 7.770 peu apr\u00e8s l&rsquo;ouverture, le CAC40 affichait exactement le m\u00eame score que le 2 mai en cl\u00f4ture&#8230; le Nasdaq a pris +3.000Pts, soit plus de 15% dans l&rsquo;intervalle.\n<\/p>\n<p>Les investisseurs semblaient avoir \u00e0 coeur de cl\u00f4turer dans le calme cette semaine qui s&rsquo;est av\u00e9r\u00e9e particuli\u00e8rement riche en r\u00e9sultats d&rsquo;entreprises, en indicateurs \u00e9conomiques et en annonces de politique mon\u00e9taire.\n<\/p>\n<p>Alors que l&rsquo;Europe semble en panne boursi\u00e8rement depuis 12 semaines, les march\u00e9s d&rsquo;actions am\u00e9ricains ont r\u00e9ussi, eux, \u00e0 aligner 10 semaines de hausse sur 12 (en combinant S&amp;P et Nasdaq) et 4 nouveaux plus hauts historiques en 5 s\u00e9ances puisque le S&amp;P500 se hisse vers 6.381 et le Nasdaq-100 inscrit un nouveau z\u00e9nith \u00e0 22.270. Et ce malgr\u00e9 les -6% de Comcast, le -10% d&rsquo;Intel et les -18% de Charter Comm.\n<\/p>\n<p>Parmi les &lsquo;points positifs&rsquo; du jour, les investisseurs ont salu\u00e9 l&rsquo;apaisement des relations entre Donald Trump et Jerome Powell.\n<\/p>\n<p>\u00c0 l&rsquo;occasion d&rsquo;une visite sur le site de la Fed jeudi soir, afin d&rsquo;\u00e9valuer les travaux de r\u00e9novation et d&rsquo;extension, le pr\u00e9sident am\u00e9ricain en a profit\u00e9 pour enterrer la hache de guerre avec le patron de la R\u00e9serve f\u00e9d\u00e9rale lors d&rsquo;une allocution improvis\u00e9e avec les journalistes.\n<\/p>\n<p>Trump affirmait qu&rsquo;il n&rsquo;y a pas de &lsquo;tension&rsquo; avec le banquier central, mais s&rsquo;est d\u00e9clar\u00e9 convaincu que les \u00c9tats-Unis devraient avoir les &lsquo;taux d&rsquo;int\u00e9r\u00eat les plus bas du monde&rsquo;.\n<\/p>\n<p>Il a ajout\u00e9 que le limoger, comme le sugg\u00e9raient certains de ses propos les plus r\u00e9cents, constituerait &lsquo;une grosse affaire et qu&rsquo;il ne pensait pas que ce soit n\u00e9cessaire&rsquo;.\n<\/p>\n<p>Au chapitre des statistiques, les intervenants ont pris connaissance d&rsquo;un indice Ifo du climat des affaires en Allemagne en l\u00e9g\u00e8re hausse \u00e0 88,6 en juillet, contre 88,4 en juin.\n<\/p>\n<p>La confiance des m\u00e9nages fran\u00e7ais s&rsquo;est redress\u00e9e l\u00e9g\u00e8rement, au vu de l&rsquo;indicateur synth\u00e9tique de l&rsquo;Insee qui a augment\u00e9 d&rsquo;un point \u00e0 89 en juillet, mais est rest\u00e9 ainsi sous sa moyenne de longue p\u00e9riode (100 entre janvier 1987 et d\u00e9cembre 2024).\n<\/p>\n<p>Dans l&rsquo;actualit\u00e9 des valeurs, LVMH a grimp\u00e9 de pr\u00e8s de 4% au lendemain de r\u00e9sultats semestriels pourtant en recul, le num\u00e9ro un mondial du luxe ayant fait part d&rsquo;une bonne r\u00e9sistance de la demande locale, notamment en Europe et aux \u00c9tats-Unis.\n<\/p>\n<p>Carrefour s&rsquo;est adjug\u00e9 6% \u00e0 la suite de sa publication semestrielle, accompagn\u00e9e de l&rsquo;annonce par le g\u00e9ant de la distribution de n\u00e9gociations exclusives avec NewPrinces Group en vue de lui c\u00e9der l&rsquo;int\u00e9gralit\u00e9 de ses activit\u00e9s en Italie.\n<\/p>\n<p>Autres composantes du CAC40 ayant d\u00e9voil\u00e9 leurs comptes depuis jeudi soir, ceux du groupe de services aux entreprises Bureau Veritas (-1%) et du pneumaticien Michelin (-2%) ont re\u00e7u des accueils moins enthousiastes.\n<\/p>\n<p>Les op\u00e9rateurs ont aussi pu r\u00e9agir \u00e0 de nombreuses autres publications d&rsquo;entreprises hors CAC40, saluant celles de Nexity (+15%) et R\u00e9my Cointreau (+6%), mais boudant celles de Valeo (-6%), Alten (-5%) et Sopra Steria (-4%).<\/p>\n","protected":false},"excerpt":{"rendered":"(Zonebourse.com) &#8211; La Bourse de Paris (+0,2% \u00e0 7834 points) a tent\u00e9 de se ressaisir ce vendredi \u00e0&hellip;\n","protected":false},"author":2,"featured_media":8061,"comment_status":"","ping_status":"","sticky":false,"template":"","format":"standard","meta":{"footnotes":""},"categories":[1888],"tags":[400,1111,1928,11,1927,398,408,405,1777,674,1011,27,403,402,399,404,12,1926,626,1925,25,401,406,407],"class_list":{"0":"post-273296","1":"post","2":"type-post","3":"status-publish","4":"format-standard","5":"has-post-thumbnail","7":"category-paris","8":"tag-action-cac-40","9":"tag-actu","10":"tag-actu-paris","11":"tag-actualites","12":"tag-actualites-paris","13":"tag-bourse-de-paris","14":"tag-boursorama","15":"tag-cotations","16":"tag-eu","17":"tag-europe","18":"tag-fr","19":"tag-france","20":"tag-indices-devises","21":"tag-investir","22":"tag-investissement","23":"tag-marche-boursier","24":"tag-news","25":"tag-news-paris","26":"tag-paris","27":"tag-paris-news","28":"tag-republique-francaise","29":"tag-sicav","30":"tag-trackers","31":"tag-warrants"},"share_on_mastodon":{"url":"https:\/\/pubeurope.com\/@fr\/114915075941852584","error":""},"_links":{"self":[{"href":"https:\/\/www.europesays.com\/fr\/wp-json\/wp\/v2\/posts\/273296","targetHints":{"allow":["GET"]}}],"collection":[{"href":"https:\/\/www.europesays.com\/fr\/wp-json\/wp\/v2\/posts"}],"about":[{"href":"https:\/\/www.europesays.com\/fr\/wp-json\/wp\/v2\/types\/post"}],"author":[{"embeddable":true,"href":"https:\/\/www.europesays.com\/fr\/wp-json\/wp\/v2\/users\/2"}],"replies":[{"embeddable":true,"href":"https:\/\/www.europesays.com\/fr\/wp-json\/wp\/v2\/comments?post=273296"}],"version-history":[{"count":0,"href":"https:\/\/www.europesays.com\/fr\/wp-json\/wp\/v2\/posts\/273296\/revisions"}],"wp:featuredmedia":[{"embeddable":true,"href":"https:\/\/www.europesays.com\/fr\/wp-json\/wp\/v2\/media\/8061"}],"wp:attachment":[{"href":"https:\/\/www.europesays.com\/fr\/wp-json\/wp\/v2\/media?parent=273296"}],"wp:term":[{"taxonomy":"category","embeddable":true,"href":"https:\/\/www.europesays.com\/fr\/wp-json\/wp\/v2\/categories?post=273296"},{"taxonomy":"post_tag","embeddable":true,"href":"https:\/\/www.europesays.com\/fr\/wp-json\/wp\/v2\/tags?post=273296"}],"curies":[{"name":"wp","href":"https:\/\/api.w.org\/{rel}","templated":true}]}}