{"id":273303,"date":"2025-07-25T17:37:12","date_gmt":"2025-07-25T17:37:12","guid":{"rendered":"https:\/\/www.europesays.com\/fr\/273303\/"},"modified":"2025-07-25T17:37:12","modified_gmt":"2025-07-25T17:37:12","slug":"lannion-les-soutiens-a-lukraine-craignent-un-ete-meurtrier-et-se-mobilisent","status":"publish","type":"post","link":"https:\/\/www.europesays.com\/fr\/273303\/","title":{"rendered":"Lannion. Les soutiens \u00e0 l\u2019Ukraine craignent un \u00ab \u00e9t\u00e9 meurtrier \u00bb et se mobilisent"},"content":{"rendered":"<p>            Par<br \/>\n        <strong><br \/>\n            <a href=\"https:\/\/actu.fr\/auteur\/jeremy-nedelec\" title=\"Consulter tous les articles de J\u00e9r\u00e9my N\u00e9d\u00e9lec\" rel=\"nofollow noopener\" target=\"_blank\">J\u00e9r\u00e9my N\u00e9d\u00e9lec<\/a><br \/>\n        <\/strong><\/p>\n<p>        Publi\u00e9 le<\/p>\n<p>            25 juil. 2025 \u00e0 19h06        <\/p>\n<p>\u00c0 <b>Lannion<\/b>, les actions de soutien \u00e0 l\u2019Ukraine ne prennent pas de vacances. Une cinquantaine de personnes \u00e9taient pr\u00e9sentes jeudi 24 juillet 2025 au rassemblement mensuel devant la mairie, organis\u00e9 par l\u2019association Tr\u00e9gor Solidarit\u00e9 Ukraine.<\/p>\n<p>50\u00a0jours d\u2019ultimatum qui inqui\u00e8tent<\/p>\n<p class=\" wall-content\">La p\u00e9riode estivale inqui\u00e8te. <a href=\"https:\/\/actu.fr\/monde\/donald-trump-met-un-ultimatum-a-la-russie-sans-accord-d-ici-50-jours-il-fixera-des-droits-de-douane-a-100_62910645.html\" rel=\"nofollow noopener\" target=\"_blank\">L\u2019ultimatum de 50\u00a0jours lanc\u00e9 mi-juillet<\/a> par <b>Donald Trump<\/b> \u00e0 <b>Vladimir Poutine<\/b> <b>pour trouver un accord <\/b>et mettre fin \u00e0 la guerre, fait dire aux alli\u00e9s de l\u2019Ukraine que le d\u00e9lai accord\u00e9 \u00ab\u2009ouvre tout l\u2019\u00e9t\u00e9 la voie \u00e0 une offensive meurtri\u00e8re des forces russes.<b> <\/b>Pendant que l\u2019Europe s\u2019assoupit dans les vacances, comment aider l\u2019Ukraine \u00e0 r\u00e9sister\u2009?\u2009\u00bb, expose une tribune lue ce jeudi et publi\u00e9e dans <a href=\"https:\/\/www.liberation.fr\/idees-et-debats\/tribunes\/face-au-cynisme-americain-leurope-peut-encore-sortir-de-son-attentisme-pour-eviter-un-ete-meurtrier-a-lukraine-20250721_ZWM5GG65XZA5XFJVURG6TJ3NAM\/\" rel=\"nofollow noopener\" target=\"_blank\">Lib\u00e9ration.<\/a><\/p>\n<p>    <img   decoding=\"async\" loading=\"lazy\" class=\"size-large\" src=\"https:\/\/www.europesays.com\/fr\/wp-content\/uploads\/2025\/07\/dc97782e23886b0a7782e238884a77v-960x640.jpg\" alt=\"Rassemblement Ukraine Lannion juillet 2025\" width=\"960\" height=\"640\"\/><br \/>\n    Jacques Connan. \u00a9J\u00e9r\u00e9my N\u00e9d\u00e9lec \/ Le Tr\u00e9gor<\/p>\n<p class=\" wall-content\">Le texte appelle l\u2019Europe \u00ab\u2009\u00e0 agir\u2009\u00bb, pour \u00e9viter de devenir, en cas de victoire russe, \u00ab\u2009les herbivores dans un monde de carnivores\u2009\u00bb, ainsi que l\u2019a soulign\u00e9 l\u2019ex chef d\u2019\u00e9tat-major des arm\u00e9es, Thierry Burkhard.<\/p>\n<p class=\" wall-content\">Le rassemblement de ce jeudi a fourni \u00e0 l\u2019assembl\u00e9e, comme d\u2019habitude, quelques nouvelles du front, et des <b>interm\u00e8des musicaux<\/b> avec Jacques Connan et Nolwenn Morvan\u2009; annon\u00e7ant aussi une journ\u00e9e d\u2019animations, dimanche 24\u00a0ao\u00fbt.<\/p>\n<p>Vid\u00e9os : en ce moment sur Actu<br \/>\n    <img   decoding=\"async\" loading=\"lazy\" class=\"size-large\" src=\"https:\/\/www.europesays.com\/fr\/wp-content\/uploads\/2025\/07\/e532882e23886b932882e23887d328v-960x640.jpg\" alt=\"Rassemblement Ukraine Lannion juillet 2025\" width=\"960\" height=\"640\"\/><br \/>\n    Nolwenn Morvan. \u00a9J\u00e9r\u00e9my N\u00e9d\u00e9lec \/ Le Tr\u00e9gorHommage, repas et animations<\/p>\n<p class=\" wall-content\">Jour de f\u00eate nationale en Ukraine, un hommage sera rendu devant la mairie de Lannion \u00e0 11\u2009h. Puis, \u00e0 12\u2009h\u200930, un <b>repas ukrainien<\/b> se tiendra \u00e0 Buhulien dans la salle Yves-Le Faucheur, avant une apr\u00e8s-midi festive et culturelle, d\u00e8s 14\u2009h\u200930\u2009: musique, chants ukrainiens et bretons, jeux de boules, palets, expositions et t\u00e9moignages au programme, avec possibilit\u00e9 de faire des dons, en num\u00e9raire ou en nature (privil\u00e9gier les m\u00e9dicaments et des jeux pour enfants).<\/p>\n<p>R\u00e9servation du repas (jusqu\u2019au 20\u00a0ao\u00fbt) <a href=\"https:\/\/www.helloasso.com\/associations\/tregor-solidarite-ukraine\/evenements\/repas-journee-du-24-aout\" rel=\"nofollow noopener\" target=\"_blank\">sur la plateforme HelloAsso de Tr\u00e9gor Solidarit\u00e9 Ukraine<\/a>, ou par mail\u2009: <a href=\"https:\/\/actu.fr\/cdn-cgi\/l\/email-protection\" class=\"__cf_email__\" data-cfemail=\"9febedfaf8f0edecf0f3f6fbfeedf6ebfab1eaf4edfef6f1fadff8f2fef6f3b1fcf0f2\" rel=\"nofollow noopener\" target=\"_blank\">[email\u00a0protected]<\/a>. Tarif\u2009: 15\u00a0\u20ac. Entr\u00e9e libre pour l\u2019apr\u00e8s-midi.<\/p>\n<p class=\" wall-content\">Suivez toute l\u2019actualit\u00e9 de vos villes et m\u00e9dias favoris en vous inscrivant \u00e0 <a href=\"https:\/\/moncompte.actu.fr\" title=\"D\u00e9couvez Mon Actu\" rel=\"nofollow noopener\" data-trk=\"{&quot;cta&quot;:{&quot;action&quot;:&quot;https:\\\/\\\/moncompte.actu.fr&quot;,&quot;category&quot;:&quot;mon compte&quot;,&quot;from&quot;:&quot;article footer&quot;,&quot;name&quot;:&quot;Mon actu&quot;,&quot;type&quot;:&quot;cta&quot;}}\" target=\"_blank\">Mon Actu<\/a>.<\/p>\n","protected":false},"excerpt":{"rendered":"Par J\u00e9r\u00e9my N\u00e9d\u00e9lec Publi\u00e9 le 25 juil. 2025 \u00e0 19h06 \u00c0 Lannion, les actions de soutien \u00e0 l\u2019Ukraine&hellip;\n","protected":false},"author":2,"featured_media":273304,"comment_status":"","ping_status":"","sticky":false,"template":"","format":"standard","meta":{"footnotes":""},"categories":[1590],"tags":[11,1777,674,131,12,104,220],"class_list":{"0":"post-273303","1":"post","2":"type-post","3":"status-publish","4":"format-standard","5":"has-post-thumbnail","7":"category-ukraine","8":"tag-actualites","9":"tag-eu","10":"tag-europe","11":"tag-guerre-en-ukraine","12":"tag-news","13":"tag-societe","14":"tag-ukraine"},"share_on_mastodon":{"url":"https:\/\/pubeurope.com\/@fr\/114915091981667662","error":""},"_links":{"self":[{"href":"https:\/\/www.europesays.com\/fr\/wp-json\/wp\/v2\/posts\/273303","targetHints":{"allow":["GET"]}}],"collection":[{"href":"https:\/\/www.europesays.com\/fr\/wp-json\/wp\/v2\/posts"}],"about":[{"href":"https:\/\/www.europesays.com\/fr\/wp-json\/wp\/v2\/types\/post"}],"author":[{"embeddable":true,"href":"https:\/\/www.europesays.com\/fr\/wp-json\/wp\/v2\/users\/2"}],"replies":[{"embeddable":true,"href":"https:\/\/www.europesays.com\/fr\/wp-json\/wp\/v2\/comments?post=273303"}],"version-history":[{"count":0,"href":"https:\/\/www.europesays.com\/fr\/wp-json\/wp\/v2\/posts\/273303\/revisions"}],"wp:featuredmedia":[{"embeddable":true,"href":"https:\/\/www.europesays.com\/fr\/wp-json\/wp\/v2\/media\/273304"}],"wp:attachment":[{"href":"https:\/\/www.europesays.com\/fr\/wp-json\/wp\/v2\/media?parent=273303"}],"wp:term":[{"taxonomy":"category","embeddable":true,"href":"https:\/\/www.europesays.com\/fr\/wp-json\/wp\/v2\/categories?post=273303"},{"taxonomy":"post_tag","embeddable":true,"href":"https:\/\/www.europesays.com\/fr\/wp-json\/wp\/v2\/tags?post=273303"}],"curies":[{"name":"wp","href":"https:\/\/api.w.org\/{rel}","templated":true}]}}