{"id":273310,"date":"2025-07-25T17:40:19","date_gmt":"2025-07-25T17:40:19","guid":{"rendered":"https:\/\/www.europesays.com\/fr\/273310\/"},"modified":"2025-07-25T17:40:19","modified_gmt":"2025-07-25T17:40:19","slug":"le-debat-sur-la-radicalisation-islamiste-ravive-par-les-manifestations-pro-regime-syrien","status":"publish","type":"post","link":"https:\/\/www.europesays.com\/fr\/273310\/","title":{"rendered":"le d\u00e9bat sur la radicalisation islamiste raviv\u00e9 par les manifestations pro-r\u00e9gime syrien"},"content":{"rendered":"<p>Les manifestations de partisans du r\u00e9gime syrien glorifiant <a href=\"https:\/\/fr.news.yahoo.com\/syrie-affrontements-mortels-entre-b%C3%A9douins-164057894.html\" data-ylk=\"slk:les attaques meurtri\u00e8res contre les Druzes en Syrie;elm:context_link;itc:0;sec:content-canvas;outcm:mb_qualified_link;_E:mb_qualified_link;ct:story;\" class=\"link  yahoo-link\" target=\"_blank\" rel=\"noopener\"><strong>les attaques meurtri\u00e8res contre les Druzes en Syrie<\/strong><\/a> qui se sont tenues \u00e0 Berlin et D\u00fcsseldorf le weed-end dernier ont relanc\u00e9 les discussions sur la radicalisation islamiste en Allemagne.<\/p>\n<p>Environ 400 personnes ont pris part au rassemblement en Berlin, tandis que quelque 500 autres se sont r\u00e9unis \u00e0 celui organis\u00e9 D\u00fcsseldorf. Ce dernier s&rsquo;est achev\u00e9 dans la violence, avec affrontements au cours desquels plusieurs policiers ont \u00e9t\u00e9 bless\u00e9s .<\/p>\n<p>Si la classe politique a fermement condamn\u00e9 ces manifestations, celles-ci ont cr\u00e9\u00e9 des remous au sein-m\u00eame de la communaut\u00e9 musulmane allemande, suite aux <a href=\"https:\/\/fr.news.yahoo.com\/imam-apr%C3%A8s-manifestations-islamistes-%C3%A9t%C3%A9-133345147.html\" data-ylk=\"slk:d\u00e9clarations tenues par l&#039;imame germano-turque Seyran Ate\u015f;elm:context_link;itc:0;sec:content-canvas;outcm:mb_qualified_link;_E:mb_qualified_link;ct:story;\" class=\"link  yahoo-link\" target=\"_blank\" rel=\"noopener\"><strong>d\u00e9clarations tenues par l&rsquo;imame germano-turque Seyran Ate\u015f<\/strong><\/a>.<\/p>\n<p>La responsable religieuse avait alors vivement condamn\u00e9 les rassemblements, mettant en garde contre l&rsquo;expansion de courants islamistes radicaux en Europe : \u00ab\u00a0Ils [les manifestants]ont \u00e9t\u00e9 envoy\u00e9s en Europe pour y semer le trouble, recruter des gens pour leur id\u00e9ologie et travailler \u00e0 la grande id\u00e9e d&rsquo;islamiser l&rsquo;Europe\u00a0\u00bb.<\/p>\n<p><img decoding=\"async\" class=\"caas-img caas-lazy has-preview\" alt=\"Samedi, une manifestation a eu lieu \u00e0 Berlin, au cours de laquelle des slogans islamistes ont \u00e9t\u00e9 scand\u00e9s. \" src=\"https:\/\/www.europesays.com\/fr\/wp-content\/uploads\/2025\/07\/775e36f5a2634665cbd4c370474a1541.jpeg\"\/> Samedi, une manifestation a eu lieu \u00e0 Berlin, au cours de laquelle des slogans islamistes ont \u00e9t\u00e9 scand\u00e9s.   &#8211; <a href=\"https:\/\/www.youtube.com\/watch?v=jUHwzCI-ha4\" rel=\"nofollow noopener\" target=\"_blank\" data-ylk=\"slk:Verein Democ;elm:context_link;itc:0;sec:content-canvas\" class=\"link \">Verein Democ<\/a> <\/p>\n<p>Seyran Ate\u015f avait \u00e9galement soulign\u00e9 le manque de soutien politique dont souffriraient, selon elle, les autorit\u00e9s de s\u00e9curit\u00e9. \u00ab\u00a0Face aux islamistes, on fait souvent preuve de plus de tol\u00e9rance, de peur d\u2019\u00eatre accus\u00e9 d\u2019islamophobie\u00a0\u00bb, avait-t-elle ajout\u00e9.<\/p>\n<p><strong>R\u00e9actions critiques au sein de la communaut\u00e9 musulmane allemande<\/strong><\/p>\n<p>Benjamin Idriz, imam de la communaut\u00e9 islamique de Penzberg, en Bavi\u00e8re s&rsquo;est fermement oppos\u00e9 \u00e0 la vision Seyran Ate\u015f, la jugeant excessive et et de nature \u00e0 nourrir les peurs et les pr\u00e9jug\u00e9s.<\/p>\n<p>\u00ab\u00a0Je conteste l&rsquo;insinuation selon laquelle &lsquo;l&rsquo;islam&rsquo; ou &lsquo;les musulmans&rsquo; veulent menacer l&rsquo;Europe\u00a0\u00bb. Celui qui utilise le terme d&rsquo;islamisation \u00ab\u00a0attise l&rsquo;islamophobie\u00a0\u00bb, a t-il soulign\u00e9.<\/p>\n<p><img decoding=\"async\" class=\"caas-img caas-lazy has-preview\" alt=\"L'imam Benjamin Idriz\" src=\"https:\/\/www.europesays.com\/fr\/wp-content\/uploads\/2025\/07\/d7b4e805004da4bc75ffd34633108568.jpeg\"\/><\/p>\n<p> L&rsquo;imam Benjamin Idriz   &#8211; ARD\/BR <\/p>\n<p>\u00ab\u00a0Les d\u00e9clarations de Madame Seyran Ate\u015f, selon lesquelles de jeunes Syriens seraient \u00ab\u00a0soi-disant\u00a0\u00bb envoy\u00e9s ici pour islamiser l&rsquo;Europe me semblent dangereuses en g\u00e9n\u00e9ralisant et tout simplement irresponsables\u00a0\u00bb.<\/p>\n<p>Benjamin Idriz a admis que certains individus &#8211; qu\u2019ils soient issus ou non de l\u2019immigration &#8211; instrumentalisent des r\u00e9f\u00e9rences religieuses pour inciter \u00e0 la haine. Cependant, l&rsquo;imam a mis en garde contre les amalgames :<\/p>\n<p>\u00ab\u00a0Identifier de telles personnes \u00e0 une religion ou \u00e0 une croyance dans son ensemble est aussi faux que dangereux\u00a0\u00bb, a-t-il soulign\u00e9.<\/p>\n<p><b class=\"c-widget-related__title__text\">Related<\/b><\/p>\n<p>L&rsquo;imam berlinois Scharjil Khalid s&rsquo;est \u00e9galement indign\u00e9 des avertissements de Seyran Ate\u015f. \u00ab\u00a0La fonction de ces experts autoproclam\u00e9s de l&rsquo;islam semble surtout consister \u00e0 \u00e9mettre des jugements simplistes \u00e0 l&#8217;emporte-pi\u00e8ce\u00a0\u00bb, a-t-il observ\u00e9.<\/p>\n<p>Le responsable religieux a d\u00e9nonc\u00e9 \u00ab\u00a0l\u2019utilisation d\u00e9contextualis\u00e9e du terme islamisation\u00a0\u00bb, un terme qui serait \u00ab\u00a0de plus en plus utilis\u00e9 de mani\u00e8re populiste\u00a0\u00bb.<\/p>\n<p><img decoding=\"async\" class=\"caas-img caas-lazy has-preview\" alt=\"L'imam Sharjil Khalid\" src=\"https:\/\/www.europesays.com\/fr\/wp-content\/uploads\/2025\/07\/e07a2b15f10e8884242fb3edc9b1d602.jpeg\"\/><\/p>\n<p> L&rsquo;imam Sharjil Khalid   &#8211; SK <\/p>\n<p>Selon Scharjil Khalid, qui a dit condamn\u00e9 toute forme de violence, de nombreuses personnes recrut\u00e9es par des groupes extr\u00e9mistes auraient peu ou pas de connaissances religieuses et n&rsquo;auraient donc pas de lien r\u00e9el avec l&rsquo;islam.<\/p>\n<p>Un d\u00e9bat qui s&rsquo;exporte en Autriche<\/p>\n<p>Les d\u00e9clarations de Seyran Ate\u015f ont fait des vagues dans toute l&rsquo;Europe, y compris en Autriche.<\/p>\n<p>L\u2019analyste politique Ercan Karaduman, d\u2019origine turco-autrichienne, a critiqu\u00e9 l\u2019id\u00e9e que les islamistes seraient \u00ab\u00a0envoy\u00e9s\u00a0\u00bb pour islamiser l\u2019Europe. Selon lui, l\u2019amalgame entre islam et terrorisme, aliment\u00e9 par des r\u00e9f\u00e9rences \u00e0 Daech, Al-Qaida, le Hamas ou le Hezbollah, contribue \u00e0 nourrir les st\u00e9r\u00e9otypes envers des millions de musulmans vivant pacifiquement en Europe.<\/p>\n<p><img decoding=\"async\" class=\"caas-img caas-lazy has-preview\" alt=\"Ercan Karaduman \" src=\"https:\/\/www.europesays.com\/fr\/wp-content\/uploads\/2025\/07\/f999764f9369d4920beb2e0c1fc31a82.jpeg\"\/><\/p>\n<p> Ercan Karaduman   &#8211; ServusTV\/Talk im Hanger-7 2017 <\/p>\n<p>\u00ab\u00a0Cela cr\u00e9e m\u00eame des jugements globaux sur les musulmans qui, depuis des g\u00e9n\u00e9rations, vivent m\u00eame plus allemands que les Allemands en Rh\u00e9nanie-du-Nord-Westphalie !\u00a0\u00bb, a-t-il ajout\u00e9.<\/p>\n<p>Qui est l&rsquo;imame Seyran Ate\u015f ?<\/p>\n<p>Imame et avocate f\u00e9ministe d&rsquo;origine turcque, Seyran Ate\u015f milite depuis des ann\u00e9es pour une r\u00e9forme de l\u2019islam et a fond\u00e9 la mosqu\u00e9e Ibn-Rushd-Goethe en 2017. Cette mosqu\u00e9e lib\u00e9rale &#8211; la seule \u00e0 ce jour en Allemagne &#8211; accueille hommes et femmes sur un pied d&rsquo;\u00e9galit\u00e9, et les personnes de toutes orientations sexuelles.<\/p>\n<p><img decoding=\"async\" class=\"caas-img caas-lazy has-preview\" alt=\"L\u00e4sst sich nicht einsch\u00fcchtern: Seyran Ates ist Gr\u00fcnderin der einzigen liberalen Moschee Deutschlands\" src=\"https:\/\/www.europesays.com\/fr\/wp-content\/uploads\/2025\/07\/7d16c8fb469cf1fcdeac67ff862c74e8.jpeg\"\/><\/p>\n<p> L\u00e4sst sich nicht einsch\u00fcchtern: Seyran Ates ist Gr\u00fcnderin der einzigen liberalen Moschee Deutschlands   &#8211; Michael Sohn\/Copyright 2017 The AP. All rights reserved. <\/p>\n<p>Victime en 1984 d\u2019un attentat perp\u00e9tr\u00e9 par les \u00ab\u00a0Loups gris\u00a0\u00bb &#8211; des extr\u00e9mistes de droite turcs &#8211; \u00e0 Berlin, elle vit depuis pr\u00e8s de 18 ans sous protection polici\u00e8re. Cela ne l\u2019a pas emp\u00each\u00e9e de poursuivre son engagement pour les droits des femmes et des minorit\u00e9s. En 2024, sa mosqu\u00e9e a temporairement ferm\u00e9 ses portes en raison de menaces d\u2019attentats islamistes.<\/p>\n","protected":false},"excerpt":{"rendered":"Les manifestations de partisans du r\u00e9gime syrien glorifiant les attaques meurtri\u00e8res contre les Druzes en Syrie qui se&hellip;\n","protected":false},"author":2,"featured_media":273311,"comment_status":"","ping_status":"","sticky":false,"template":"","format":"standard","meta":{"footnotes":""},"categories":[1587],"tags":[11,672,1804,41271,41270,1805,1803,1777,674,1801,41269,1272,12,1802],"class_list":{"0":"post-273310","1":"post","2":"type-post","3":"status-publish","4":"format-standard","5":"has-post-thumbnail","7":"category-allemagne","8":"tag-actualites","9":"tag-allemagne","10":"tag-bundesrepublik-deutschland","11":"tag-classe-politique","12":"tag-communaute-musulmane","13":"tag-de","14":"tag-deutschland","15":"tag-eu","16":"tag-europe","17":"tag-germany","18":"tag-la-vision-seyran-ates","19":"tag-manifestations","20":"tag-news","21":"tag-republique-federale-dallemagne"},"share_on_mastodon":{"url":"https:\/\/pubeurope.com\/@fr\/114915103515365057","error":""},"_links":{"self":[{"href":"https:\/\/www.europesays.com\/fr\/wp-json\/wp\/v2\/posts\/273310","targetHints":{"allow":["GET"]}}],"collection":[{"href":"https:\/\/www.europesays.com\/fr\/wp-json\/wp\/v2\/posts"}],"about":[{"href":"https:\/\/www.europesays.com\/fr\/wp-json\/wp\/v2\/types\/post"}],"author":[{"embeddable":true,"href":"https:\/\/www.europesays.com\/fr\/wp-json\/wp\/v2\/users\/2"}],"replies":[{"embeddable":true,"href":"https:\/\/www.europesays.com\/fr\/wp-json\/wp\/v2\/comments?post=273310"}],"version-history":[{"count":0,"href":"https:\/\/www.europesays.com\/fr\/wp-json\/wp\/v2\/posts\/273310\/revisions"}],"wp:featuredmedia":[{"embeddable":true,"href":"https:\/\/www.europesays.com\/fr\/wp-json\/wp\/v2\/media\/273311"}],"wp:attachment":[{"href":"https:\/\/www.europesays.com\/fr\/wp-json\/wp\/v2\/media?parent=273310"}],"wp:term":[{"taxonomy":"category","embeddable":true,"href":"https:\/\/www.europesays.com\/fr\/wp-json\/wp\/v2\/categories?post=273310"},{"taxonomy":"post_tag","embeddable":true,"href":"https:\/\/www.europesays.com\/fr\/wp-json\/wp\/v2\/tags?post=273310"}],"curies":[{"name":"wp","href":"https:\/\/api.w.org\/{rel}","templated":true}]}}