{"id":273314,"date":"2025-07-25T17:42:25","date_gmt":"2025-07-25T17:42:25","guid":{"rendered":"https:\/\/www.europesays.com\/fr\/273314\/"},"modified":"2025-07-25T17:42:25","modified_gmt":"2025-07-25T17:42:25","slug":"jai-eu-parfois-des-idees-dabandonner-apres-son-elimination-constance-avoue-avoir-voulu-quitter-secret-story","status":"publish","type":"post","link":"https:\/\/www.europesays.com\/fr\/273314\/","title":{"rendered":"\u00ab\u00a0J&rsquo;ai eu parfois des id\u00e9es d&rsquo;abandonner\u00a0\u00bb : apr\u00e8s son \u00e9limination, Constance avoue avoir voulu quitter Secret Story"},"content":{"rendered":"<p><strong>Pas de r\u00e9pit dans la Maison des secrets.<\/strong> Depuis plusieurs jours, la tension est \u00e0 son comble dans Secret Story. On ne joue plus pour se faire des amis, on joue pour la finale. Et <strong>ils ne sont plus que cinq \u00e0 pouvoir encore la r\u00eaver<\/strong>, <a href=\"https:\/\/www.voici.fr\/tele\/secret-story-decouvrez-qui-a-ete-elimine-apres-6-semaines-d-aventure-808680\" rel=\"nofollow noopener\" target=\"_blank\">A\u00efmed, Noah, Anita, Ethan et Romy, rescap\u00e9s<\/a> d\u2019un prime marqu\u00e9 par le d\u00e9part de <a href=\"https:\/\/www.voici.fr\/tele\/secret-story-nouveau-buzz-constance-est-sur-le-point-de-decouvrir-le-secret-d-une-habitante-808605\" rel=\"nofollow noopener\" target=\"_blank\">Constance<\/a>, ce jeudi 24 juillet. Une \u00e9limination aux portes de l\u2019ultime \u00e9tape. Mais plus le jeu avance, plus les r\u00e8gles se corsent. Pour se frayer un chemin jusqu\u2019\u00e0 la finale, <strong>les candidats ont re\u00e7u un d\u00e9fi de taille :<\/strong> trouver le secret de la maison. \u00c0 la cl\u00e9, une place assur\u00e9e en finale, sans passage par les votes. De quoi retourner le cerveau de tous les habitants.<\/p>\n<p>Constance \u00e9limin\u00e9e : elle se confie sur son aventure dans Secret Story<\/p>\n<p>Apr\u00e8s six semaines de comp\u00e9tition, Constance a quitt\u00e9 l\u2019aventure,<strong> <\/strong><a href=\"https:\/\/www.voici.fr\/tele\/secret-story-nouveau-buzz-constance-est-sur-le-point-de-decouvrir-le-secret-d-une-habitante-808605\" rel=\"nofollow noopener\" target=\"_blank\"><strong>tout en ayant r\u00e9ussi \u00e0 garder son secret intact<\/strong><\/a>. Pas mal pour une candidate souvent sous-estim\u00e9e en d\u00e9but de saison. Et pourtant, au micro de <a href=\"https:\/\/www.programme-tv.net\/news\/tele-realite\/384051-constance-eliminee-de-secret-story-2025-reconnait-avoir-pense-a-abandonner-je-commencais-un-peu-a-deprimer\/\" rel=\"nofollow noopener\" target=\"_blank\">T\u00e9l\u00e9-Loisirs <\/a>ce 25 juillet, elle assure que \u00ab\u00a0c&rsquo;\u00e9tait le bon moment pour partir\u00a0\u00bb. Le ton est pos\u00e9, mais le message est clair, <strong>sa flamme s\u2019\u00e9teignait doucement <\/strong>: \u00ab\u00a0Je n&rsquo;\u00e9tais plus forc\u00e9ment avec un bin\u00f4me et je me sentais quand m\u00eame assez seule dans la maison. J&rsquo;ai fait un bon bout de chemin et je ne regrette rien\u00a0\u00bb, explique-t-elle.<\/p>\n<p>Avant m\u00eame le prime, <a href=\"https:\/\/www.voici.fr\/tele\/vivian-revele-son-coup-de-coeur-secret-story-13-et-ce-nest-pas-constance-807911\" rel=\"nofollow noopener\" target=\"_blank\">Constance sentait<\/a> que l\u2019aventure touchait \u00e0 sa fin. Face \u00e0 Anita et Ethan, elle dit avoir eu \u00ab\u00a0un pressentiment\u202f\u00a0\u00bb. Mais ce que personne ne savait, c\u2019est que <strong>la candidate pensait \u00e0 quitter l&rsquo;aventure,<\/strong><a href=\"https:\/\/www.voici.fr\/tele\/secret-story-mayer-quitte-le-plateau-en-direct-apres-une-question-de-christophe-beaugrand-808704\" rel=\"nofollow noopener\" target=\"_blank\"> comme Mayer<\/a> : \u00ab\u00a0C&rsquo;est vrai que je commen\u00e7ais un peu \u00e0 d\u00e9primer et \u00e0 \u00eatre un peu triste (&#8230;) Donc je ne vais pas mentir, j&rsquo;ai eu parfois des id\u00e9es d&rsquo;abandonner, apr\u00e8s, \u00e7a ne m&rsquo;a jamais vraiment travers\u00e9 l&rsquo;esprit plus que \u00e7a. Je pr\u00e9f\u00e9rais attendre ma destin\u00e9e, que le public ne vote plus pour moi\u00a0\u00bb, confie-t-elle. Et pourtant, la jeune femme<strong> <\/strong>a tenu jusqu\u2019au bout, sans jamais trahir son secret.<\/p>\n<p>Constance pr\u00eate \u00e0 refaire de la t\u00e9l\u00e9-r\u00e9alit\u00e9 ? Ses confidences sans fard<\/p>\n<p>Malgr\u00e9 ce passage \u00e0 vide, Constance ne tourne pas le dos \u00e0 la t\u00e9l\u00e9-r\u00e9alit\u00e9. Au contraire. Dans la m\u00eame interview, elle affirme qu\u2019elle <strong>serait pr\u00eate \u00e0 repartir pour une autre aventure<\/strong>. Parce qu\u2019au fond, malgr\u00e9 les larmes et la fatigue, <strong>elle a ador\u00e9 cette exp\u00e9rience hors du commun <\/strong>: \u00ab\u00a0Vous allez potentiellement pouvoir me revoir sur vos \u00e9crans pour le plaisir de certains et le malheur des autres. Mais oui, je pense que c&rsquo;est tr\u00e8s probable de me revoir tr\u00e8s prochainement !\u00a0\u00bb Reste \u00e0 savoir quand <a href=\"https:\/\/www.voici.fr\/news-people\/constance-quelle-aille-pleurer-vivian-reagit-amer-apres-avoir-ete-recale-par-la-candidate-dans-secret-story-808272\" rel=\"nofollow noopener\" target=\"_blank\">quel programme Constance<\/a> va jeter son d\u00e9volu.<\/p>\n","protected":false},"excerpt":{"rendered":"Pas de r\u00e9pit dans la Maison des secrets. Depuis plusieurs jours, la tension est \u00e0 son comble dans&hellip;\n","protected":false},"author":2,"featured_media":273315,"comment_status":"","ping_status":"","sticky":false,"template":"","format":"standard","meta":{"footnotes":""},"categories":[1586],"tags":[11,1777,674,1779,1011,27,12,25,1778,364],"class_list":{"0":"post-273314","1":"post","2":"type-post","3":"status-publish","4":"format-standard","5":"has-post-thumbnail","7":"category-europe","8":"tag-actualites","9":"tag-eu","10":"tag-europe","11":"tag-european-union","12":"tag-fr","13":"tag-france","14":"tag-news","15":"tag-republique-francaise","16":"tag-ue","17":"tag-union-europeenne"},"share_on_mastodon":{"url":"https:\/\/pubeurope.com\/@fr\/114915111348760375","error":""},"_links":{"self":[{"href":"https:\/\/www.europesays.com\/fr\/wp-json\/wp\/v2\/posts\/273314","targetHints":{"allow":["GET"]}}],"collection":[{"href":"https:\/\/www.europesays.com\/fr\/wp-json\/wp\/v2\/posts"}],"about":[{"href":"https:\/\/www.europesays.com\/fr\/wp-json\/wp\/v2\/types\/post"}],"author":[{"embeddable":true,"href":"https:\/\/www.europesays.com\/fr\/wp-json\/wp\/v2\/users\/2"}],"replies":[{"embeddable":true,"href":"https:\/\/www.europesays.com\/fr\/wp-json\/wp\/v2\/comments?post=273314"}],"version-history":[{"count":0,"href":"https:\/\/www.europesays.com\/fr\/wp-json\/wp\/v2\/posts\/273314\/revisions"}],"wp:featuredmedia":[{"embeddable":true,"href":"https:\/\/www.europesays.com\/fr\/wp-json\/wp\/v2\/media\/273315"}],"wp:attachment":[{"href":"https:\/\/www.europesays.com\/fr\/wp-json\/wp\/v2\/media?parent=273314"}],"wp:term":[{"taxonomy":"category","embeddable":true,"href":"https:\/\/www.europesays.com\/fr\/wp-json\/wp\/v2\/categories?post=273314"},{"taxonomy":"post_tag","embeddable":true,"href":"https:\/\/www.europesays.com\/fr\/wp-json\/wp\/v2\/tags?post=273314"}],"curies":[{"name":"wp","href":"https:\/\/api.w.org\/{rel}","templated":true}]}}