{"id":273319,"date":"2025-07-25T17:45:13","date_gmt":"2025-07-25T17:45:13","guid":{"rendered":"https:\/\/www.europesays.com\/fr\/273319\/"},"modified":"2025-07-25T17:45:13","modified_gmt":"2025-07-25T17:45:13","slug":"a-la-plagne-thymen-arensman-vachement-content-liberation","status":"publish","type":"post","link":"https:\/\/www.europesays.com\/fr\/273319\/","title":{"rendered":"A la\u00a0Plagne, Thymen Arensman vachement content \u2013 Lib\u00e9ration"},"content":{"rendered":"<p class=\"sc-ksZaOG ehjQrN text-element\">Le soir, apr\u00e8s une longue journ\u00e9e, devant un verre de ros\u00e9 avec des gla\u00e7ons, les suiveurs se racontent des histoires. L\u2019un d\u2019eux dit\u00a0: \u00abTu es mort. Tu arrives devant Dieu (admettons qu\u2019il existe) et tu as le droit de lui poser une seule question sur le Tour de France au XXIe\u00a0si\u00e8cle. Qu\u2019est-ce que tu lui demandes\u00a0?\u00bb Les journalistes h\u00e9sitent. Certains veulent savoir ce qu\u2019avait Thibaut Pinot \u00e0 sa cuisse en\u00a02019, un autre si Froome a utilis\u00e9 un moteur, d\u2019autres s\u2019interrogent sur Armstrong\u2026 Un vieux de la vieille entend la conversation et lance\u00a0: \u00abJe demande simplement s\u2019il y a d\u00e9j\u00e0 eu un vainqueur propre.\u00bb Tout le monde se tait.<\/p>\n<p class=\"sc-ksZaOG ehjQrN text-element\">Ce n\u2019est pas avec Tadej Pogacar que chacun rentrera chez soi, dimanche soir \u00e0 Paris, avec plus de certitudes. Dans la seconde \u00e9tape des Alpes et la derni\u00e8re en montagne de cette \u00e9dition, le titan Slov\u00e8ne a continu\u00e9 son \u00e9trange num\u00e9ro depuis le d\u00e9but de la troisi\u00e8me semaine. Il semble facile, trois v\u00e9los au-dessus des autres, comme il l\u2019a prouv\u00e9 en attaquant en bas de la mont\u00e9e de la\u00a0Plagne, puis, il ne force pas et laisse un second couteau l\u2019emporter. A ce petit jeu, c\u2019est Thymen Arensman qui en profite le plus. Le grimpeur d\u2019Ineos a profit\u00e9 de ce que le leader d\u2019UAE n\u2019ose plus gagner pour s\u2019imposer en solitaire, quelques secondes devant le futur podium final dans le d\u00e9sordre\u00a0: Jonas Vingegaard (Visma Lease a Bike), Tadej Pogacar donc et Florian Lipowitz (Red Bull-Bora-Hansgrohe). Le Hollandais signe sa d<\/p>\n","protected":false},"excerpt":{"rendered":"Le soir, apr\u00e8s une longue journ\u00e9e, devant un verre de ros\u00e9 avec des gla\u00e7ons, les suiveurs se racontent&hellip;\n","protected":false},"author":2,"featured_media":273320,"comment_status":"","ping_status":"","sticky":false,"template":"","format":"standard","meta":{"footnotes":""},"categories":[4],"tags":[11,1011,27,12,25,1138,210],"class_list":{"0":"post-273319","1":"post","2":"type-post","3":"status-publish","4":"format-standard","5":"has-post-thumbnail","7":"category-france","8":"tag-actualites","9":"tag-fr","10":"tag-france","11":"tag-news","12":"tag-republique-francaise","13":"tag-tadej-pogacar","14":"tag-tour-de-france"},"share_on_mastodon":{"url":"https:\/\/pubeurope.com\/@fr\/114915123032171831","error":""},"_links":{"self":[{"href":"https:\/\/www.europesays.com\/fr\/wp-json\/wp\/v2\/posts\/273319","targetHints":{"allow":["GET"]}}],"collection":[{"href":"https:\/\/www.europesays.com\/fr\/wp-json\/wp\/v2\/posts"}],"about":[{"href":"https:\/\/www.europesays.com\/fr\/wp-json\/wp\/v2\/types\/post"}],"author":[{"embeddable":true,"href":"https:\/\/www.europesays.com\/fr\/wp-json\/wp\/v2\/users\/2"}],"replies":[{"embeddable":true,"href":"https:\/\/www.europesays.com\/fr\/wp-json\/wp\/v2\/comments?post=273319"}],"version-history":[{"count":0,"href":"https:\/\/www.europesays.com\/fr\/wp-json\/wp\/v2\/posts\/273319\/revisions"}],"wp:featuredmedia":[{"embeddable":true,"href":"https:\/\/www.europesays.com\/fr\/wp-json\/wp\/v2\/media\/273320"}],"wp:attachment":[{"href":"https:\/\/www.europesays.com\/fr\/wp-json\/wp\/v2\/media?parent=273319"}],"wp:term":[{"taxonomy":"category","embeddable":true,"href":"https:\/\/www.europesays.com\/fr\/wp-json\/wp\/v2\/categories?post=273319"},{"taxonomy":"post_tag","embeddable":true,"href":"https:\/\/www.europesays.com\/fr\/wp-json\/wp\/v2\/tags?post=273319"}],"curies":[{"name":"wp","href":"https:\/\/api.w.org\/{rel}","templated":true}]}}