{"id":273321,"date":"2025-07-25T17:48:12","date_gmt":"2025-07-25T17:48:12","guid":{"rendered":"https:\/\/www.europesays.com\/fr\/273321\/"},"modified":"2025-07-25T17:48:12","modified_gmt":"2025-07-25T17:48:12","slug":"je-trouve-ca-vraiment-interessant-lance-ronan-ogara-favorable-a-lannonce-des-compositions-dequipe-une-heure-avant-le-coup-denvoi","status":"publish","type":"post","link":"https:\/\/www.europesays.com\/fr\/273321\/","title":{"rendered":"\u00abJe trouve \u00e7a vraiment int\u00e9ressant\u00bb, lance Ronan O\u2019Gara favorable \u00e0 l\u2019annonce des compositions d\u2019\u00e9quipe une heure avant le coup d\u2019envoi"},"content":{"rendered":"<p>Ancien international Anglais, Will Greenwood aimerait que les compositions des \u00e9quipes de rugby soient donn\u00e9es juste avant les rencontres. Une id\u00e9e soutenue par Ronan O\u2019Gara.<\/p>\n<p class=\"fig-paragraph\">Actuellement entra\u00eeneur du Stade Rochelais,\u00a0<a href=\"http:\/\/www.lefigaro.fr\/sports\/rugby\/top-14\/top-14-beaucoup-de-choses-doivent-changer-grince-ronan-o-gara-la-rochelle-20250608\" data-fig-type=\"NewsFlash\" data-gtm-custom-categorie=\"navigation\" data-gtm-custom-action=\"crossclick\" data-gtm-custom-label=\"Contextuel\" data-gtm-event=\"customEventSPE\" data-fig-domain=\"LEFIGARO\" rel=\"nofollow noopener\" target=\"_blank\">Ronan O\u2019Gara<\/a>\u00a0aimerait adopter une coutume venant du ballon rond. En effet, l\u2019Irlandais aimerait voir les compositions des \u00e9quipes sortir \u00e0 une heure du coup d\u2019envoi comme dans le football. Une id\u00e9e que l\u2019ancien international anglais Will Greenwood d\u00e9fend aussi.<\/p>\n<p class=\"fig-paragraph\">\u00abJe ne pense pas qu\u2019il faille attendre longtemps avant que cette r\u00e8gle change. Je ne pense pas qu\u2019on soit tr\u00e8s loin du moment o\u00f9, comme au football, on n\u2019annoncera plus l\u2019\u00e9quipe qu\u2019une heure avant le coup d\u2019envoi. Vous avez trente joueurs\u2026 Disons qu\u2019il pleut des cordes\u00a0: vous vous dites\u00a0: \u2019Je veux mes deux meilleurs au pied, mes meilleurs plaqueurs, mes trois arri\u00e8res les plus solides\u2019.\u00bb\u00a0Le manager rochelais s\u2019est aussi dit favorable \u00e0 ce changement\u00a0: \u00abOn ne peut pas, avec la r\u00e9glementation, mais je trouve \u00e7a vraiment int\u00e9ressant. Ce serait g\u00e9nial\u00bb, a lanc\u00e9 l\u2019ancien ouvreur irlandais.<\/p>\n","protected":false},"excerpt":{"rendered":"Ancien international Anglais, Will Greenwood aimerait que les compositions des \u00e9quipes de rugby soient donn\u00e9es juste avant les&hellip;\n","protected":false},"author":2,"featured_media":273322,"comment_status":"","ping_status":"","sticky":false,"template":"","format":"standard","meta":{"footnotes":""},"categories":[1416],"tags":[1011,27,479,1468,60,478],"class_list":{"0":"post-273321","1":"post","2":"type-post","3":"status-publish","4":"format-standard","5":"has-post-thumbnail","7":"category-rugby","8":"tag-fr","9":"tag-france","10":"tag-rugby","11":"tag-rugby-football","12":"tag-sports","13":"tag-top-14"},"share_on_mastodon":{"url":"https:\/\/pubeurope.com\/@fr\/114915134904420653","error":""},"_links":{"self":[{"href":"https:\/\/www.europesays.com\/fr\/wp-json\/wp\/v2\/posts\/273321","targetHints":{"allow":["GET"]}}],"collection":[{"href":"https:\/\/www.europesays.com\/fr\/wp-json\/wp\/v2\/posts"}],"about":[{"href":"https:\/\/www.europesays.com\/fr\/wp-json\/wp\/v2\/types\/post"}],"author":[{"embeddable":true,"href":"https:\/\/www.europesays.com\/fr\/wp-json\/wp\/v2\/users\/2"}],"replies":[{"embeddable":true,"href":"https:\/\/www.europesays.com\/fr\/wp-json\/wp\/v2\/comments?post=273321"}],"version-history":[{"count":0,"href":"https:\/\/www.europesays.com\/fr\/wp-json\/wp\/v2\/posts\/273321\/revisions"}],"wp:featuredmedia":[{"embeddable":true,"href":"https:\/\/www.europesays.com\/fr\/wp-json\/wp\/v2\/media\/273322"}],"wp:attachment":[{"href":"https:\/\/www.europesays.com\/fr\/wp-json\/wp\/v2\/media?parent=273321"}],"wp:term":[{"taxonomy":"category","embeddable":true,"href":"https:\/\/www.europesays.com\/fr\/wp-json\/wp\/v2\/categories?post=273321"},{"taxonomy":"post_tag","embeddable":true,"href":"https:\/\/www.europesays.com\/fr\/wp-json\/wp\/v2\/tags?post=273321"}],"curies":[{"name":"wp","href":"https:\/\/api.w.org\/{rel}","templated":true}]}}