{"id":273323,"date":"2025-07-25T17:49:10","date_gmt":"2025-07-25T17:49:10","guid":{"rendered":"https:\/\/www.europesays.com\/fr\/273323\/"},"modified":"2025-07-25T17:49:10","modified_gmt":"2025-07-25T17:49:10","slug":"resultat-alexander-bublik-botic-van-de-zandschulp-atp-250-kitzbuhel-demi-finales-vendredi-25-juillet-2025-lequipe","status":"publish","type":"post","link":"https:\/\/www.europesays.com\/fr\/273323\/","title":{"rendered":"R\u00e9sultat : Alexander Bublik &#8211; Botic Van De Zandschulp, ATP 250, Kitzb\u00fchel, Demi-finales, Vendredi 25 juillet 2025 &#8211; L&#039;\u00c9quipe"},"content":{"rendered":"<ol>\n<li><a href=\"https:\/\/news.google.com\/rss\/articles\/CBMi2AFBVV95cUxPVlk0bURrdDVQTWFCeW1Nb0xPQXEyajdUSFo5ZXNETm5Ca0dweHhWQ3RsSEo3UVNXMlJtOVRsdUdHeWtrM2tYOVZqOWNOeEM4T250c3AwWV8ya0FvdlJRejJtMjRQeUZLdUE2OXBTRFdmRnV2NktQZC1KVHdZWG0teVRiSzNhc2U3dkg1R1YydVFzcjgtcFFMSnpIWnkyVjg0UllYMnU5eG5TQVZTVUN5MndneXZUQ2tVNEFwSXJuTExuUGtMSmFqWlc4cktRWmQyLVZTUDU2VVI?oc=5\" target=\"_blank\" rel=\"nofollow noopener\">R\u00e9sultat : Alexander Bublik &#8211; Botic Van De Zandschulp, ATP 250, Kitzb\u00fchel, Demi-finales, Vendredi 25 juillet 2025<\/a>&nbsp;&nbsp;L&rsquo;\u00c9quipe<\/li>\n<li><a href=\"https:\/\/news.google.com\/rss\/articles\/CBMizgFBVV95cUxPX2NPcFZRMDhqbS1oZXR3bmFlM3R2UUNRdWJnVGVnbHhtdGFpWHd1Wl95ZlcyTllQX0lpVlRPLTVSUmFJSmpOUllldGRib215aXkzZDFQRVFZVGdaaGRxemtFVE1JblM4cUJSM0x3UDZWZkstcFJUeTV2XzFkMnZHU0UxZnd1R1MyRkFVeFpCNlNOWVBQOVhfelpScGx4RzFJN1FpUGFlbnNkUTB5ajZwTURwTGlpNjAzZ19BNUk0aHdlcjdqMXAxTzNSblRJdw?oc=5\" target=\"_blank\" rel=\"nofollow noopener\">R\u00e9sultat : Arthur Cazaux &#8211; Arthur Rinderknech, ATP 250, Kitzb\u00fchel, Demi-finales, Vendredi 25 juillet 2025<\/a>&nbsp;&nbsp;L&rsquo;\u00c9quipe<\/li>\n<li><a href=\"https:\/\/news.google.com\/rss\/articles\/CBMijwFBVV95cUxQcFlCQUVwTW9lTm4yZjZFRkwybzZ6SzNCN0p5RVlMNDRjUTR6X09zUG5FcWNtOHJfM0lZSk5VbDdQcHJBMEhUTFp1MFE0Z01XVjI2ckowYlZqSmN1YnNHNEg3dlpkTFNBMVBnMzRJQlFUMzlVSXZ2czFWbXlEUFVJSmR3ZlFFQWxUbDFFbjIyZw?oc=5\" target=\"_blank\" rel=\"nofollow noopener\">Tennis : Droguet s&rsquo;arr\u00eate en quart \u00e0 Umag<\/a>&nbsp;&nbsp;Le Figaro<\/li>\n<li><a href=\"https:\/\/news.google.com\/rss\/articles\/CBMifkFVX3lxTFA2cHpQUWlaNE9NNnkwYW9jd2FuamEtNUdCWVlwYmhaSHZOSE1lSkRBOEotM1JEVG0zNG41STJTRENOelM5VTQ3LTh5Sng3SkhDeVF5UTZIdnhtYnZOTDllWnhJamo2V3Y5N3NxYllYRHVteGZoNy0xWGtfdkdOZw?oc=5\" target=\"_blank\" rel=\"nofollow noopener\">Tennis | La balle de match inhumaine de Titouan Droguet<\/a>&nbsp;&nbsp;FFL<\/li>\n<li><a href=\"https:\/\/news.google.com\/rss\/articles\/CBMitgFBVV95cUxPYkVXaWdnR01VLUlnaXFtWjh1d3ktTUQxQzh4enVHUnByUnNZWTBwMUFsVDNLYkdWNGo0Sm9OMGF3WTZFT2VYSkxsWTRnYkN1bWw5ekZKLTkwa1RCRGtlMDhGSlJHMGkyLXNXZlYtTThtaUdlQkVRaGYyRm1kZGRHc2lLeldSSXhVZkxsZHR1NjFtSmhuUjhGazBLMDNYbmN6SkRXaFVmY3JIZGtza25ybTc4dDYzUdIBtAFBVV95cUxORHRrOU9zbFFlOG8yWFA0dU5KZW9na1V4aEZHVGp1RndGUlR0NGF2LWFlWHppZ2lvUk5FVXhBWVdXSFl2aVVsaW1aa2ZWN1dpS0tzRlZpbG9UWHgzMHc4Q0cyUVpsYTk5ZE81WWFmbk5UZjE5bFFldUM3VHVKRVZ3MlF6T3dWV05UaXBUWlZmejdILWd5cy1tUlQtSmo3RFNad3Zpc21FSGtqemZIZmQtVll3SDk?oc=5\" target=\"_blank\" rel=\"nofollow noopener\">ATP &#8211; Umag : Droguet en quarts, une premi\u00e8re en carri\u00e8re<\/a>&nbsp;&nbsp;Orange Actualit\u00e9s | Sports<\/li>\n<\/ol>\n","protected":false},"excerpt":{"rendered":"R\u00e9sultat : Alexander Bublik &#8211; Botic Van De Zandschulp, ATP 250, Kitzb\u00fchel, Demi-finales, Vendredi 25 juillet 2025&nbsp;&nbsp;L&rsquo;\u00c9quipe R\u00e9sultat&hellip;\n","protected":false},"author":2,"featured_media":1983,"comment_status":"","ping_status":"","sticky":false,"template":"","format":"standard","meta":{"footnotes":""},"categories":[1415],"tags":[1011,27,60,1467],"class_list":{"0":"post-273323","1":"post","2":"type-post","3":"status-publish","4":"format-standard","5":"has-post-thumbnail","7":"category-tennis","8":"tag-fr","9":"tag-france","10":"tag-sports","11":"tag-tennis"},"share_on_mastodon":{"url":"https:\/\/pubeurope.com\/@fr\/114915138818228385","error":""},"_links":{"self":[{"href":"https:\/\/www.europesays.com\/fr\/wp-json\/wp\/v2\/posts\/273323","targetHints":{"allow":["GET"]}}],"collection":[{"href":"https:\/\/www.europesays.com\/fr\/wp-json\/wp\/v2\/posts"}],"about":[{"href":"https:\/\/www.europesays.com\/fr\/wp-json\/wp\/v2\/types\/post"}],"author":[{"embeddable":true,"href":"https:\/\/www.europesays.com\/fr\/wp-json\/wp\/v2\/users\/2"}],"replies":[{"embeddable":true,"href":"https:\/\/www.europesays.com\/fr\/wp-json\/wp\/v2\/comments?post=273323"}],"version-history":[{"count":0,"href":"https:\/\/www.europesays.com\/fr\/wp-json\/wp\/v2\/posts\/273323\/revisions"}],"wp:featuredmedia":[{"embeddable":true,"href":"https:\/\/www.europesays.com\/fr\/wp-json\/wp\/v2\/media\/1983"}],"wp:attachment":[{"href":"https:\/\/www.europesays.com\/fr\/wp-json\/wp\/v2\/media?parent=273323"}],"wp:term":[{"taxonomy":"category","embeddable":true,"href":"https:\/\/www.europesays.com\/fr\/wp-json\/wp\/v2\/categories?post=273323"},{"taxonomy":"post_tag","embeddable":true,"href":"https:\/\/www.europesays.com\/fr\/wp-json\/wp\/v2\/tags?post=273323"}],"curies":[{"name":"wp","href":"https:\/\/api.w.org\/{rel}","templated":true}]}}