{"id":273324,"date":"2025-07-25T17:50:22","date_gmt":"2025-07-25T17:50:22","guid":{"rendered":"https:\/\/www.europesays.com\/fr\/273324\/"},"modified":"2025-07-25T17:50:22","modified_gmt":"2025-07-25T17:50:22","slug":"antibes-veut-bousculer-la-hierarchie-en-coupe-de-france","status":"publish","type":"post","link":"https:\/\/www.europesays.com\/fr\/273324\/","title":{"rendered":"Antibes veut bousculer la hi\u00e9rarchie en Coupe de France"},"content":{"rendered":"<p>                            <img decoding=\"async\" class=\"img-fluid thumbnail__news\" src=\"https:\/\/www.europesays.com\/fr\/wp-content\/uploads\/2025\/07\/e062befd-cedd-4741-9965-0db022002c33.jpg\" alt=\"Antibes veut bousculer la hi\u00e9rarchie en Coupe de France\"\/><br \/>\n                                                        Ce week-end, Antibes (NF3) accueille Martigues (NF1) en huiti\u00e8me de finale de la Coupe de France. Face \u00e0 une \u00e9quipe \u00e9voluant deux divisions au-dessus, les joueuses antiboises ne partiront pas favorites, mais elles comptent bien jouer leur va-tout devant leur public \u00e0 l\u2019Azur Arena.<\/p>\n<p class=\"MsoNormal\"><strong>UN OUTSIDER EN PLEINE CONFIANCE<\/strong><\/p>\n<p class=\"MsoNormal\">Antibes r\u00e9alise une excellente saison en Nationale 3, invaincu depuis septembre en championnat, la formation azur\u00e9enne reste sur une victoire importante face au Rousset (3\u00e8me de NF3) le week-end dernier. Cet \u00e9lan leur permet d\u2019aborder ce match du Troph\u00e9e Coupe de France comme un bonus, avec la possibilit\u00e9 de se mesurer \u00e0 une \u00e9quipe \u00e9voluant deux divisions au-dessus. Carlo Vullin, entra\u00eeneur d\u2019Antibes, insiste sur l\u2019\u00e9tat d\u2019esprit de son groupe \u00ab\u00a0On sait qu&rsquo;on joue une \u00e9quipe beaucoup plus forte que nous, de notre c\u00f4t\u00e9 nous jouons la mont\u00e9e en NF2 et un point bonus au classement serait une bonne op\u00e9ration. Apr\u00e8s on est \u00e0 domicile, on aura un petit avantage, et on va tout donner pour r\u00e9aliser un exploit.\u00a0\u00bb<\/p>\n<p class=\"MsoNormal\">Troisi\u00e8me de la Poule A de Nationale 1, Martigues r\u00e9alise une solide saison pour sa deuxi\u00e8me ann\u00e9e dans la division. L\u2019\u00e9quipe poss\u00e8de un effectif rod\u00e9 et de l\u2019exp\u00e9rience dans ce type de comp\u00e9tition. Le d\u00e9fi pour Antibes sera donc immense, mais pas insurmontable \u00ab\u00a0Nos forces, c&rsquo;est qu&rsquo;on est capable de marquer beaucoup de points et de nous adapter aux adversaires. Il faudra sortir un match parfait pour esp\u00e9rer l&#8217;emporter\u00a0\u00bb, confie Vullin. Les deux \u00e9quipes se retrouve pour la deuxi\u00e8me fois cette saison puisque Antibes et Martigues s\u2019\u00e9tait affronter en en finale de la Coupe Sud. La rencontre s\u2019\u00e9tait sold\u00e9e par une d\u00e9faite des Antiboises (94-64).<\/p>\n<p class=\"MsoNormal\"><strong>UN COLLECTIF ENTRE MATURIT\u00c9 ET FOUGUE <\/strong><\/p>\n<p class=\"MsoNormal\">Certaines joueuses retrouveront un niveau qu\u2019elles connaissent bien comme les recrues \u00e9trang\u00e8res Biljana Stepanovic et Tina Selakovic. \u00ab\u00a0Nos deux joueuses serbes ont connu les premi\u00e8res divisions de leurs pays respectifs. Biljana a connu l\u2019EuroCup et la Ligue F\u00e9minine 2 en France, tandis que Tina \u00e9voluait encore l\u2019an dernier \u00e0 l\u2019\u00c9toile Rouge de Belgrade\u00a0\u00bb, souligne Carlo Vullin. \u00c0 leurs c\u00f4t\u00e9s, M\u00ebelle Blein, pass\u00e9e par Villeneuve d\u2019Ascq et le P\u00f4le France, apporte \u00e9galement son v\u00e9cu du basket professionnel. Mais au-del\u00e0 de ces joueuses exp\u00e9riment\u00e9es, l\u2019effectif antibois repose sur une jeunesse talentueuse \u00ab\u00a0Le reste de l\u2019effectif est tr\u00e8s jeune, avec beaucoup de joueuses sorties de centres de formation ou form\u00e9es au club. On va s\u2019appuyer sur notre fra\u00eecheur et notre enthousiasme pour essayer de cr\u00e9er la surprise\u00a0\u00bb, explique le coach.<\/p>\n<p class=\"MsoNormal\"><strong>UN MATCH \u00c9V\u00c8NEMENT \u00c0 L\u2019AZUR ARENA<\/strong><\/p>\n<p class=\"MsoNormal\">Ce huiti\u00e8me de finale sera un moment sp\u00e9cial pour Antibes, qui jouera pour la premi\u00e8re fois \u00e0 l\u2019Azur Arena, une enceinte habituellement r\u00e9serv\u00e9e aux Sharks d\u2019Antibes (Pro B). Le club esp\u00e8re attirer du public et continuer \u00e0 d\u00e9velopper le basket f\u00e9minin local.<\/p>\n<p class=\"MsoNormal\"><strong>\u00a0<\/strong><\/p>\n<p class=\"MsoNormal\"><strong>Programme des 8e de finale du Troph\u00e9e f\u00e9minin de la Coupe de France<\/strong><br \/>Vendredi 14 f\u00e9vrier \u00e0 20h30<br \/>Lamboisi\u00e8res-Martin Basket (NF2) &#8211; IE &#8211; ALPC Moulin Nantes Basket (NF2)<br \/>Champagne BF (NF1) &#8211; BC de Franconville (NF1)<\/p>\n<p class=\"MsoNormal\">Samedi 15 f\u00e9vrier \u00e0 140h00<br \/>Olympique Antibes (NF3, +14) &#8211; Martigues Sports (NF1)<br \/>Samedi 15 f\u00e9vrier \u00e0 200h00<br \/>Anglet C\u00f4te Basque Basket (NF3, +14) &#8211; US Le Poin\u00e7onnet (NF1)<br \/>Canet RBC (NF3, +14) &#8211; Monaco BA (NF1)<br \/>ASA Sceaux (NF1) &#8211; GCO Bihorel (NF1)<br \/>Roannais BF (NF1) &#8211; Annemasse BC (NF1)<br \/>St Chamond BVG (NF3, +14) &#8211; SI Graffenstaden (NF1)<\/p>\n","protected":false},"excerpt":{"rendered":"Ce week-end, Antibes (NF3) accueille Martigues (NF1) en huiti\u00e8me de finale de la Coupe de France. Face \u00e0&hellip;\n","protected":false},"author":2,"featured_media":273325,"comment_status":"","ping_status":"","sticky":false,"template":"","format":"standard","meta":{"footnotes":""},"categories":[1414],"tags":[1465,1464,1011,27,60],"class_list":{"0":"post-273324","1":"post","2":"type-post","3":"status-publish","4":"format-standard","5":"has-post-thumbnail","7":"category-basket","8":"tag-basket","9":"tag-basketball","10":"tag-fr","11":"tag-france","12":"tag-sports"},"share_on_mastodon":{"url":"https:\/\/pubeurope.com\/@fr\/114915142881153097","error":""},"_links":{"self":[{"href":"https:\/\/www.europesays.com\/fr\/wp-json\/wp\/v2\/posts\/273324","targetHints":{"allow":["GET"]}}],"collection":[{"href":"https:\/\/www.europesays.com\/fr\/wp-json\/wp\/v2\/posts"}],"about":[{"href":"https:\/\/www.europesays.com\/fr\/wp-json\/wp\/v2\/types\/post"}],"author":[{"embeddable":true,"href":"https:\/\/www.europesays.com\/fr\/wp-json\/wp\/v2\/users\/2"}],"replies":[{"embeddable":true,"href":"https:\/\/www.europesays.com\/fr\/wp-json\/wp\/v2\/comments?post=273324"}],"version-history":[{"count":0,"href":"https:\/\/www.europesays.com\/fr\/wp-json\/wp\/v2\/posts\/273324\/revisions"}],"wp:featuredmedia":[{"embeddable":true,"href":"https:\/\/www.europesays.com\/fr\/wp-json\/wp\/v2\/media\/273325"}],"wp:attachment":[{"href":"https:\/\/www.europesays.com\/fr\/wp-json\/wp\/v2\/media?parent=273324"}],"wp:term":[{"taxonomy":"category","embeddable":true,"href":"https:\/\/www.europesays.com\/fr\/wp-json\/wp\/v2\/categories?post=273324"},{"taxonomy":"post_tag","embeddable":true,"href":"https:\/\/www.europesays.com\/fr\/wp-json\/wp\/v2\/tags?post=273324"}],"curies":[{"name":"wp","href":"https:\/\/api.w.org\/{rel}","templated":true}]}}