{"id":273326,"date":"2025-07-25T17:51:12","date_gmt":"2025-07-25T17:51:12","guid":{"rendered":"https:\/\/www.europesays.com\/fr\/273326\/"},"modified":"2025-07-25T17:51:12","modified_gmt":"2025-07-25T17:51:12","slug":"motogp-marco-bezzecchi-leleve-modele-de-la-vr46-academie-qui-brille-chez-aprilia-on-apprend-tous-les-jours","status":"publish","type":"post","link":"https:\/\/www.europesays.com\/fr\/273326\/","title":{"rendered":"MotoGP, Marco Bezzecchi, l\u2019\u00e9l\u00e8ve mod\u00e8le de la VR46 Acad\u00e9mie qui brille chez Aprilia : \u00ab\u00a0on apprend tous les jours\u00a0\u00bb"},"content":{"rendered":"<p><strong>Marco Bezzecchi n\u2019est plus simplement un espoir du<br \/>\nMotoGP : il est devenu l\u2019un de ses acteurs les plus constants et<br \/>\nles plus redoutables. Depuis qu\u2019il a rejoint l\u2019\u00e9quipe d\u2019usine<br \/>\nAprilia, le pilote italien de 26 ans ne cesse d\u2019impressionner, avec<br \/>\nune victoire \u00e0 Silverstone, deux podiums \u00e0 Assen et Brno, et une<br \/>\nsolide quatri\u00e8me place actuelle au championnat avec 156<br \/>\npoints.<\/strong><\/p>\n<p>Mais pour <strong>Bezzecchi<\/strong>, le succ\u00e8s n\u2019est pas une<br \/>\nfin en soi. C\u2019est un processus en constante \u00e9volution, aliment\u00e9 par<br \/>\nune discipline rigoureuse, une structure solide, et surtout\u2026<br \/>\nl\u2019influence d\u2019un mentor hors norme : <strong>Valentino<br \/>\nRossi<\/strong>.<\/p>\n<p>\u00ab Travailler avec la VR46 Acad\u00e9mie est une chance inou\u00efe.<br \/>\n<strong>Vale a toujours \u00e9t\u00e9 une source d\u2019inspiration<br \/>\nincroyable<\/strong> \u00bb, confie-t-il dans une interview<br \/>\nexclusive \u00e0 <a href=\"https:\/\/www.speedweek.com\/motogp\/news\/238878\/Bezzecchi-ueber-Rossi-Unmoeglich-so-wie-er-zu-sein.html\" rel=\"nofollow noopener\" target=\"_blank\"><br \/>\nSpeedweek<\/a>.<\/p>\n<p>\u00ab Il nous donne encore beaucoup de conseils. <strong>Il est<br \/>\nimpossible de lui ressembler<\/strong>, mais on peut apprendre de<br \/>\nlui, de ses m\u00e9thodes, de sa vision de la course. \u00bb<\/p>\n<p>Form\u00e9 \u00e0 l\u2019\u00e9cole Rossi, <strong>Bezzecchi<\/strong> a grandi sous<br \/>\nl\u2019aile du nonuple champion du monde, partageant les s\u00e9ances<br \/>\nd\u2019entra\u00eenement, les doutes et les ambitions avec Bagnaia,<br \/>\nMorbidelli, Marini, et toute la \u00ab\u00a0bande de Tavullia\u00a0\u00bb. Et<br \/>\n\u00e7a porte ses fruits.<\/p>\n<p>\u00ab J\u2019ai beaucoup progress\u00e9 au fil des ans, mais je ne pense<br \/>\npas \u00eatre encore complet<strong>. En MotoGP, si tu n\u2019\u00e9volues pas, tu<br \/>\nstagnes<\/strong>. Chaque ann\u00e9e, il y a quelque chose de nouveau \u00e0<br \/>\napprendre. \u00bb<\/p>\n<p><img loading=\"lazy\" decoding=\"async\" class=\"aligncenter size-full wp-image-1313772\" src=\"https:\/\/www.europesays.com\/fr\/wp-content\/uploads\/2025\/07\/Marco-Bezzecchi-.jpg\" alt=\"Marco Bezzecchi\" width=\"622\" height=\"348\"  \/><\/p>\n<p><strong>Marco Bezzecchi\u00a0:<br \/>\n\u00ab\u00a0c\u2019est un m\u00e9lange de tout \u00e7a : la VR46, Aprilia, ma<br \/>\nfamille\u2026 Tout cela fait de moi le pilote que je suis<br \/>\naujourd\u2019hui\u00a0\u00bb<\/strong><\/p>\n<p>Arriv\u00e9 chez <a href=\"https:\/\/www.paddock-gp.com\/motogp-aprilia-y-croit-avec-bezzecchi-et-martin-la-chasse-a-marc-marquez-est-lancee\/\" rel=\"nofollow noopener\" target=\"_blank\"><br \/>\n<strong>Aprilia<\/strong><\/a> en 2025, <strong>Bezzecchi<\/strong> a<br \/>\nrapidement trouv\u00e9 ses marques sur la RS-GP, malgr\u00e9 une transition<br \/>\ndepuis la <strong>Ducati<\/strong>. Il \u00e9voque m\u00eame des \u00ab<br \/>\nenseignements cl\u00e9s \u00bb qu\u2019il pr\u00e9f\u00e8re garder pour lui, dans un sourire<br \/>\nmalicieux.<\/p>\n<p>\u00ab Quand tu changes d\u2019\u00e9quipe ou de moto, tu dois t\u2019adapter.<br \/>\nEt \u00e7a signifie apprendre diff\u00e9remment. <strong>Il y a eu beaucoup<br \/>\nde choses ici\u2026 mais je pr\u00e9f\u00e8re les garder pour moi<\/strong>.<br \/>\n\u00bb<\/p>\n<p>Ce qu\u2019on observe en revanche, c\u2019est une belle alchimie avec<br \/>\nNoale. <strong>Fabiano Sterlacchini<\/strong>, directeur technique<br \/>\nd\u2019<strong>Aprilia<\/strong>, salue le professionnalisme et la<br \/>\npr\u00e9paration exceptionnelle de <strong>Bezzecchi<\/strong>, qu\u2019il<br \/>\nattribue \u00e0 la qualit\u00e9 de la formation re\u00e7ue \u00e0 la <strong>VR46<br \/>\nAcad\u00e9mie<\/strong>.<\/p>\n<p>Et <strong>Bezzecchi<\/strong> n\u2019oublie pas non plus son pass\u00e9 :<br \/>\ncinq ans chez <a href=\"https:\/\/www.paddock-gp.com\/motogp-pedro-acosta-et-vr46-un-cafe-des-questions-et-peut-etre-un-avenir\/\" rel=\"nofollow noopener\" target=\"_blank\"><br \/>\n<strong>VR46 Racing<\/strong><\/a>, six victoires en Grand Prix, deux<br \/>\ntroisi\u00e8mes places au g\u00e9n\u00e9ral (2021 et 2023), et une \u00e9quipe qui l\u2019a<br \/>\nfa\u00e7onn\u00e9.<\/p>\n<p>\u00ab Depuis le premier jour, ils ont b\u00e2ti une structure tr\u00e8s<br \/>\nprofessionnelle. L\u2019ambiance, l\u2019exp\u00e9rience, la passion\u2026 c\u2019\u00e9tait<br \/>\nincroyable. <strong>Et l\u2019Acad\u00e9mie continue encore aujourd\u2019hui \u00e0<br \/>\nm\u2019aider dans mon d\u00e9veloppement<\/strong>. \u00bb<\/p>\n<p>Mais au-del\u00e0 des murs du circuit, <strong>Bezzecchi<\/strong><br \/>\ntient \u00e0 souligner une derni\u00e8re force : **sa famille.<\/p>\n<p>\u00ab J\u2019ai la chance d\u2019avoir une famille fantastique. Ils me<br \/>\nsoutiennent toujours avec les bonnes valeurs. C\u2019est un m\u00e9lange de<br \/>\ntout \u00e7a : la VR46, Aprilia, ma famille\u2026 Tout cela fait de moi le<br \/>\npilote que je suis aujourd\u2019hui. \u00bb<\/p>\n<p>Et si <strong>Bezzecchi<\/strong> continue sur cette lanc\u00e9e, il<br \/>\nse pourrait bien qu\u2019il devienne non pas un \u00e9l\u00e8ve de <a href=\"https:\/\/www.paddock-gp.com\/motogp-rossi-vs-marquez-quand-la-legende-risque-de-devenir-le-vilain-de-lhistoire\/\" rel=\"nofollow noopener\" target=\"_blank\"><br \/>\n<strong>Rossi<\/strong><\/a>\u2026 mais un h\u00e9ritier.<\/p>\n<p><img decoding=\"async\" class=\"aligncenter\" src=\"https:\/\/www.europesays.com\/fr\/wp-content\/uploads\/2025\/07\/97901a4ddda447e5aab8587dadb8b0fc.jpg\" alt=\"Pour Marco Bezzecchi, la collaboration avec la VR46 Academy est une grande joie\"\/><\/p>\n<p>\u00a0<\/p>\n<p>\u00a0<\/p>\n","protected":false},"excerpt":{"rendered":"Marco Bezzecchi n\u2019est plus simplement un espoir du MotoGP : il est devenu l\u2019un de ses acteurs les&hellip;\n","protected":false},"author":2,"featured_media":273327,"comment_status":"","ping_status":"","sticky":false,"template":"","format":"standard","meta":{"footnotes":""},"categories":[1413],"tags":[1011,27,1457,1456,60],"class_list":{"0":"post-273326","1":"post","2":"type-post","3":"status-publish","4":"format-standard","5":"has-post-thumbnail","7":"category-moto","8":"tag-fr","9":"tag-france","10":"tag-moto","11":"tag-motocycle","12":"tag-sports"},"share_on_mastodon":{"url":"https:\/\/pubeurope.com\/@fr\/114915146712897304","error":""},"_links":{"self":[{"href":"https:\/\/www.europesays.com\/fr\/wp-json\/wp\/v2\/posts\/273326","targetHints":{"allow":["GET"]}}],"collection":[{"href":"https:\/\/www.europesays.com\/fr\/wp-json\/wp\/v2\/posts"}],"about":[{"href":"https:\/\/www.europesays.com\/fr\/wp-json\/wp\/v2\/types\/post"}],"author":[{"embeddable":true,"href":"https:\/\/www.europesays.com\/fr\/wp-json\/wp\/v2\/users\/2"}],"replies":[{"embeddable":true,"href":"https:\/\/www.europesays.com\/fr\/wp-json\/wp\/v2\/comments?post=273326"}],"version-history":[{"count":0,"href":"https:\/\/www.europesays.com\/fr\/wp-json\/wp\/v2\/posts\/273326\/revisions"}],"wp:featuredmedia":[{"embeddable":true,"href":"https:\/\/www.europesays.com\/fr\/wp-json\/wp\/v2\/media\/273327"}],"wp:attachment":[{"href":"https:\/\/www.europesays.com\/fr\/wp-json\/wp\/v2\/media?parent=273326"}],"wp:term":[{"taxonomy":"category","embeddable":true,"href":"https:\/\/www.europesays.com\/fr\/wp-json\/wp\/v2\/categories?post=273326"},{"taxonomy":"post_tag","embeddable":true,"href":"https:\/\/www.europesays.com\/fr\/wp-json\/wp\/v2\/tags?post=273326"}],"curies":[{"name":"wp","href":"https:\/\/api.w.org\/{rel}","templated":true}]}}