{"id":27333,"date":"2025-04-15T19:23:29","date_gmt":"2025-04-15T19:23:29","guid":{"rendered":"https:\/\/www.europesays.com\/fr\/27333\/"},"modified":"2025-04-15T19:23:29","modified_gmt":"2025-04-15T19:23:29","slug":"steve-lefebvre-force-tranquille-et-la-comedie-du-livre","status":"publish","type":"post","link":"https:\/\/www.europesays.com\/fr\/27333\/","title":{"rendered":"Steve Lefebvre \u00ab\u00a0Force tranquille\u00a0\u00bb et la Com\u00e9die du Livre"},"content":{"rendered":"<p>            Par<br \/>\n        <strong><br \/>\n            <a href=\"https:\/\/actu.fr\/auteur\/metropoop\" title=\"Consulter tous les articles de R\u00e9daction M\u00e9tropolitain\" target=\"_blank\" rel=\"noopener\">R\u00e9daction M\u00e9tropolitain<\/a><br \/>\n        <\/strong><\/p>\n<p>        Publi\u00e9 le<\/p>\n<p>            15 avr. 2025 \u00e0 16h46        <\/p>\n<p>Comme chaque semaine, <strong>l\u2019hebdomadaire M\u00e9tropolitain<\/strong> vous propose un autre regard sur <strong>l\u2019actualit\u00e9 de Montpellier et de l\u2019H\u00e9rault<\/strong>. D\u00e9couvrez le sommaire de notre nouveau num\u00e9ro.<\/p>\n<p>\u00c0 la Une<\/p>\n<p class=\" wall-content\">Depuis quatre ans, il est l\u2019un des visages du logement social dans l\u2019H\u00e9rault et l\u2019une des t\u00eates pensantes de la reconqu\u00eate des quartiers populaires par les pouvoirs publics. Steve Lefebvre, ancien flic de haut vol, autant \u00e0 l\u2019aise dans le brasier des banlieues parisiennes que sous les dorures des ambassades et de l\u2019\u00c9lys\u00e9e, dirige aujourd\u2019hui \u00e0 Montpellier, le service Proximit\u00e9 et S\u00fbret\u00e9 d\u2019ACM Habitat, et depuis dix-huit mois, le GSRI, un groupement op\u00e9rationnel qui veut remettre de l\u2019ordre, de la tranquillit\u00e9 et du respect dans le parc social. Un r\u00f4le qui va comme un gant \u00e0 cet ancien boxeur.<\/p>\n<p>News.\u00a0<\/p>\n<p class=\" wall-content\"><strong>Acteurs \u00e9conomiques et politiques<\/strong> : se mobilisent \u00ab\u00a0sans d\u00e9tours\u00a0\u00bb pour le COM<\/p>\n<p class=\" wall-content\"><strong>R\u00e9\u00e9lu pr\u00e9sident des agriculteurs r\u00e9gionaux<\/strong>, Denis Carretier veut une r\u00e9gion forte<\/p>\n<p class=\" wall-content\"><strong>La vid\u00e9o de la semaine<\/strong> : S\u00e8te : la thalassothermie, pour chauffer et rafra\u00eechir la ZAC de l\u2019entr\u00e9e Est<\/p>\n<p class=\" wall-content\"><strong>Jeux exclusifs et soir\u00e9e playtest<\/strong>, Objectif 3D signe un partenariat avec l\u2019Invader Bar<\/p>\n<p>Vid\u00e9os : en ce moment sur ActuLifestyle.<\/p>\n<p class=\" wall-content\"><strong>La Com\u00e9die du Livre<\/strong> : 10 jours en mai c\u00e9l\u00e8bre ses quarante ans, David Foenkinos invit\u00e9 d\u2019honneur<\/p>\n<p class=\" wall-content\"><strong>Essai auto<\/strong> : Tesla Model Y 2025<\/p>\n<p class=\" wall-content\"><strong>S\u00e9lection caviste<\/strong> : Domaine Thierry Poirier<\/p>\n<p>\u00c9co.<\/p>\n<p class=\" wall-content\"><strong>\u00c9volution de carri\u00e8re<\/strong> : comment lever les blocages avec la formation professionnelle continue<\/p>\n<p>Annonces l\u00e9gales<\/p>\n<p class=\" wall-content\"><strong>O\u00f9 le trouver ?<\/strong><\/p>\n<p class=\" wall-content\">Le magazine M\u00e9tropolitain est disponible gratuitement chaque semaine dans plus de 350 points de passage dans le d\u00e9partement de l\u2019H\u00e9rault. M\u00e9tropolitain est \u00e9galement le seul titre de presse disponible en libre-service au sein des halls d\u2019embarquement des a\u00e9roports de Montpellier et de B\u00e9ziers. Il est bien s\u00fbr possible de s\u2019abonner, afin de le recevoir directement chez soi. Aussi, toutes les semaines, retrouvez en ligne la version digitale,\u00a0<a href=\"https:\/\/v.calameo.com\/library\/?type=account&amp;id=5794458&amp;rows=1&amp;sortBy=latestPublished&amp;theme=wood&amp;bgColor=&amp;thumbSize=large&amp;showTitle=true&amp;showShadow=true&amp;showGloss=true&amp;showInfo=account&amp;linkTo=view&amp;linkTarget=_blank\" target=\"_blank\" rel=\"noopener\">consultable sur notre site<\/a>.<\/p>\n<p class=\" wall-content\">Suivez toute l\u2019actualit\u00e9 de vos villes et m\u00e9dias favoris en vous inscrivant \u00e0 <a href=\"https:\/\/moncompte.actu.fr\" title=\"D\u00e9couvez Mon Actu\" rel=\"nofollow noopener\" data-trk=\"{&quot;cta&quot;:{&quot;action&quot;:&quot;https:\\\/\\\/moncompte.actu.fr&quot;,&quot;category&quot;:&quot;mon compte&quot;,&quot;from&quot;:&quot;article footer&quot;,&quot;name&quot;:&quot;Mon actu&quot;,&quot;type&quot;:&quot;cta&quot;}}\" target=\"_blank\">Mon Actu<\/a>.<\/p>\n","protected":false},"excerpt":{"rendered":"Par R\u00e9daction M\u00e9tropolitain Publi\u00e9 le 15 avr. 2025 \u00e0 16h46 Comme chaque semaine, l\u2019hebdomadaire M\u00e9tropolitain vous propose un&hellip;\n","protected":false},"author":2,"featured_media":27334,"comment_status":"","ping_status":"","sticky":false,"template":"","format":"standard","meta":{"footnotes":""},"categories":[9599],"tags":[1111,11,327,1777,674,1011,27,1380,6459,2208,12,2680,25,104],"class_list":{"0":"post-27333","1":"post","2":"type-post","3":"status-publish","4":"format-standard","5":"has-post-thumbnail","7":"category-montpellier","8":"tag-actu","9":"tag-actualites","10":"tag-agriculture","11":"tag-eu","12":"tag-europe","13":"tag-fr","14":"tag-france","15":"tag-livres","16":"tag-logements-sociaux","17":"tag-montpellier","18":"tag-news","19":"tag-occitanie","20":"tag-republique-francaise","21":"tag-societe"},"share_on_mastodon":{"url":"","error":""},"_links":{"self":[{"href":"https:\/\/www.europesays.com\/fr\/wp-json\/wp\/v2\/posts\/27333","targetHints":{"allow":["GET"]}}],"collection":[{"href":"https:\/\/www.europesays.com\/fr\/wp-json\/wp\/v2\/posts"}],"about":[{"href":"https:\/\/www.europesays.com\/fr\/wp-json\/wp\/v2\/types\/post"}],"author":[{"embeddable":true,"href":"https:\/\/www.europesays.com\/fr\/wp-json\/wp\/v2\/users\/2"}],"replies":[{"embeddable":true,"href":"https:\/\/www.europesays.com\/fr\/wp-json\/wp\/v2\/comments?post=27333"}],"version-history":[{"count":0,"href":"https:\/\/www.europesays.com\/fr\/wp-json\/wp\/v2\/posts\/27333\/revisions"}],"wp:featuredmedia":[{"embeddable":true,"href":"https:\/\/www.europesays.com\/fr\/wp-json\/wp\/v2\/media\/27334"}],"wp:attachment":[{"href":"https:\/\/www.europesays.com\/fr\/wp-json\/wp\/v2\/media?parent=27333"}],"wp:term":[{"taxonomy":"category","embeddable":true,"href":"https:\/\/www.europesays.com\/fr\/wp-json\/wp\/v2\/categories?post=27333"},{"taxonomy":"post_tag","embeddable":true,"href":"https:\/\/www.europesays.com\/fr\/wp-json\/wp\/v2\/tags?post=27333"}],"curies":[{"name":"wp","href":"https:\/\/api.w.org\/{rel}","templated":true}]}}