{"id":273335,"date":"2025-07-25T17:56:14","date_gmt":"2025-07-25T17:56:14","guid":{"rendered":"https:\/\/www.europesays.com\/fr\/273335\/"},"modified":"2025-07-25T17:56:14","modified_gmt":"2025-07-25T17:56:14","slug":"capvern-lart-delicat-de-christiane","status":"publish","type":"post","link":"https:\/\/www.europesays.com\/fr\/273335\/","title":{"rendered":"Capvern. L\u2019art d\u00e9licat de Christiane"},"content":{"rendered":"<p>Christiane Boltar expose ses aquarelles \u00e0 l\u2019office de tourisme de Capvern jusqu\u2019au 31 juillet. Install\u00e9e dans le Comminges, Christiane Boltar explore depuis 1990 l\u2019art d\u00e9licat de l\u2019aquarelle. Autodidacte passionn\u00e9e, elle puise son inspiration dans les sc\u00e8nes du quotidien, les paysages de montagne ou maritimes, les villages travers\u00e9s, et surtout dans son environnement champ\u00eatre. \u00c0 travers ses pinceaux, elle capte des instants de vie avec po\u00e9sie et simplicit\u00e9. L\u2019univers de Christiane se distingue par une grande sensibilit\u00e9 \u00e0 la lumi\u00e8re. Elle s\u2019attache \u00e0 pr\u00e9server la transparence caract\u00e9ristique de l\u2019aquarelle, jouant avec les contrastes entre ombre et clart\u00e9. L\u2019imaginaire s\u2019invite parfois dans ses compositions, cr\u00e9ant des ambiances chaleureuses, o\u00f9 la surprise surgit au fil de l\u2019eau et des pigments. Son travail \u00e9voque la douceur, l\u2019authenticit\u00e9 et le plaisir constant de peindre, qui transpara\u00eet dans chacune de ses \u0153uvres. <\/p>\n","protected":false},"excerpt":{"rendered":"Christiane Boltar expose ses aquarelles \u00e0 l\u2019office de tourisme de Capvern jusqu\u2019au 31 juillet. Install\u00e9e dans le Comminges,&hellip;\n","protected":false},"author":2,"featured_media":273336,"comment_status":"","ping_status":"","sticky":false,"template":"","format":"standard","meta":{"footnotes":""},"categories":[1358],"tags":[1348,1384,1385,1386,58,59,1011,27],"class_list":{"0":"post-273335","1":"post","2":"type-post","3":"status-publish","4":"format-standard","5":"has-post-thumbnail","7":"category-arts-et-design","8":"tag-arts","9":"tag-arts-and-design","10":"tag-arts-et-design","11":"tag-design","12":"tag-divertissement","13":"tag-entertainment","14":"tag-fr","15":"tag-france"},"share_on_mastodon":{"url":"https:\/\/pubeurope.com\/@fr\/114915166378589967","error":""},"_links":{"self":[{"href":"https:\/\/www.europesays.com\/fr\/wp-json\/wp\/v2\/posts\/273335","targetHints":{"allow":["GET"]}}],"collection":[{"href":"https:\/\/www.europesays.com\/fr\/wp-json\/wp\/v2\/posts"}],"about":[{"href":"https:\/\/www.europesays.com\/fr\/wp-json\/wp\/v2\/types\/post"}],"author":[{"embeddable":true,"href":"https:\/\/www.europesays.com\/fr\/wp-json\/wp\/v2\/users\/2"}],"replies":[{"embeddable":true,"href":"https:\/\/www.europesays.com\/fr\/wp-json\/wp\/v2\/comments?post=273335"}],"version-history":[{"count":0,"href":"https:\/\/www.europesays.com\/fr\/wp-json\/wp\/v2\/posts\/273335\/revisions"}],"wp:featuredmedia":[{"embeddable":true,"href":"https:\/\/www.europesays.com\/fr\/wp-json\/wp\/v2\/media\/273336"}],"wp:attachment":[{"href":"https:\/\/www.europesays.com\/fr\/wp-json\/wp\/v2\/media?parent=273335"}],"wp:term":[{"taxonomy":"category","embeddable":true,"href":"https:\/\/www.europesays.com\/fr\/wp-json\/wp\/v2\/categories?post=273335"},{"taxonomy":"post_tag","embeddable":true,"href":"https:\/\/www.europesays.com\/fr\/wp-json\/wp\/v2\/tags?post=273335"}],"curies":[{"name":"wp","href":"https:\/\/api.w.org\/{rel}","templated":true}]}}