{"id":273341,"date":"2025-07-25T17:59:10","date_gmt":"2025-07-25T17:59:10","guid":{"rendered":"https:\/\/www.europesays.com\/fr\/273341\/"},"modified":"2025-07-25T17:59:10","modified_gmt":"2025-07-25T17:59:10","slug":"gims-annule-son-duo-avec-lara-trump-lequipe-de-la-chanteuse-replique","status":"publish","type":"post","link":"https:\/\/www.europesays.com\/fr\/273341\/","title":{"rendered":"Gims annule son duo avec Lara Trump, l&rsquo;\u00e9quipe de la chanteuse r\u00e9plique !"},"content":{"rendered":"<p><img decoding=\"async\" src=\"https:\/\/www.europesays.com\/fr\/wp-content\/uploads\/2025\/07\/photo_1753359526.jpg\" class=\"textcenter img-content\" loading=\"lazy\"\/>Bestimage<br \/>\n<br \/>\n\u00ab 1. Je n&rsquo;ai pas de producteur. 2. Il n&rsquo;y aura pas de featuring avec Trump \u00bb. C&rsquo;est par ces quelques mots publi\u00e9s dans une story Instagram que Gims a annonc\u00e9 <a href=\"https:\/\/www.chartsinfrance.net\/actualite\/news-133290.html\" target=\"_blank\" class=\"spip_out\" rel=\"noopener\">l&rsquo;annulation de la sortie de son duo avec Lara Trump<\/a>. Il y a quelques jours, Paris Match et Le Parisien avaient pourtant annonc\u00e9 la sortie d&rsquo;un titre <a href=\"https:\/\/www.chartsinfrance.net\/actualite\/news-133243.html\" target=\"_blank\" class=\"spip_out\" rel=\"noopener\">en collaboration avec la belle-fille de Donald Trump<\/a>, cette derni\u00e8re affirmant \u00eatre fan du rappeur derri\u00e8re les tubes <a href=\"https:\/\/www.chartsinfrance.net\/actualite\/news-128820.html\" target=\"_blank\" class=\"spip_out\" rel=\"noopener\">\u00ab\u00a0Spider\u00a0\u00bb<\/a> ou <a href=\"https:\/\/www.chartsinfrance.net\/actualite\/news-132676.html\" target=\"_blank\" class=\"spip_out\" rel=\"noopener\">\u00ab\u00a0Appelle ta copine\u00a0\u00bb<\/a>. Sauf qu&rsquo;aujourd&rsquo;hui, ce d\u00e9sistement est au coeur d&rsquo;un gros imbroglio. Contact\u00e9e par nos confr\u00e8res de <a href=\"https:\/\/www.parismatch.com\/culture\/musique\/imbroglio-autour-du-duo-gims-et-lara-trump-254714\" target=\"_blank\" class=\"spip_out\" rel=\"noopener\">Paris Match<\/a>, l&rsquo;\u00e9quipe de Lara Trump tombe des nues. \u00ab Nous n&rsquo;avons pas \u00e9t\u00e9 inform\u00e9s que le projet \u00e9tait annul\u00e9. Pour nous, il est toujours en cours \u00bb d\u00e9clare LJ Fino, pr\u00e9sident du label First Class Label Group et proche collaborateur de la pr\u00e9sentatrice de Fox News, lanc\u00e9e dans la musique country depuis quelques mois. <\/p>\n<p>Le player Dailymotion est en train de se charger&#8230;<\/p>\n<p>\u00ab\u00a0Le featuring est toujours d&rsquo;actualit\u00e9\u00a0\u00bb<br \/>\nGims a d&rsquo;ailleurs lui-m\u00eame publi\u00e9 un extrait de la chanson, intitul\u00e9e \u00ab\u00a0Makassi\u00a0\u00bb (\u00ab\u00a0fort\u00a0\u00bb en lingala) sur son compte TikTok l&rsquo;an dernier. Et a tenu une premi\u00e8re visioconf\u00e9rence avec Liil Serge Mbeutcha, le producteur de sa tourn\u00e9e am\u00e9ricaine, Lara Trump et LJ Fino. \u00ab Gims s&rsquo;est imm\u00e9diatement montr\u00e9 int\u00e9ress\u00e9 par une collaboration avec Lara, il nous a affirm\u00e9 avoir entendu ses pr\u00e9c\u00e9dents titres et aimer sa musique. Une relation artistique et amicale s&rsquo;est d\u00e9velopp\u00e9e entre Gims et Lara depuis ce premier rendez-vous et le morceau \u00ab\u00a0Makassi\u00a0\u00bb s&rsquo;est construit au fil de nos \u00e9changes \u00bb confirme ce dernier. Pour lui, \u00ab le featuring est toujours d&rsquo;actualit\u00e9 \u00bb d&rsquo;autant plus que le rappeur superstar a envoy\u00e9 \u00ab sa voix pos\u00e9e sur le titre pour que Lara puisse travailler sa partie \u00bb.Un duo confirm\u00e9 par&#8230; Fox News !<br \/>\nC&rsquo;est pourquoi il se dit aujourd&rsquo;hui \u00ab stup\u00e9fait \u00bb d&rsquo;assister, impuissant, au d\u00e9menti de Gims : \u00ab Nous avons eu plusieurs visioconf\u00e9rences avec Gims. Serge Mbeutcha est bien l&rsquo;agent de Gims et l&rsquo;interm\u00e9diaire sur ce projet. Gims nous a envoy\u00e9 sa voix, il a travaill\u00e9 avec nous. Je ne comprends pas ce qu&rsquo;il se passe \u00bb. M\u00eame <a href=\"https:\/\/fox5sandiego.com\/business\/press-releases\/ein-presswire\/833110052\/lara-trump-releases-eyes-of-god-single-ahead-of-just-lara-album-launch-and-gims-collaboration\/\" target=\"_blank\" class=\"spip_out\" rel=\"noopener\">Fox News<\/a> confirme le duo avec Gims dans un article publi\u00e9 ce jeudi, expliquant que l&rsquo;artiste pr\u00e9pare une s\u00e9rie de collaborations anglophones en vue de sa tourn\u00e9e am\u00e9ricaine. \u00ab Lara Trump atteignant le Top 10 du Billboard, ce n&rsquo;\u00e9tait que le d\u00e9but. Avec son duo avec Gims, nous construisons une puissance transcontinentale de culture, de cr\u00e9ativit\u00e9 et de conviction \u00bb compl\u00e8te Raphew Reed Jr., vice-pr\u00e9sident du label First Class Label Group.<\/p>\n<blockquote class=\"tiktok-embed\" cite=\"https:\/\/www.tiktok.com\/@gims_off\/video\/7368577560260644128\" data-video-id=\"7368577560260644128\" style=\"max-width: 605px;min-width: 325px;\"><p>  <a target=\"_blank\" title=\"@gims_off\" href=\"https:\/\/www.tiktok.com\/@gims_off?refer=embed\" rel=\"noopener\">@gims_off<\/a> <\/p>\n<p>MAKASI \ud83c\udde8\ud83c\udde9 \u23f3<\/p>\n<p> <a target=\"_blank\" title=\"\u266c son original - Gims\" href=\"https:\/\/www.tiktok.com\/music\/son-original-7368577594457836320?refer=embed\" rel=\"noopener\">\u266c son original &#8211; Gims<\/a>  <\/p><\/blockquote>\n<p>Nos confr\u00e8res de Paris Match indiquent que face \u00e0 l&rsquo;ampleur prise par l&rsquo;histoire, Liil Serge Mbeutcha \u00ab ne souhaite plus s&rsquo;exprimer \u00bb sur l&rsquo;affaire. Et l&rsquo;hebdomadaire fran\u00e7ais de conclure : \u00ab Que Gims choisisse de s&rsquo;en d\u00e9tacher est un choix personnel, mais il ne saurait faire oublier la r\u00e9alit\u00e9 des faits. Lara Trump avait \u00e9t\u00e9 invit\u00e9e par Gims \u00e0 le rejoindre en concert, en France comme aux \u00c9tats-Unis, selon l&rsquo;\u00e9quipe am\u00e9ricaine de la chanteuse. Son engagement artistique ne faisait donc aucun doute \u00bb.<\/p>\n<p><script async src=\"\/\/www.tiktok.com\/embed.js\"><\/script><\/p>\n","protected":false},"excerpt":{"rendered":"Bestimage \u00ab 1. Je n&rsquo;ai pas de producteur. 2. Il n&rsquo;y aura pas de featuring avec Trump \u00bb.&hellip;\n","protected":false},"author":2,"featured_media":273342,"comment_status":"","ping_status":"","sticky":false,"template":"","format":"standard","meta":{"footnotes":""},"categories":[1355],"tags":[58,59,1011,27,1361,873],"class_list":{"0":"post-273341","1":"post","2":"type-post","3":"status-publish","4":"format-standard","5":"has-post-thumbnail","7":"category-musique","8":"tag-divertissement","9":"tag-entertainment","10":"tag-fr","11":"tag-france","12":"tag-music","13":"tag-musique"},"share_on_mastodon":{"url":"https:\/\/pubeurope.com\/@fr\/114915178185191617","error":""},"_links":{"self":[{"href":"https:\/\/www.europesays.com\/fr\/wp-json\/wp\/v2\/posts\/273341","targetHints":{"allow":["GET"]}}],"collection":[{"href":"https:\/\/www.europesays.com\/fr\/wp-json\/wp\/v2\/posts"}],"about":[{"href":"https:\/\/www.europesays.com\/fr\/wp-json\/wp\/v2\/types\/post"}],"author":[{"embeddable":true,"href":"https:\/\/www.europesays.com\/fr\/wp-json\/wp\/v2\/users\/2"}],"replies":[{"embeddable":true,"href":"https:\/\/www.europesays.com\/fr\/wp-json\/wp\/v2\/comments?post=273341"}],"version-history":[{"count":0,"href":"https:\/\/www.europesays.com\/fr\/wp-json\/wp\/v2\/posts\/273341\/revisions"}],"wp:featuredmedia":[{"embeddable":true,"href":"https:\/\/www.europesays.com\/fr\/wp-json\/wp\/v2\/media\/273342"}],"wp:attachment":[{"href":"https:\/\/www.europesays.com\/fr\/wp-json\/wp\/v2\/media?parent=273341"}],"wp:term":[{"taxonomy":"category","embeddable":true,"href":"https:\/\/www.europesays.com\/fr\/wp-json\/wp\/v2\/categories?post=273341"},{"taxonomy":"post_tag","embeddable":true,"href":"https:\/\/www.europesays.com\/fr\/wp-json\/wp\/v2\/tags?post=273341"}],"curies":[{"name":"wp","href":"https:\/\/api.w.org\/{rel}","templated":true}]}}