{"id":273347,"date":"2025-07-25T18:02:11","date_gmt":"2025-07-25T18:02:11","guid":{"rendered":"https:\/\/www.europesays.com\/fr\/273347\/"},"modified":"2025-07-25T18:02:11","modified_gmt":"2025-07-25T18:02:11","slug":"football-suivez-asse-paris-fc-les-verts-submerges","status":"publish","type":"post","link":"https:\/\/www.europesays.com\/fr\/273347\/","title":{"rendered":"Football. Suivez ASSE &#8211; Paris FC : les Verts submerg\u00e9s"},"content":{"rendered":"<p>En avance sur la pr\u00e9paration parisienne et face \u00e0 une formation du PFC largement repens\u00e9e, les Verts semblent plusieurs tons en dessous. Et ce, en d\u00e9pit d&rsquo;une volont\u00e9 de jouer manifeste. B\u00e9n\u00e9ficiant de cinq v\u00e9ritables occasions dans la surface verte, les Parisiens ont plant\u00e9 trois fois, tandis que les St\u00e9phanois ont soit, manqu\u00e9 de r\u00e9ussite parfois, soit de justesse, souvent.<\/p>\n<p>&#13;<br \/>\n              Le Progr\u00e8s  &#8211; &#13;<br \/>\n        &#13;<br \/>\n          Aujourd&rsquo;hui \u00e0 18:14&#13;<br \/>\n    &#13;<br \/>\n                  | mis \u00e0 jour aujourd&rsquo;hui \u00e0 19:48&#13;<br \/>\n              &#8211; Temps de lecture : &#13;<br \/>\n  &#13;<\/p>\n","protected":false},"excerpt":{"rendered":"En avance sur la pr\u00e9paration parisienne et face \u00e0 une formation du PFC largement repens\u00e9e, les Verts semblent&hellip;\n","protected":false},"author":2,"featured_media":273348,"comment_status":"","ping_status":"","sticky":false,"template":"","format":"standard","meta":{"footnotes":""},"categories":[9],"tags":[4000,7539,107,63,1011,27,4002,3367,4001,517,60],"class_list":{"0":"post-273347","1":"post","2":"type-post","3":"status-publish","4":"format-standard","5":"has-post-thumbnail","7":"category-sports","8":"tag-asse-as-saint-etienne-football","9":"tag-edition-loire-sud","10":"tag-fil-info","11":"tag-football","12":"tag-fr","13":"tag-france","14":"tag-haute-loire","15":"tag-loire","16":"tag-saint-etienne","17":"tag-sport","18":"tag-sports"},"share_on_mastodon":{"url":"https:\/\/pubeurope.com\/@fr\/114915190005155189","error":""},"_links":{"self":[{"href":"https:\/\/www.europesays.com\/fr\/wp-json\/wp\/v2\/posts\/273347","targetHints":{"allow":["GET"]}}],"collection":[{"href":"https:\/\/www.europesays.com\/fr\/wp-json\/wp\/v2\/posts"}],"about":[{"href":"https:\/\/www.europesays.com\/fr\/wp-json\/wp\/v2\/types\/post"}],"author":[{"embeddable":true,"href":"https:\/\/www.europesays.com\/fr\/wp-json\/wp\/v2\/users\/2"}],"replies":[{"embeddable":true,"href":"https:\/\/www.europesays.com\/fr\/wp-json\/wp\/v2\/comments?post=273347"}],"version-history":[{"count":0,"href":"https:\/\/www.europesays.com\/fr\/wp-json\/wp\/v2\/posts\/273347\/revisions"}],"wp:featuredmedia":[{"embeddable":true,"href":"https:\/\/www.europesays.com\/fr\/wp-json\/wp\/v2\/media\/273348"}],"wp:attachment":[{"href":"https:\/\/www.europesays.com\/fr\/wp-json\/wp\/v2\/media?parent=273347"}],"wp:term":[{"taxonomy":"category","embeddable":true,"href":"https:\/\/www.europesays.com\/fr\/wp-json\/wp\/v2\/categories?post=273347"},{"taxonomy":"post_tag","embeddable":true,"href":"https:\/\/www.europesays.com\/fr\/wp-json\/wp\/v2\/tags?post=273347"}],"curies":[{"name":"wp","href":"https:\/\/api.w.org\/{rel}","templated":true}]}}