{"id":273353,"date":"2025-07-25T18:05:10","date_gmt":"2025-07-25T18:05:10","guid":{"rendered":"https:\/\/www.europesays.com\/fr\/273353\/"},"modified":"2025-07-25T18:05:10","modified_gmt":"2025-07-25T18:05:10","slug":"lyon-part-dieu-grosse-pagaille-en-cours-a-la-gare-sncf-noire-de-monde-ce-quil-se-passe","status":"publish","type":"post","link":"https:\/\/www.europesays.com\/fr\/273353\/","title":{"rendered":"Lyon Part-Dieu. Grosse pagaille en cours \u00e0 la gare SNCF, noire de monde : ce qu&rsquo;il se passe"},"content":{"rendered":"<p>            Par<br \/>\n        <strong><br \/>\n            <a href=\"https:\/\/actu.fr\/auteur\/nicolas-zaugra\" title=\"Consulter tous les articles de Nicolas Zaugra\" target=\"_blank\" rel=\"noopener\">Nicolas Zaugra<\/a><br \/>\n        <\/strong><\/p>\n<p>        Publi\u00e9 le<\/p>\n<p>            25 juil. 2025 \u00e0 18h33<br \/>\n        ; mis \u00e0 jour le 25 juil. 2025 \u00e0 18h36    <\/p>\n<p>Grosse pagaille \u00e0 la gare <a href=\"https:\/\/actu.fr\/tag\/sncf\" target=\"_blank\" rel=\"noopener\">SNCF<\/a> de <a href=\"https:\/\/actu.fr\/tag\/lyon-part-dieu\" target=\"_blank\" rel=\"noopener\">Lyon Part-Dieu<\/a> en cours ce vendredi 25 juillet 2025 \u00e0 l\u2019heure de pointe et en tout d\u00e9but de week-end estival.\u00a0<\/p>\n<p class=\" wall-content\">\u00ab\u00a0Le trafic est perturb\u00e9 autour de <a href=\"https:\/\/actu.fr\/auvergne-rhone-alpes\/lyon_69123\" target=\"_blank\" rel=\"noopener\">Lyon<\/a>, cons\u00e9quence d\u2019un <strong>incident en cours sur la ligne \u00e0 grande vitesse<\/strong>, ce qui entra\u00eene une saturation des gares lyonnaises et des retards pour le respect de l\u2019espacement entre les trains\u00a0\u00bb, annonce la SNCF.<\/p>\n<p class=\" wall-content\">Selon notre journaliste sur place, la foule est importante \u00e0 18h dans le hall principal de la Part-Dieu. De nombreux trains affichent des retards au d\u00e9part et \u00e0 l\u2019arriv\u00e9e. Des trains \u00e0 destination de la gare TGV Lyon Saint-Exup\u00e9ry sont \u00ab\u00a0d\u00e9rout\u00e9s\u00a0\u00bb vers la gare Part-Dieu.\u00a0<\/p>\n<p class=\" wall-content\">\n<p>Des retards de plus de 2 heures<\/p>\n<p class=\" wall-content\">Un TGV \u00e0 l\u2019arriv\u00e9e de Rennes affiche deux heures de retard, un autre de Lyon Perrache, Lille Europe, Bruxelles 1h30. Un TGV de Nantes a 1h20 de retard, un train de Paris Trenitalia 30 minutes de retard. Un autre de la SNCF venant de la capitale enregistre 1h40, un depuis Marseille 1h20.<\/p>\n<p class=\" wall-content\">D\u2019autres trains affichent des retards plus faibles, de 5, 10, 15, \u00e0 45 minutes.<\/p>\n<p class=\" wall-content\">Au d\u00e9part de Part-Dieu, les retards sont aussi tr\u00e8s nombreux : 1h30 vers Paris, Marseille, 1h20 pour un autre vers Saint-Charles, 1h40 pour Lyon-Perrache, 30 minutes pour Milan, 1h20 pour l\u2019a\u00e9roport Roissy-Charles-de-Gaulle et des retards de plusieurs dizaines de minutes pour d\u2019autres trains.<\/p>\n<p class=\" wall-content\">Suivez toute l\u2019actualit\u00e9 de vos villes et m\u00e9dias favoris en vous inscrivant \u00e0 <a href=\"https:\/\/moncompte.actu.fr\" title=\"D\u00e9couvez Mon Actu\" rel=\"nofollow noopener\" data-trk=\"{&quot;cta&quot;:{&quot;action&quot;:&quot;https:\\\/\\\/moncompte.actu.fr&quot;,&quot;category&quot;:&quot;mon compte&quot;,&quot;from&quot;:&quot;article footer&quot;,&quot;name&quot;:&quot;Mon actu&quot;,&quot;type&quot;:&quot;cta&quot;}}\" target=\"_blank\">Mon Actu<\/a>.<\/p>\n","protected":false},"excerpt":{"rendered":"Par Nicolas Zaugra Publi\u00e9 le 25 juil. 2025 \u00e0 18h33 ; mis \u00e0 jour le 25 juil. 2025&hellip;\n","protected":false},"author":2,"featured_media":273354,"comment_status":"","ping_status":"","sticky":false,"template":"","format":"standard","meta":{"footnotes":""},"categories":[6],"tags":[35,33,34,1011,27,6178,2215,104],"class_list":{"0":"post-273353","1":"post","2":"type-post","3":"status-publish","4":"format-standard","5":"has-post-thumbnail","7":"category-economie","8":"tag-business","9":"tag-economie","10":"tag-economy","11":"tag-fr","12":"tag-france","13":"tag-lyon-part-dieu","14":"tag-sncf","15":"tag-societe"},"share_on_mastodon":{"url":"https:\/\/pubeurope.com\/@fr\/114915201794236186","error":""},"_links":{"self":[{"href":"https:\/\/www.europesays.com\/fr\/wp-json\/wp\/v2\/posts\/273353","targetHints":{"allow":["GET"]}}],"collection":[{"href":"https:\/\/www.europesays.com\/fr\/wp-json\/wp\/v2\/posts"}],"about":[{"href":"https:\/\/www.europesays.com\/fr\/wp-json\/wp\/v2\/types\/post"}],"author":[{"embeddable":true,"href":"https:\/\/www.europesays.com\/fr\/wp-json\/wp\/v2\/users\/2"}],"replies":[{"embeddable":true,"href":"https:\/\/www.europesays.com\/fr\/wp-json\/wp\/v2\/comments?post=273353"}],"version-history":[{"count":0,"href":"https:\/\/www.europesays.com\/fr\/wp-json\/wp\/v2\/posts\/273353\/revisions"}],"wp:featuredmedia":[{"embeddable":true,"href":"https:\/\/www.europesays.com\/fr\/wp-json\/wp\/v2\/media\/273354"}],"wp:attachment":[{"href":"https:\/\/www.europesays.com\/fr\/wp-json\/wp\/v2\/media?parent=273353"}],"wp:term":[{"taxonomy":"category","embeddable":true,"href":"https:\/\/www.europesays.com\/fr\/wp-json\/wp\/v2\/categories?post=273353"},{"taxonomy":"post_tag","embeddable":true,"href":"https:\/\/www.europesays.com\/fr\/wp-json\/wp\/v2\/tags?post=273353"}],"curies":[{"name":"wp","href":"https:\/\/api.w.org\/{rel}","templated":true}]}}