{"id":273357,"date":"2025-07-25T18:07:10","date_gmt":"2025-07-25T18:07:10","guid":{"rendered":"https:\/\/www.europesays.com\/fr\/273357\/"},"modified":"2025-07-25T18:07:10","modified_gmt":"2025-07-25T18:07:10","slug":"chahut-ou-antisemitisme-vueling-prise-dans-des-vents-contraires","status":"publish","type":"post","link":"https:\/\/www.europesays.com\/fr\/273357\/","title":{"rendered":"Chahut ou antis\u00e9mitisme? Vueling prise dans des vents contraires"},"content":{"rendered":"<p>La compagnie a\u00e9rienne d\u00e9ment toute discrimination envers un groupe de jeunes Fran\u00e7ais de confession juive, d\u00e9barqu\u00e9s d\u2019un de ses avions mercredi. Le commandant de bord avait \u00e9t\u00e9 l\u2019instructeur de deux des terroristes du 11 septembre 2001, pointe l\u2019avocate de la colonie de vacances.<\/p>\n<p class=\"fig-paragraph\">Une plainte pour \u00abdiscrimination\u00bb contre le transporteur a\u00e9rien Vueling, une proc\u00e9dure pour r\u00e9bellion contre un agent de la Guardia civil &#8211; la police espagnole &#8211; et un commandant de bord, \u00e9galement instructeur, qui se trouve \u00eatre celui qui avait form\u00e9 deux des terroristes des attentats du 11 septembre 2001&#8230; L\u2019enqu\u00eate \u00abse poursuit\u00bb au sein de la compagnie d\u2019aviation, sur l\u2019incident survenu lors du vol VY8166. Certains des adolescents ont-ils eu un comportement \u00abperturbateur\u00bb? Les membres d\u2019\u00e9quipage de Vueling ont-ils fait preuve d\u2019\u00abantis\u00e9mitisme\u00bb? Apr\u00e8s<a href=\"http:\/\/www.lefigaro.fr\/international\/vueling-accusee-d-antisemitisme-apres-avoir-debarque-une-cinquantaine-d-adolescents-juifs-la-compagnie-dement-20250724\" data-fig-type=\"NewsFlash\" data-gtm-custom-categorie=\"navigation\" data-gtm-custom-action=\"crossclick\" data-gtm-custom-label=\"Contextuel\" data-gtm-event=\"customEventSPE\" data-fig-domain=\"LEFIGARO\" rel=\"nofollow noopener\" target=\"_blank\">\u00a0le d\u00e9barquement d\u2019une quarantaine de jeunes Fran\u00e7ais de confession juive d\u2019un avion<\/a>, \u00e0 l\u2019a\u00e9roport de Valence ce mercredi, les versions continuent de s\u2019opposer.<\/p>\n<p class=\"fig-paragraph\">Des \u00abtentatives de lib\u00e9rer les gilets de sauvetage, de manipuler les masques \u00e0 oxyg\u00e8ne situ\u00e9s au plafond, ainsi que de retirer une bouteille d\u2019oxyg\u00e8ne sous haute pression, pr\u00e9sentant potentiellement un danger grave en cabine\u00bb: \u00e0 en croire la compagnie \u00e0 bas co\u00fbt, les adolescents auraient<\/p>\n<p class=\"fig-premium-paywall__infos\">\n        Cet article est r\u00e9serv\u00e9 aux abonn\u00e9s.        Il vous reste 85% \u00e0 d\u00e9couvrir.\n    <\/p>\n<p>                <img  data- alt=\"Le Figaro\" class=\"fig-img--complete fig-img\"\/><\/p>\n<p class=\"fig-premium-paywall__title\">Vous avez envie de lire la suite ?<\/p>\n<p class=\"fig-premium-paywall__subtitle\">D\u00e9bloquez tous les articles imm\u00e9diatement.<\/p>\n<p class=\"fig-premium-paywall__connect\">\n                D\u00e9j\u00e0 abonn\u00e9\u00a0?                <a class=\"fig-premium-paywall__connect-link\" href=\"https:\/\/connect.lefigaro.fr\/login?client=horizon_web&amp;type=main&amp;redirect_uri=https%3A%2F%2Fwww.lefigaro.fr%2Fflash-actu%2Fchahut-ou-antisemitisme-vueling-prise-dans-des-vents-contraires-20250725\" data-js-gtm=\"{&quot;customCategorie&quot;: &quot;conversion&quot;, &quot;customAction&quot;: &quot;before_Landing_Connexion_paywall_auto&quot;, &quot;customLabel&quot;: &quot;bGVmaWdhcm8uZnJfXzFmMDY5NTYzLWJlMGEtNjk3NC1iYWM0LWI3ZTFmODAxNzMyZl9fTmV3c0ZsYXNo_Chahut ou antis\u00e9mitisme? Vueling prise dans des vents contraires_280&quot;, &quot;customIDSPE&quot;: &quot;bGVmaWdhcm8uZnJfXzFmMDY5NTYzLWJlMGEtNjk3NC1iYWM0LWI3ZTFmODAxNzMyZl9fTmV3c0ZsYXNo&quot;, &quot;event&quot;: &quot;customEventSPE&quot;}\" rel=\"nofollow noopener\" target=\"_blank\"><br \/>\n                    Connectez-vous<br \/>\n                <\/a>\n            <\/p>\n","protected":false},"excerpt":{"rendered":"La compagnie a\u00e9rienne d\u00e9ment toute discrimination envers un groupe de jeunes Fran\u00e7ais de confession juive, d\u00e9barqu\u00e9s d\u2019un de&hellip;\n","protected":false},"author":2,"featured_media":273358,"comment_status":"","ping_status":"","sticky":false,"template":"","format":"standard","meta":{"footnotes":""},"categories":[4],"tags":[11,6155,1011,27,12,25],"class_list":{"0":"post-273357","1":"post","2":"type-post","3":"status-publish","4":"format-standard","5":"has-post-thumbnail","7":"category-france","8":"tag-actualites","9":"tag-antisemitisme","10":"tag-fr","11":"tag-france","12":"tag-news","13":"tag-republique-francaise"},"share_on_mastodon":{"url":"https:\/\/pubeurope.com\/@fr\/114915209647292668","error":""},"_links":{"self":[{"href":"https:\/\/www.europesays.com\/fr\/wp-json\/wp\/v2\/posts\/273357","targetHints":{"allow":["GET"]}}],"collection":[{"href":"https:\/\/www.europesays.com\/fr\/wp-json\/wp\/v2\/posts"}],"about":[{"href":"https:\/\/www.europesays.com\/fr\/wp-json\/wp\/v2\/types\/post"}],"author":[{"embeddable":true,"href":"https:\/\/www.europesays.com\/fr\/wp-json\/wp\/v2\/users\/2"}],"replies":[{"embeddable":true,"href":"https:\/\/www.europesays.com\/fr\/wp-json\/wp\/v2\/comments?post=273357"}],"version-history":[{"count":0,"href":"https:\/\/www.europesays.com\/fr\/wp-json\/wp\/v2\/posts\/273357\/revisions"}],"wp:featuredmedia":[{"embeddable":true,"href":"https:\/\/www.europesays.com\/fr\/wp-json\/wp\/v2\/media\/273358"}],"wp:attachment":[{"href":"https:\/\/www.europesays.com\/fr\/wp-json\/wp\/v2\/media?parent=273357"}],"wp:term":[{"taxonomy":"category","embeddable":true,"href":"https:\/\/www.europesays.com\/fr\/wp-json\/wp\/v2\/categories?post=273357"},{"taxonomy":"post_tag","embeddable":true,"href":"https:\/\/www.europesays.com\/fr\/wp-json\/wp\/v2\/tags?post=273357"}],"curies":[{"name":"wp","href":"https:\/\/api.w.org\/{rel}","templated":true}]}}