{"id":273362,"date":"2025-07-25T18:10:12","date_gmt":"2025-07-25T18:10:12","guid":{"rendered":"https:\/\/www.europesays.com\/fr\/273362\/"},"modified":"2025-07-25T18:10:12","modified_gmt":"2025-07-25T18:10:12","slug":"on-sen-sort-mieux-qua-saint-etienne","status":"publish","type":"post","link":"https:\/\/www.europesays.com\/fr\/273362\/","title":{"rendered":"\u00ab\u00a0On s\u2019en sort mieux qu\u2019\u00e0 Saint-\u00c9tienne\u202f!\u00a0\u00bb"},"content":{"rendered":"<p>Apr\u00e8s avoir vu <a href=\"https:\/\/www.leprogres.fr\/economie\/2025\/07\/23\/des-soldes-decevants-pour-les-commercants-c-est-de-pire-en-pire-chaque-annee\" target=\"_blank\" rel=\"nofollow noopener\">l\u2019article de notre \u00e9dition du 24\u00a0juillet<\/a> sur le bilan des soldes \u00e0 Saint-\u00c9tienne, la plupart des commer\u00e7ants couramiauds ne cachaient pas leur surprise en apprenant qu\u2019ils \u00e9taient plus satisfaits de leurs chiffres d\u2019affaires que leurs confr\u00e8res st\u00e9phanois.<\/p>\n<p>Les r\u00e9actions n\u2019ont pas tra\u00een\u00e9\u00a0: \u00ab\u00a0On s\u2019en sort mieux\u00a0! Alors \u00e7a, c\u2019est fou\u00a0! C\u2019est triste, mais pas \u00e9tonnant, on sait que les centres commerciaux font mal au centre-ville. On est tous au courant de la paup\u00e9risation de la ville.\u00a0\u00bb<\/p>\n<p>Plus de promotions toute l\u2019ann\u00e9e pour la plupart des enseignes<\/p>\n<p>Jean-Camille Coffy, g\u00e9rant de Coffy\u2019s, boutique de pr\u00eat-\u00e0-porter,&#8230;<\/p>\n","protected":false},"excerpt":{"rendered":"Apr\u00e8s avoir vu l\u2019article de notre \u00e9dition du 24\u00a0juillet sur le bilan des soldes \u00e0 Saint-\u00c9tienne, la plupart&hellip;\n","protected":false},"author":2,"featured_media":273363,"comment_status":"","ping_status":"","sticky":false,"template":"","format":"standard","meta":{"footnotes":""},"categories":[9653],"tags":[1111,11,2430,4406,33,7539,1777,674,1011,27,12,25,9669,9670,4001],"class_list":{"0":"post-273362","1":"post","2":"type-post","3":"status-publish","4":"format-standard","5":"has-post-thumbnail","7":"category-saint-etienne","8":"tag-actu","9":"tag-actualites","10":"tag-auvergne-rhone-alpes","11":"tag-commerce-et-services","12":"tag-economie","13":"tag-edition-loire-sud","14":"tag-eu","15":"tag-europe","16":"tag-fr","17":"tag-france","18":"tag-news","19":"tag-republique-francaise","20":"tag-saint-chamond","21":"tag-saint-chamond-ville","22":"tag-saint-etienne"},"share_on_mastodon":{"url":"https:\/\/pubeurope.com\/@fr\/114915221620318429","error":""},"_links":{"self":[{"href":"https:\/\/www.europesays.com\/fr\/wp-json\/wp\/v2\/posts\/273362","targetHints":{"allow":["GET"]}}],"collection":[{"href":"https:\/\/www.europesays.com\/fr\/wp-json\/wp\/v2\/posts"}],"about":[{"href":"https:\/\/www.europesays.com\/fr\/wp-json\/wp\/v2\/types\/post"}],"author":[{"embeddable":true,"href":"https:\/\/www.europesays.com\/fr\/wp-json\/wp\/v2\/users\/2"}],"replies":[{"embeddable":true,"href":"https:\/\/www.europesays.com\/fr\/wp-json\/wp\/v2\/comments?post=273362"}],"version-history":[{"count":0,"href":"https:\/\/www.europesays.com\/fr\/wp-json\/wp\/v2\/posts\/273362\/revisions"}],"wp:featuredmedia":[{"embeddable":true,"href":"https:\/\/www.europesays.com\/fr\/wp-json\/wp\/v2\/media\/273363"}],"wp:attachment":[{"href":"https:\/\/www.europesays.com\/fr\/wp-json\/wp\/v2\/media?parent=273362"}],"wp:term":[{"taxonomy":"category","embeddable":true,"href":"https:\/\/www.europesays.com\/fr\/wp-json\/wp\/v2\/categories?post=273362"},{"taxonomy":"post_tag","embeddable":true,"href":"https:\/\/www.europesays.com\/fr\/wp-json\/wp\/v2\/tags?post=273362"}],"curies":[{"name":"wp","href":"https:\/\/api.w.org\/{rel}","templated":true}]}}