{"id":273373,"date":"2025-07-25T18:16:13","date_gmt":"2025-07-25T18:16:13","guid":{"rendered":"https:\/\/www.europesays.com\/fr\/273373\/"},"modified":"2025-07-25T18:16:13","modified_gmt":"2025-07-25T18:16:13","slug":"le-college-des-ecossais-preserve-grace-au-plui-c","status":"publish","type":"post","link":"https:\/\/www.europesays.com\/fr\/273373\/","title":{"rendered":"le Coll\u00e8ge des \u00c9cossais pr\u00e9serv\u00e9 gr\u00e2ce au PLUi-C"},"content":{"rendered":"<p>            Par<br \/>\n        <strong><br \/>\n            <a href=\"https:\/\/actu.fr\/auteur\/j-phan\" title=\"Consulter tous les articles de Jordan Phan\" target=\"_blank\" rel=\"noopener\">Jordan Phan<\/a><br \/>\n        <\/strong><\/p>\n<p>        Publi\u00e9 le<\/p>\n<p>            25 juil. 2025 \u00e0 19h33        <\/p>\n<p>Le <strong>Coll\u00e8ge des \u00c9cossais<\/strong>, \u00e0 <strong>Montpellier<\/strong> est pr\u00e9serv\u00e9 : ce <strong>jeudi 24 juillet 2025<\/strong>, une visite des lieux a eu lieu en pr\u00e9sence notamment de <strong>Micha\u00ebl Delafosse<\/strong>, maire de Montpellier, pr\u00e9sident de la M\u00e9tropole et <strong> Laurent Nison<\/strong>, adjoint au maire d\u00e9l\u00e9gu\u00e9 aux Grands travaux, \u00e0 l\u2019Embellissement de la ville et du cadre de vie. Elle a \u00e9t\u00e9 l\u2019occasion d\u2019\u00e9changer sur ce b\u00e2timent scolaire vieux d\u2019<strong>un si\u00e8cle<\/strong>, mais surtout de discuter du nouveau zonage, l\u2019<strong>UC 5-1<\/strong>, qui touche d\u00e9sormais le lieu, et qui permet de porter les espaces paysagers prot\u00e9g\u00e9s \u00e0 pr\u00e8s du double de la surface inscrite au pr\u00e9c\u00e9dent PLU. En somme, de pr\u00e9server encore plus le <strong>Coll\u00e8ge des \u00c9cossais<\/strong>.<\/p>\n<p>    <a href=\"https:\/\/www.google.com\/maps\/embed?pb=!1m18!1m12!1m3!1d2887.584416204845!2d3.855923476382259!3d43.636007953542375!2m3!1f0!2f0!3f0!3m2!1i1024!2i768!4f13.1!3m3!1m2!1s0x12b6aedb983215ed%3A0x5d3cf12b9dbd561f!2sColl%C3%A8ge%20des%20%C3%89cossais!5e0!3m2!1sfr!2sfr!4v1753443247702!5m2!1sfr!2sfr\" title=\"Ouvrie le lien\" target=\"_blank\" rel=\"noopener\">Cliquez ici pour visualiser le contenu<\/a><\/p>\n<p>PLUi-C ? UC 5-1 ?<\/p>\n<p class=\" wall-content\">Ce qui peut ressembler \u00e0 une cl\u00e9 de s\u00e9curit\u00e9 Wi-Fi n\u2019en en fait pas tr\u00e8s sorcier. Laissez-nous vous expliquer. Le <strong> Plan Local d\u2019Urbanisme Intercommunal<\/strong>\u00a0(PLUi-Climat) de la M\u00e9tropole de Montpellier est un document d\u2019urbanisme qui d\u00e9termine les\u00a0conditions <strong>d\u2019am\u00e9nagement<\/strong> et d\u2019<strong>utilisation des sols<\/strong>, \u00e0 l\u2019\u00e9chelle du territoire de la M\u00e9tropole. Il est un v\u00e9ritable outil pour orienter l\u2019am\u00e9nagement du territoire et mettre en coh\u00e9rence ses diff\u00e9rents enjeux (habitat, mobilit\u00e9, activit\u00e9s \u00e9conomiques, environnement\u2026).\u00a0<\/p>\n<p class=\" wall-content\">Le <strong>16 juillet 2025 <\/strong>alors que le PLUi-C a \u00e9t\u00e9 adopt\u00e9, il a class\u00e9 le Coll\u00e8ge des \u00c9cossais en zone UC 5-1, conform\u00e9ment aux engagements pris par Montpellier M\u00e9diterran\u00e9e M\u00e9tropole aupr\u00e8s de l\u2019<strong>Association des Amis de Patrick Geddes<\/strong> en <strong>juin 2024<\/strong>. Une zone UC est donc une zone urbaine dont les caract\u00e9ristiques diff\u00e8rent d\u2019un plan local d\u2019urbanisme \u00e0 un autre. L\u2019UC 5-1 correspond aux secteurs pr\u00e9sentant un caract\u00e8re architectural ou historique remarquable et\/ou un environnement paysager de qualit\u00e9, avec pour objectif de pr\u00e9server et mettre en valeur ce patrimoine exceptionnel.<\/p>\n<p>Le Coll\u00e8ge des \u00c9cossais\u2026ne porte pas de kilt<\/p>\n<p class=\" wall-content\">Situ\u00e9 dans le <strong>nord de la Ville de Montpellier<\/strong>, dans le <strong>quartier H\u00f4pitaux-Facult\u00e9s<\/strong>, ce site est une propri\u00e9t\u00e9 du <strong>Rectorat,\u00a0<\/strong>dont la superficie atteint environ <strong>3,5 ha<\/strong>. Au d\u00e9but du <strong>20e si\u00e8cle<\/strong>, ces lieux ont fait l\u2019objet de constructions et d\u2019am\u00e9nagements par l\u2019urbaniste <strong>Patrick Geddes<\/strong>. Consid\u00e9r\u00e9 comme l\u2019un des p\u00e8res fondateurs de l\u2019urbanisme contemporain, il est l\u2019un des pr\u00e9curseurs des politiques de d\u00e9veloppement durable. Reconnu dans toute la ville, il est inscrit \u00e0 l\u2019inventaire des <strong>B\u00e2timents de France<\/strong> depuis 2013.<\/p>\n<p>Vid\u00e9os : en ce moment sur Actu<br \/>\n    <img   decoding=\"async\" loading=\"lazy\" src=\"https:\/\/www.europesays.com\/fr\/wp-content\/uploads\/2025\/07\/vcsprasset-3165929-203157-3bfde48f-f4a2-43b1-aa7b-4b3810b1f071-0-960x640.jpeg\" alt=\"Le site est aujourd'hui occup\u00e9 par l\u2019Acad\u00e9mie de Montpellier, d\u00e9pendant du Minist\u00e8re de l\u2019\u00c9ducation Nationale\" width=\"960\" height=\"640\"\/><br \/>\n    Le site est aujourd\u2019hui occup\u00e9 par l\u2019Acad\u00e9mie de Montpellier, d\u00e9pendant du Minist\u00e8re de l\u2019\u00c9ducation Nationale (\u00a9Christophe Ruiz)Sir Patrick Geddes ou l&rsquo;urbanisme social<\/p>\n<p>Il na\u00eet \u00e0 Ballater, en \u00c9cosse, en 1854, et est un r\u00e9el touche-\u00e0-tout. \u00c0 la fois biologiste, sociologue, urbaniste et \u00e9ducateur, sa curiosit\u00e9 grandissante l&rsquo;am\u00e8ne \u00e0 rencontrer Charles Flahault avec qui il noue une amiti\u00e9 durable et qui lui fera d\u00e9couvrir Montpellier. Apr\u00e8s une exp\u00e9dition au Mexique en 1880, il se consacre pleinement \u00e0 l&rsquo;urbanisme et \u00e0 l&rsquo;activisme social. Admiratif de l&rsquo;universit\u00e9 de la ville de l&rsquo;H\u00e9rault, il cr\u00e9e le Coll\u00e8ge des \u00c9cossais au Plan des Quatre Seigneurs en 1924 dans le but de fonder une Cit\u00e9 Universitaire Internationale consacr\u00e9e \u00e0 la poursuite de sa philosophie de renouveau de la vie. Il la dirigera jusqu&rsquo;\u00e0 ce que son c\u0153ur ne batte plus, en 1932, 8 ans apr\u00e8s la naissance du Coll\u00e8ge des \u00c9cossais.<\/p>\n<blockquote class=\"ac-article-quote wall-content\">\n<p>\u00ab\u00a0Ce document strat\u00e9gique valorise les \u00e9l\u00e9ments patrimoniaux au fondement de nos identit\u00e9s locales, prot\u00e8ge le patrimoine re\u00e7u en h\u00e9ritage pour construire un projet m\u00e9tropolitain respectueux de son histoire et pr\u00e9serve les 2\/3 de notre territoire de l\u2019urbanisation.\u00a0\u00bb<\/p>\n<p>    <strong>Micha\u00ebl Delafosse<\/strong><br \/>\n         Maire de Montpellier et Pr\u00e9sident de Montpellier M\u00e9diterran\u00e9e M\u00e9tropole    <\/p><\/blockquote>\n<p>Le PLUi-C, protecteur du patrimoine<\/p>\n<p class=\" wall-content\">Lors d\u2019une rencontre en <strong>juin 2024<\/strong> entre <strong>Maryse Faye<\/strong>, alors adjointe au Maire de Montpellier, d\u00e9l\u00e9gu\u00e9e \u00e0 l\u2019Urbanisme durable et \u00e0 la Ma\u00eetrise fonci\u00e8re, et <strong>MM. Andrieu et Quertier<\/strong> de l\u2019Association des Amis de Patrick Geddes, la question de l\u2019\u00e9volution du site dans le cadre du PLUi-C avait \u00e9t\u00e9 trait\u00e9e. Deux mois plus tard, le <strong>1er ao\u00fbt 2024<\/strong>, un courrier de l\u2019Association \u00e0 Montpellier M\u00e9diterran\u00e9e M\u00e9tropole a confirm\u00e9 l\u2019\u00e9cartement de nouvelles constructions sur ce terrain dans le cadre du PLUi-C. Une bonne nouvelle donc, que se f\u00e9licite Micha\u00ebl Delafosse, ce jeudi 24 juillet, en visite de presse : \u00ab\u00a0Ce document strat\u00e9gique valorise les <strong>\u00e9l\u00e9ments patrimoniaux<\/strong> au fondement de nos identit\u00e9s locales, <strong>prot\u00e8ge le patrimoine<\/strong> re\u00e7u en h\u00e9ritage pour construire un projet m\u00e9tropolitain respectueux de son histoire et pr\u00e9serve les <strong>2\/3<\/strong> de notre territoire de l\u2019<strong>urbanisation<\/strong>.\u00a0\u00bb, sourit le Maire de Montpellier et Pr\u00e9sident de Montpellier M\u00e9diterran\u00e9e M\u00e9tropole.<\/p>\n<p class=\" wall-content\">Suivez toute l\u2019actualit\u00e9 de vos villes et m\u00e9dias favoris en vous inscrivant \u00e0 <a href=\"https:\/\/moncompte.actu.fr\" title=\"D\u00e9couvez Mon Actu\" rel=\"nofollow noopener\" data-trk=\"{&quot;cta&quot;:{&quot;action&quot;:&quot;https:\\\/\\\/moncompte.actu.fr&quot;,&quot;category&quot;:&quot;mon compte&quot;,&quot;from&quot;:&quot;article footer&quot;,&quot;name&quot;:&quot;Mon actu&quot;,&quot;type&quot;:&quot;cta&quot;}}\" target=\"_blank\">Mon Actu<\/a>.<\/p>\n","protected":false},"excerpt":{"rendered":"Par Jordan Phan Publi\u00e9 le 25 juil. 2025 \u00e0 19h33 Le Coll\u00e8ge des \u00c9cossais, \u00e0 Montpellier est pr\u00e9serv\u00e9&hellip;\n","protected":false},"author":2,"featured_media":273374,"comment_status":"","ping_status":"","sticky":false,"template":"","format":"standard","meta":{"footnotes":""},"categories":[9599],"tags":[1111,11,1129,1777,674,1011,27,2208,12,2680,25,104],"class_list":{"0":"post-273373","1":"post","2":"type-post","3":"status-publish","4":"format-standard","5":"has-post-thumbnail","7":"category-montpellier","8":"tag-actu","9":"tag-actualites","10":"tag-climat","11":"tag-eu","12":"tag-europe","13":"tag-fr","14":"tag-france","15":"tag-montpellier","16":"tag-news","17":"tag-occitanie","18":"tag-republique-francaise","19":"tag-societe"},"share_on_mastodon":{"url":"https:\/\/pubeurope.com\/@fr\/114915245338207103","error":""},"_links":{"self":[{"href":"https:\/\/www.europesays.com\/fr\/wp-json\/wp\/v2\/posts\/273373","targetHints":{"allow":["GET"]}}],"collection":[{"href":"https:\/\/www.europesays.com\/fr\/wp-json\/wp\/v2\/posts"}],"about":[{"href":"https:\/\/www.europesays.com\/fr\/wp-json\/wp\/v2\/types\/post"}],"author":[{"embeddable":true,"href":"https:\/\/www.europesays.com\/fr\/wp-json\/wp\/v2\/users\/2"}],"replies":[{"embeddable":true,"href":"https:\/\/www.europesays.com\/fr\/wp-json\/wp\/v2\/comments?post=273373"}],"version-history":[{"count":0,"href":"https:\/\/www.europesays.com\/fr\/wp-json\/wp\/v2\/posts\/273373\/revisions"}],"wp:featuredmedia":[{"embeddable":true,"href":"https:\/\/www.europesays.com\/fr\/wp-json\/wp\/v2\/media\/273374"}],"wp:attachment":[{"href":"https:\/\/www.europesays.com\/fr\/wp-json\/wp\/v2\/media?parent=273373"}],"wp:term":[{"taxonomy":"category","embeddable":true,"href":"https:\/\/www.europesays.com\/fr\/wp-json\/wp\/v2\/categories?post=273373"},{"taxonomy":"post_tag","embeddable":true,"href":"https:\/\/www.europesays.com\/fr\/wp-json\/wp\/v2\/tags?post=273373"}],"curies":[{"name":"wp","href":"https:\/\/api.w.org\/{rel}","templated":true}]}}