{"id":273377,"date":"2025-07-25T18:18:13","date_gmt":"2025-07-25T18:18:13","guid":{"rendered":"https:\/\/www.europesays.com\/fr\/273377\/"},"modified":"2025-07-25T18:18:13","modified_gmt":"2025-07-25T18:18:13","slug":"kayak-paddle-voile-a-rouen-des-activites-pour-profiter-du-nouveau-canal-de-la-seine-pendant-lete","status":"publish","type":"post","link":"https:\/\/www.europesays.com\/fr\/273377\/","title":{"rendered":"Kayak, paddle, voile&#8230; \u00c0 Rouen, des activit\u00e9s pour profiter du nouveau canal de la Seine pendant l&rsquo;\u00e9t\u00e9"},"content":{"rendered":"<p>            Par<br \/>\n        <strong><br \/>\n            <a href=\"https:\/\/actu.fr\/auteur\/adrien-filoche\" title=\"Consulter tous les articles de Adrien Filoche\" target=\"_blank\" rel=\"noopener\">Adrien Filoche<\/a><br \/>\n        <\/strong><\/p>\n<p>        Publi\u00e9 le<\/p>\n<p>            25 juil. 2025 \u00e0 19h12        <\/p>\n<p><strong>Pour s\u2019occuper le long de l\u2019\u00e9t\u00e9.\u00a0<\/strong>En plus des animations propos\u00e9es par <a href=\"https:\/\/actu.fr\/normandie\/rouen_76540\/le-retour-de-rouen-sur-mer-un-mois-d-animations-certaines-insolites-sur-une-plage-de-sable_62852391.html\" target=\"_blank\" rel=\"noopener\">Rouen sur Mer,<\/a> des activit\u00e9s sont organis\u00e9es du 20 juillet au 24 ao\u00fbt 2025 \u00e0 <a href=\"https:\/\/actu.fr\/normandie\/rouen_76540\" target=\"_blank\" rel=\"noopener\">Rouen (Seine-Maritime)<\/a> au <strong>parc canal Camille-Claudel<\/strong>. Ce nouvel espace, <a href=\"https:\/\/actu.fr\/normandie\/rouen_76540\/l-image-on-a-assiste-a-la-mise-a-l-eau-du-futur-canal-du-quartier-flaubert-de-rouen_60885493.html\" target=\"_blank\" rel=\"noopener\">mis en eau fin 2024<\/a> et am\u00e9nag\u00e9 au pied du b\u00e2timent de la m\u00e9tropole sur la rive gauche, accueille des loisirs en tout genre.\u00a0<\/p>\n<p>Paddle, voile, kayac, etc.<\/p>\n<p class=\" wall-content\">Le rendez-vous est donn\u00e9 <strong>tous les dimanches<\/strong>, entre 14h et 19h, pour des initiations \u00e0 la <strong>voile<\/strong>, au <strong>paddle<\/strong>, au <strong>kayak<\/strong>, \u00e0 <strong>l\u2019escalade<\/strong>, ainsi que des<strong> jeux de plein air<\/strong>, \u00ab\u00a0le tout gratuit et encadr\u00e9 par des \u00e9ducateurs sportifs qualifi\u00e9s\u00a0\u00bb, pr\u00e9cise la M\u00e9tropole de Rouen par voie de communiqu\u00e9.<\/p>\n<p class=\" wall-content\">\u00ab C\u2019est l\u2019\u00e9t\u00e9 ! \u00c0 deux pas de Rouen-sur-mer, le nouveau canal Camille-Claudel prend vie cet \u00e9t\u00e9 avec de nombreuses animations. [\u2026] L\u2019occasion pour les habitants de se rafra\u00eechir et passer de bons moments en famille \u00bb, a pr\u00e9sent\u00e9 le maire de Rouen <strong>Nicolas Mayer-Rossignol.<\/strong><\/p>\n<p class=\" wall-content\">\n<p><strong>Infos pratiques<\/strong><br \/>Tous les dimanches, du 20 juillet au 24 ao\u00fbt, de 14h \u00e0 19h<br \/>Pr\u00e9sence des clubs :<br \/>20 juillet : YCR76<br \/>27 juillet : Pagaies en Seine<br \/>3 ao\u00fbt : YCR76<br \/>10 ao\u00fbt : Pagaies en Seine<br \/>17 ao\u00fbt : YCR76<br \/>24 ao\u00fbt : Pagaies en Seine<\/p>\n<p>Suivez l\u2019actualit\u00e9 de Rouen <a href=\"https:\/\/www.whatsapp.com\/channel\/0029VaKfnf99hXF2ddApFB1D\" target=\"_blank\" rel=\"noopener\">sur notre cha\u00eene WhatsApp<\/a> et <a href=\"https:\/\/www.tiktok.com\/@76actu.fr?lang=fr\" target=\"_blank\" rel=\"noopener\">sur notre compte TikTok<\/a><\/p>\n<p class=\" wall-content\">Suivez toute l\u2019actualit\u00e9 de vos villes et m\u00e9dias favoris en vous inscrivant \u00e0 <a href=\"https:\/\/moncompte.actu.fr\" title=\"D\u00e9couvez Mon Actu\" rel=\"nofollow noopener\" data-trk=\"{&quot;cta&quot;:{&quot;action&quot;:&quot;https:\\\/\\\/moncompte.actu.fr&quot;,&quot;category&quot;:&quot;mon compte&quot;,&quot;from&quot;:&quot;article footer&quot;,&quot;name&quot;:&quot;Mon actu&quot;,&quot;type&quot;:&quot;cta&quot;}}\" target=\"_blank\">Mon Actu<\/a>.<\/p>\n<ul class=\"ac-article-tag wall-content\">\n<li><a href=\"https:\/\/actu.fr\/tag\/bon-plan-a-rouen\" data-trk=\"{&quot;cta&quot;:{&quot;action&quot;:&quot;Bon plan \\u00e0 Rouen&quot;,&quot;category&quot;:&quot;tag&quot;,&quot;from&quot;:&quot;article footer&quot;,&quot;name&quot;:&quot;Bon plan \\u00e0 Rouen&quot;,&quot;type&quot;:&quot;cta&quot;}}\" target=\"_blank\" rel=\"noopener\">#Bon plan \u00e0 Rouen<\/a><\/li>\n<li><a href=\"https:\/\/actu.fr\/tag\/la-seine\" data-trk=\"{&quot;cta&quot;:{&quot;action&quot;:&quot;La Seine&quot;,&quot;category&quot;:&quot;tag&quot;,&quot;from&quot;:&quot;article footer&quot;,&quot;name&quot;:&quot;La Seine&quot;,&quot;type&quot;:&quot;cta&quot;}}\" target=\"_blank\" rel=\"noopener\">#La Seine<\/a><\/li>\n<\/ul>\n<p>                    <script async src=\"\/\/www.tiktok.com\/embed.js\"><\/script><\/p>\n","protected":false},"excerpt":{"rendered":"Par Adrien Filoche Publi\u00e9 le 25 juil. 2025 \u00e0 19h12 Pour s\u2019occuper le long de l\u2019\u00e9t\u00e9.\u00a0En plus des&hellip;\n","protected":false},"author":2,"featured_media":95982,"comment_status":"","ping_status":"","sticky":false,"template":"","format":"standard","meta":{"footnotes":""},"categories":[9587],"tags":[1111,11,9086,1777,674,1011,27,5353,1652,12,5161,25,9590],"class_list":{"0":"post-273377","1":"post","2":"type-post","3":"status-publish","4":"format-standard","5":"has-post-thumbnail","7":"category-rouen","8":"tag-actu","9":"tag-actualites","10":"tag-bon-plan-a-rouen","11":"tag-eu","12":"tag-europe","13":"tag-fr","14":"tag-france","15":"tag-la-seine","16":"tag-loisirs-culture","17":"tag-news","18":"tag-normandie","19":"tag-republique-francaise","20":"tag-rouen"},"share_on_mastodon":{"url":"https:\/\/pubeurope.com\/@fr\/114915253192303797","error":""},"_links":{"self":[{"href":"https:\/\/www.europesays.com\/fr\/wp-json\/wp\/v2\/posts\/273377","targetHints":{"allow":["GET"]}}],"collection":[{"href":"https:\/\/www.europesays.com\/fr\/wp-json\/wp\/v2\/posts"}],"about":[{"href":"https:\/\/www.europesays.com\/fr\/wp-json\/wp\/v2\/types\/post"}],"author":[{"embeddable":true,"href":"https:\/\/www.europesays.com\/fr\/wp-json\/wp\/v2\/users\/2"}],"replies":[{"embeddable":true,"href":"https:\/\/www.europesays.com\/fr\/wp-json\/wp\/v2\/comments?post=273377"}],"version-history":[{"count":0,"href":"https:\/\/www.europesays.com\/fr\/wp-json\/wp\/v2\/posts\/273377\/revisions"}],"wp:featuredmedia":[{"embeddable":true,"href":"https:\/\/www.europesays.com\/fr\/wp-json\/wp\/v2\/media\/95982"}],"wp:attachment":[{"href":"https:\/\/www.europesays.com\/fr\/wp-json\/wp\/v2\/media?parent=273377"}],"wp:term":[{"taxonomy":"category","embeddable":true,"href":"https:\/\/www.europesays.com\/fr\/wp-json\/wp\/v2\/categories?post=273377"},{"taxonomy":"post_tag","embeddable":true,"href":"https:\/\/www.europesays.com\/fr\/wp-json\/wp\/v2\/tags?post=273377"}],"curies":[{"name":"wp","href":"https:\/\/api.w.org\/{rel}","templated":true}]}}