{"id":273380,"date":"2025-07-25T18:20:11","date_gmt":"2025-07-25T18:20:11","guid":{"rendered":"https:\/\/www.europesays.com\/fr\/273380\/"},"modified":"2025-07-25T18:20:11","modified_gmt":"2025-07-25T18:20:11","slug":"une-semaine-apres-la-claque-face-a-troyes-premiere-victoire-en-amical-pour-le-gf38","status":"publish","type":"post","link":"https:\/\/www.europesays.com\/fr\/273380\/","title":{"rendered":"une semaine apr\u00e8s la claque face \u00e0 Troyes, premi\u00e8re victoire en amical pour le GF38"},"content":{"rendered":"<p class=\"insetTitle\">La fiche technique<\/p>\n<p>Au Chambon-sur-Lignon (stade du Lignon), Grenoble bat Troyes 1-0 (1-0). But pour Grenoble\u00a0: Valls (44e). .<\/p>\n<p>Grenoble (1ere p\u00e9riode)\u00a0: Diop \u2013 Zahui, Paquiez (Sarikaya, 30e), Mouyokolo, Mambo, Xantippe \u2013 Mouazan, Valls, Benet \u2013 Diaby, Elph\u00e8ge.<\/p>\n<p>Grenoble (2e p\u00e9riode)\u00a0: Allain \u2013 N\u2019Gatta, Chariag, Tchaptchet, Sarikaya, Mion \u2013 Yameogo, Lele Diba, Sylvestre \u2013 Bangr\u00e9, K\u00e9rou\u00e9dan.<\/p>\n","protected":false},"excerpt":{"rendered":"La fiche technique Au Chambon-sur-Lignon (stade du Lignon), Grenoble bat Troyes 1-0 (1-0). But pour Grenoble\u00a0: Valls (44e).&hellip;\n","protected":false},"author":2,"featured_media":273381,"comment_status":"","ping_status":"","sticky":false,"template":"","format":"standard","meta":{"footnotes":""},"categories":[9566],"tags":[1111,11,2430,112,114,1777,674,1701,63,1011,27,12637,2731,2732,12636,1985,12,25,517],"class_list":{"0":"post-273380","1":"post","2":"type-post","3":"status-publish","4":"format-standard","5":"has-post-thumbnail","7":"category-grenoble","8":"tag-actu","9":"tag-actualites","10":"tag-auvergne-rhone-alpes","11":"tag-edition-grenoble-agglomeration","12":"tag-edition-voiron-saint-marcellin","13":"tag-eu","14":"tag-europe","15":"tag-fil-info-sport","16":"tag-football","17":"tag-fr","18":"tag-france","19":"tag-gf38-grenoble-foot-38","20":"tag-grenoble","21":"tag-grenoble-bassin","22":"tag-ligue-2-football","23":"tag-metropole-de-grenoble","24":"tag-news","25":"tag-republique-francaise","26":"tag-sport"},"share_on_mastodon":{"url":"https:\/\/pubeurope.com\/@fr\/114915260716030948","error":""},"_links":{"self":[{"href":"https:\/\/www.europesays.com\/fr\/wp-json\/wp\/v2\/posts\/273380","targetHints":{"allow":["GET"]}}],"collection":[{"href":"https:\/\/www.europesays.com\/fr\/wp-json\/wp\/v2\/posts"}],"about":[{"href":"https:\/\/www.europesays.com\/fr\/wp-json\/wp\/v2\/types\/post"}],"author":[{"embeddable":true,"href":"https:\/\/www.europesays.com\/fr\/wp-json\/wp\/v2\/users\/2"}],"replies":[{"embeddable":true,"href":"https:\/\/www.europesays.com\/fr\/wp-json\/wp\/v2\/comments?post=273380"}],"version-history":[{"count":0,"href":"https:\/\/www.europesays.com\/fr\/wp-json\/wp\/v2\/posts\/273380\/revisions"}],"wp:featuredmedia":[{"embeddable":true,"href":"https:\/\/www.europesays.com\/fr\/wp-json\/wp\/v2\/media\/273381"}],"wp:attachment":[{"href":"https:\/\/www.europesays.com\/fr\/wp-json\/wp\/v2\/media?parent=273380"}],"wp:term":[{"taxonomy":"category","embeddable":true,"href":"https:\/\/www.europesays.com\/fr\/wp-json\/wp\/v2\/categories?post=273380"},{"taxonomy":"post_tag","embeddable":true,"href":"https:\/\/www.europesays.com\/fr\/wp-json\/wp\/v2\/tags?post=273380"}],"curies":[{"name":"wp","href":"https:\/\/api.w.org\/{rel}","templated":true}]}}